{"id":73,"date":"2013-10-15T11:50:03","date_gmt":"2013-10-15T10:50:03","guid":{"rendered":"http:\/\/patchworkinspirations.fr\/?p=73"},"modified":"2014-02-19T10:11:36","modified_gmt":"2014-02-19T09:11:36","slug":"di-ford-hall","status":"publish","type":"post","link":"https:\/\/patchworkinspirations.fr\/?p=73","title":{"rendered":"Di Ford-Hall !"},"content":{"rendered":"<div class=\"fcbkbttn_buttons_block\" id=\"fcbkbttn_left\"><div class=\"fcbkbttn_button\">\n\t\t\t\t\t<a href=\"https:\/\/www.facebook.com\/http:\/\/facebook.com\/patchworkinspirations\" target=\"_blank\">\n\t\t\t\t\t\t<img decoding=\"async\" src=\"https:\/\/patchworkinspirations.fr\/wp-content\/plugins\/facebook-button-plugin\/images\/standard-facebook-ico.png\" alt=\"Fb-Button\" \/>\n\t\t\t\t\t<\/a>\n\t\t\t\t<\/div><div class=\"fcbkbttn_like \"><fb:like href=\"https:\/\/patchworkinspirations.fr\/?p=73\" action=\"like\" colorscheme=\"light\" layout=\"button_count\"  size=\"small\"><\/fb:like><\/div><div class=\"fb-share-button  \" data-href=\"https:\/\/patchworkinspirations.fr\/?p=73\" data-type=\"button_count\" data-size=\"small\"><\/div><\/div><p>Bonjour !<\/p>\n<p>Connaissez-vous Di Ford ? Pour ma part, j&rsquo;ai fait virtuellement sa connaissance au salon de Nantes gr\u00e2ce \u00e0 une amie qui m&rsquo;a gentiment achet\u00e9 son livre \u00ab\u00a0Primarily Quilts\u00a0\u00bb.<\/p>\n<p><a href=\"http:\/\/patchworkinspirations.fr\/wp-content\/uploads\/2013\/10\/P1060006.jpg\"><img loading=\"lazy\" decoding=\"async\" src=\"http:\/\/patchworkinspirations.fr\/wp-content\/uploads\/2013\/10\/P1060006-225x300.jpg\" alt=\"P1060006\" width=\"225\" height=\"300\" class=\"alignnone size-medium wp-image-136\" srcset=\"https:\/\/patchworkinspirations.fr\/wp-content\/uploads\/2013\/10\/P1060006-225x300.jpg 225w, https:\/\/patchworkinspirations.fr\/wp-content\/uploads\/2013\/10\/P1060006-768x1024.jpg 768w, https:\/\/patchworkinspirations.fr\/wp-content\/uploads\/2013\/10\/P1060006.jpg 900w\" sizes=\"auto, (max-width: 225px) 100vw, 225px\" \/><\/a><br \/>\n&#8230;&#8230;et je suis tomb\u00e9e dedans ! <\/p>\n<p>J&rsquo;ai d\u00e9cid\u00e9 de me lancer dans la r\u00e9alisation de \u00ab\u00a0Miss Porter\u00a0\u00bb dont les couleurs me correspondent et surtout, parce-qu&rsquo;on ne voit pas tr\u00e8s souvent ce quilt sur les blogs.<br \/>\nEt pour l&rsquo;instant, \u00e7a donne ceci<\/p>\n<p> :<a href=\"http:\/\/patchworkinspirations.fr\/wp-content\/uploads\/2013\/10\/P1050991.jpg\"><img loading=\"lazy\" decoding=\"async\" src=\"http:\/\/patchworkinspirations.fr\/wp-content\/uploads\/2013\/10\/P1050991-300x225.jpg\" alt=\"P1050991\" width=\"300\" height=\"225\" class=\"alignnone size-medium wp-image-81\" \/><\/a><\/p>\n<p>et cela de plus pr\u00e8s!<\/p>\n<p><a href=\"http:\/\/patchworkinspirations.fr\/wp-content\/uploads\/2013\/10\/P1050993.jpg\"><img loading=\"lazy\" decoding=\"async\" src=\"http:\/\/patchworkinspirations.fr\/wp-content\/uploads\/2013\/10\/P1050993-300x225.jpg\" alt=\"P1050993\" width=\"300\" height=\"225\" class=\"alignnone size-medium wp-image-82\" \/><\/a><\/p>\n<p>J&rsquo;ai utilis\u00e9 du thermocollant pour fixer les d\u00e9licates fleurs apr\u00e8s les avoir d\u00e9coup\u00e9es millim\u00e8tre par millim\u00e8tre&#8230;et je les ai consolid\u00e9es avec quelques points de couture tout autour.<\/p>\n<p>Merci pour vos visites et \u00e0 bient\u00f4t !<br \/>\nHappy Quilting !<br \/>\nC\u00e9cile<\/p>\n","protected":false},"excerpt":{"rendered":"<p>Bonjour ! Connaissez-vous Di Ford ? Pour ma part, j&rsquo;ai fait virtuellement sa connaissance au salon de Nantes gr\u00e2ce \u00e0 une amie qui m&rsquo;a gentiment achet\u00e9 son livre \u00ab\u00a0Primarily Quilts\u00a0\u00bb. &#8230;&#8230;et je suis tomb\u00e9e dedans ! J&rsquo;ai d\u00e9cid\u00e9 de me &hellip; <a href=\"https:\/\/patchworkinspirations.fr\/?p=73\">Continuer la lecture <span class=\"meta-nav\">&rarr;<\/span><\/a><\/p>\n","protected":false},"author":1,"featured_media":0,"comment_status":"open","ping_status":"open","sticky":false,"template":"","format":"standard","meta":{"footnotes":""},"categories":[1],"tags":[],"class_list":["post-73","post","type-post","status-publish","format-standard","hentry","category-non-classe"],"_links":{"self":[{"href":"https:\/\/patchworkinspirations.fr\/index.php?rest_route=\/wp\/v2\/posts\/73","targetHints":{"allow":["GET"]}}],"collection":[{"href":"https:\/\/patchworkinspirations.fr\/index.php?rest_route=\/wp\/v2\/posts"}],"about":[{"href":"https:\/\/patchworkinspirations.fr\/index.php?rest_route=\/wp\/v2\/types\/post"}],"author":[{"embeddable":true,"href":"https:\/\/patchworkinspirations.fr\/index.php?rest_route=\/wp\/v2\/users\/1"}],"replies":[{"embeddable":true,"href":"https:\/\/patchworkinspirations.fr\/index.php?rest_route=%2Fwp%2Fv2%2Fcomments&post=73"}],"version-history":[{"count":10,"href":"https:\/\/patchworkinspirations.fr\/index.php?rest_route=\/wp\/v2\/posts\/73\/revisions"}],"predecessor-version":[{"id":374,"href":"https:\/\/patchworkinspirations.fr\/index.php?rest_route=\/wp\/v2\/posts\/73\/revisions\/374"}],"wp:attachment":[{"href":"https:\/\/patchworkinspirations.fr\/index.php?rest_route=%2Fwp%2Fv2%2Fmedia&parent=73"}],"wp:term":[{"taxonomy":"category","embeddable":true,"href":"https:\/\/patchworkinspirations.fr\/index.php?rest_route=%2Fwp%2Fv2%2Fcategories&post=73"},{"taxonomy":"post_tag","embeddable":true,"href":"https:\/\/patchworkinspirations.fr\/index.php?rest_route=%2Fwp%2Fv2%2Ftags&post=73"}],"curies":[{"name":"wp","href":"https:\/\/api.w.org\/{rel}","templated":true}]}}