{"id":7290,"date":"2025-03-19T13:52:15","date_gmt":"2025-03-19T12:52:15","guid":{"rendered":"https:\/\/patchworkinspirations.fr\/?p=7290"},"modified":"2025-03-19T13:52:15","modified_gmt":"2025-03-19T12:52:15","slug":"salon-pour-lamour-du-fil-2","status":"publish","type":"post","link":"https:\/\/patchworkinspirations.fr\/?p=7290","title":{"rendered":"Salon Pour l&rsquo;Amour du Fil"},"content":{"rendered":"<div class=\"fcbkbttn_buttons_block\" id=\"fcbkbttn_left\"><div class=\"fcbkbttn_button\">\n\t\t\t\t\t<a href=\"https:\/\/www.facebook.com\/http:\/\/facebook.com\/patchworkinspirations\" target=\"_blank\">\n\t\t\t\t\t\t<img decoding=\"async\" src=\"https:\/\/patchworkinspirations.fr\/wp-content\/plugins\/facebook-button-plugin\/images\/standard-facebook-ico.png\" alt=\"Fb-Button\" \/>\n\t\t\t\t\t<\/a>\n\t\t\t\t<\/div><div class=\"fcbkbttn_like \"><fb:like href=\"https:\/\/patchworkinspirations.fr\/?p=7290\" action=\"like\" colorscheme=\"light\" layout=\"button_count\"  size=\"small\"><\/fb:like><\/div><div class=\"fb-share-button  \" data-href=\"https:\/\/patchworkinspirations.fr\/?p=7290\" data-type=\"button_count\" data-size=\"small\"><\/div><\/div>\n<p>Bonjour,<\/p>\n\n\n\n<p>Nous sommes \u00e0 trois semaines du coup d&rsquo;envoi de l&rsquo;\u00e9dition 2025.<\/p>\n\n\n\n<figure class=\"wp-block-image size-large\"><a href=\"https:\/\/patchworkinspirations.fr\/wp-content\/uploads\/2025\/03\/459787310_122161735844064689_2692264758165335175_n.jpg\"><img loading=\"lazy\" decoding=\"async\" width=\"724\" height=\"1024\" src=\"https:\/\/patchworkinspirations.fr\/wp-content\/uploads\/2025\/03\/459787310_122161735844064689_2692264758165335175_n-724x1024.jpg\" alt=\"\" class=\"wp-image-7291\" srcset=\"https:\/\/patchworkinspirations.fr\/wp-content\/uploads\/2025\/03\/459787310_122161735844064689_2692264758165335175_n-724x1024.jpg 724w, https:\/\/patchworkinspirations.fr\/wp-content\/uploads\/2025\/03\/459787310_122161735844064689_2692264758165335175_n-212x300.jpg 212w, https:\/\/patchworkinspirations.fr\/wp-content\/uploads\/2025\/03\/459787310_122161735844064689_2692264758165335175_n-768x1086.jpg 768w, https:\/\/patchworkinspirations.fr\/wp-content\/uploads\/2025\/03\/459787310_122161735844064689_2692264758165335175_n-1086x1536.jpg 1086w, https:\/\/patchworkinspirations.fr\/wp-content\/uploads\/2025\/03\/459787310_122161735844064689_2692264758165335175_n.jpg 1169w\" sizes=\"auto, (max-width: 724px) 100vw, 724px\" \/><\/a><\/figure>\n\n\n\n<p>Les fleurs, th\u00e8me si inspirant pour les quilteuses du monde entier, seront \u00e0 l&rsquo;honneur cette ann\u00e9e !<\/p>\n\n\n\n<p>Vous pouvez aller sur le site du salon pour tous renseignements utiles : <a href=\"https:\/\/pourlamourdufil.com\/\">https:\/\/pourlamourdufil.com\/<\/a><\/p>\n\n\n\n<p>Il y aura de merveilleuses expositions, comme toujours, Carol est tr\u00e8s sensible \u00e0 \u00e7a, et cette ann\u00e9e, le Quilt Myst\u00e8re 2024 de Quiltmania, le sampler Victoria, sera mis \u00e0 l&rsquo;honneur avec une quinzaine de quilts termin\u00e9s ! Bravo mesdames !<\/p>\n\n\n\n<p>A ce propos, Ren\u00e9e Ferr\u00e9 a r\u00e9alis\u00e9 un patron complet de ce merveilleux quilt et le mettra en vente sur le salon. C&rsquo;est une excellente approche pour d\u00e9couvrir certaines techniques dans le patchwork. N&rsquo;h\u00e9sitez pas \u00e0 la contacter ou \u00e0 me contacter (je ferai suivre) si vous \u00eates int\u00e9ress\u00e9 !<\/p>\n\n\n\n<figure class=\"wp-block-image size-full\"><a href=\"https:\/\/patchworkinspirations.fr\/wp-content\/uploads\/2025\/03\/485019915_3986194898289412_8019274422938326651_n.jpg\"><img loading=\"lazy\" decoding=\"async\" width=\"960\" height=\"720\" src=\"https:\/\/patchworkinspirations.fr\/wp-content\/uploads\/2025\/03\/485019915_3986194898289412_8019274422938326651_n.jpg\" alt=\"\" class=\"wp-image-7292\" srcset=\"https:\/\/patchworkinspirations.fr\/wp-content\/uploads\/2025\/03\/485019915_3986194898289412_8019274422938326651_n.jpg 960w, https:\/\/patchworkinspirations.fr\/wp-content\/uploads\/2025\/03\/485019915_3986194898289412_8019274422938326651_n-300x225.jpg 300w, https:\/\/patchworkinspirations.fr\/wp-content\/uploads\/2025\/03\/485019915_3986194898289412_8019274422938326651_n-768x576.jpg 768w, https:\/\/patchworkinspirations.fr\/wp-content\/uploads\/2025\/03\/485019915_3986194898289412_8019274422938326651_n-400x300.jpg 400w\" sizes=\"auto, (max-width: 960px) 100vw, 960px\" \/><\/a><\/figure>\n\n\n\n<p>Je serai comme toujours pr\u00e9sente les 4 jours du salon sur le Coin des Blogueuses ! <\/p>\n\n\n\n<p>Ou dans les all\u00e9es, et certainement sur l&rsquo;exposition des Quilts Myst\u00e8res&#8230;.<\/p>\n\n\n\n<p>C&rsquo;est toujours un vrai plaisir que de vous y rencontrer !<\/p>\n\n\n\n<figure class=\"wp-block-image size-large\"><a href=\"https:\/\/patchworkinspirations.fr\/wp-content\/uploads\/2025\/03\/20240417_091028-scaled.jpg\"><img loading=\"lazy\" decoding=\"async\" width=\"1024\" height=\"576\" src=\"https:\/\/patchworkinspirations.fr\/wp-content\/uploads\/2025\/03\/20240417_091028-1024x576.jpg\" alt=\"\" class=\"wp-image-7293\" srcset=\"https:\/\/patchworkinspirations.fr\/wp-content\/uploads\/2025\/03\/20240417_091028-1024x576.jpg 1024w, https:\/\/patchworkinspirations.fr\/wp-content\/uploads\/2025\/03\/20240417_091028-300x169.jpg 300w, https:\/\/patchworkinspirations.fr\/wp-content\/uploads\/2025\/03\/20240417_091028-768x432.jpg 768w, https:\/\/patchworkinspirations.fr\/wp-content\/uploads\/2025\/03\/20240417_091028-1536x864.jpg 1536w, https:\/\/patchworkinspirations.fr\/wp-content\/uploads\/2025\/03\/20240417_091028-2048x1153.jpg 2048w, https:\/\/patchworkinspirations.fr\/wp-content\/uploads\/2025\/03\/20240417_091028-500x281.jpg 500w\" sizes=\"auto, (max-width: 1024px) 100vw, 1024px\" \/><\/a><\/figure>\n\n\n\n<figure class=\"wp-block-image size-large\"><a href=\"https:\/\/patchworkinspirations.fr\/wp-content\/uploads\/2025\/03\/20240417_114848-scaled.jpg\"><img loading=\"lazy\" decoding=\"async\" width=\"1024\" height=\"576\" src=\"https:\/\/patchworkinspirations.fr\/wp-content\/uploads\/2025\/03\/20240417_114848-1024x576.jpg\" alt=\"\" class=\"wp-image-7294\" srcset=\"https:\/\/patchworkinspirations.fr\/wp-content\/uploads\/2025\/03\/20240417_114848-1024x576.jpg 1024w, https:\/\/patchworkinspirations.fr\/wp-content\/uploads\/2025\/03\/20240417_114848-300x169.jpg 300w, https:\/\/patchworkinspirations.fr\/wp-content\/uploads\/2025\/03\/20240417_114848-768x432.jpg 768w, https:\/\/patchworkinspirations.fr\/wp-content\/uploads\/2025\/03\/20240417_114848-1536x864.jpg 1536w, https:\/\/patchworkinspirations.fr\/wp-content\/uploads\/2025\/03\/20240417_114848-2048x1153.jpg 2048w, https:\/\/patchworkinspirations.fr\/wp-content\/uploads\/2025\/03\/20240417_114848-500x281.jpg 500w\" sizes=\"auto, (max-width: 1024px) 100vw, 1024px\" \/><\/a><\/figure>\n\n\n\n<figure class=\"wp-block-image size-large\"><a href=\"https:\/\/patchworkinspirations.fr\/wp-content\/uploads\/2025\/03\/20240418_105154-scaled.jpg\"><img loading=\"lazy\" decoding=\"async\" width=\"1024\" height=\"576\" src=\"https:\/\/patchworkinspirations.fr\/wp-content\/uploads\/2025\/03\/20240418_105154-1024x576.jpg\" alt=\"\" class=\"wp-image-7295\" srcset=\"https:\/\/patchworkinspirations.fr\/wp-content\/uploads\/2025\/03\/20240418_105154-1024x576.jpg 1024w, https:\/\/patchworkinspirations.fr\/wp-content\/uploads\/2025\/03\/20240418_105154-300x169.jpg 300w, https:\/\/patchworkinspirations.fr\/wp-content\/uploads\/2025\/03\/20240418_105154-768x432.jpg 768w, https:\/\/patchworkinspirations.fr\/wp-content\/uploads\/2025\/03\/20240418_105154-1536x864.jpg 1536w, https:\/\/patchworkinspirations.fr\/wp-content\/uploads\/2025\/03\/20240418_105154-2048x1153.jpg 2048w, https:\/\/patchworkinspirations.fr\/wp-content\/uploads\/2025\/03\/20240418_105154-500x281.jpg 500w\" sizes=\"auto, (max-width: 1024px) 100vw, 1024px\" \/><\/a><\/figure>\n\n\n\n<p>Venez papoter et promis, vous ne nous d\u00e9rangez jamais ! Certaines me disent apr\u00e8s coup, \u00ab\u00a0je n&rsquo;ai pas os\u00e9 venir me pr\u00e9senter\u00a0\u00bb&#8230; mais si bien au contraire, venez et osez !<\/p>\n\n\n\n<p>Nous vous attendons impatiemment, avec grand plaisir !<\/p>\n\n\n\n<p>Happy Quilting !<\/p>\n\n\n\n<p>C\u00e9cile.<\/p>\n\n\n\n<p><\/p>\n\n\n\n<p><\/p>\n","protected":false},"excerpt":{"rendered":"<p>Bonjour, Nous sommes \u00e0 trois semaines du coup d&rsquo;envoi de l&rsquo;\u00e9dition 2025. Les fleurs, th\u00e8me si inspirant pour les quilteuses du monde entier, seront \u00e0 l&rsquo;honneur cette ann\u00e9e ! Vous pouvez aller sur le site du salon pour tous renseignements &hellip; <a href=\"https:\/\/patchworkinspirations.fr\/?p=7290\">Continuer la lecture <span class=\"meta-nav\">&rarr;<\/span><\/a><\/p>\n","protected":false},"author":1,"featured_media":0,"comment_status":"open","ping_status":"open","sticky":false,"template":"","format":"standard","meta":{"footnotes":""},"categories":[1],"tags":[],"class_list":["post-7290","post","type-post","status-publish","format-standard","hentry","category-non-classe"],"_links":{"self":[{"href":"https:\/\/patchworkinspirations.fr\/index.php?rest_route=\/wp\/v2\/posts\/7290","targetHints":{"allow":["GET"]}}],"collection":[{"href":"https:\/\/patchworkinspirations.fr\/index.php?rest_route=\/wp\/v2\/posts"}],"about":[{"href":"https:\/\/patchworkinspirations.fr\/index.php?rest_route=\/wp\/v2\/types\/post"}],"author":[{"embeddable":true,"href":"https:\/\/patchworkinspirations.fr\/index.php?rest_route=\/wp\/v2\/users\/1"}],"replies":[{"embeddable":true,"href":"https:\/\/patchworkinspirations.fr\/index.php?rest_route=%2Fwp%2Fv2%2Fcomments&post=7290"}],"version-history":[{"count":5,"href":"https:\/\/patchworkinspirations.fr\/index.php?rest_route=\/wp\/v2\/posts\/7290\/revisions"}],"predecessor-version":[{"id":7300,"href":"https:\/\/patchworkinspirations.fr\/index.php?rest_route=\/wp\/v2\/posts\/7290\/revisions\/7300"}],"wp:attachment":[{"href":"https:\/\/patchworkinspirations.fr\/index.php?rest_route=%2Fwp%2Fv2%2Fmedia&parent=7290"}],"wp:term":[{"taxonomy":"category","embeddable":true,"href":"https:\/\/patchworkinspirations.fr\/index.php?rest_route=%2Fwp%2Fv2%2Fcategories&post=7290"},{"taxonomy":"post_tag","embeddable":true,"href":"https:\/\/patchworkinspirations.fr\/index.php?rest_route=%2Fwp%2Fv2%2Ftags&post=7290"}],"curies":[{"name":"wp","href":"https:\/\/api.w.org\/{rel}","templated":true}]}}