{"id":6929,"date":"2024-03-06T15:00:00","date_gmt":"2024-03-06T14:00:00","guid":{"rendered":"https:\/\/patchworkinspirations.fr\/?p=6929"},"modified":"2024-03-06T14:39:28","modified_gmt":"2024-03-06T13:39:28","slug":"gros-plan-sur-les-sponsors-du-qal-2024","status":"publish","type":"post","link":"https:\/\/patchworkinspirations.fr\/?p=6929","title":{"rendered":"Gros plan sur les sponsors du QAL 2024"},"content":{"rendered":"<div class=\"fcbkbttn_buttons_block\" id=\"fcbkbttn_left\"><div class=\"fcbkbttn_button\">\n\t\t\t\t\t<a href=\"https:\/\/www.facebook.com\/http:\/\/facebook.com\/patchworkinspirations\" target=\"_blank\">\n\t\t\t\t\t\t<img decoding=\"async\" src=\"https:\/\/patchworkinspirations.fr\/wp-content\/plugins\/facebook-button-plugin\/images\/standard-facebook-ico.png\" alt=\"Fb-Button\" \/>\n\t\t\t\t\t<\/a>\n\t\t\t\t<\/div><div class=\"fcbkbttn_like \"><fb:like href=\"https:\/\/patchworkinspirations.fr\/?p=6929\" action=\"like\" colorscheme=\"light\" layout=\"button_count\"  size=\"small\"><\/fb:like><\/div><div class=\"fb-share-button  \" data-href=\"https:\/\/patchworkinspirations.fr\/?p=6929\" data-type=\"button_count\" data-size=\"small\"><\/div><\/div>\n<p>Bonjour,<\/p>\n\n\n\n<p>Aujourd&rsquo;hui et avec Corinne de <a href=\"https:\/\/ateliercocopatch.com\/\">https:\/\/ateliercocopatch.com\/<\/a>, nous allons faire un gros point sur les sponsors qui accompagnent ce challenge des animaux 2024.<\/p>\n\n\n\n<p>Deux d&rsquo;entre eux sont \u00e0 nos c\u00f4t\u00e9s depuis le premier challenge, c&rsquo;est-\u00e0-dire 2015 !<\/p>\n\n\n\n<figure class=\"wp-block-image size-full is-resized\"><a href=\"https:\/\/patchworkinspirations.fr\/wp-content\/uploads\/2024\/03\/QAL-Corinne-et-Cecile3.png\"><img loading=\"lazy\" decoding=\"async\" width=\"1080\" height=\"1080\" src=\"https:\/\/patchworkinspirations.fr\/wp-content\/uploads\/2024\/03\/QAL-Corinne-et-Cecile3.png\" alt=\"\" class=\"wp-image-6946\" style=\"width:600px;height:auto\" srcset=\"https:\/\/patchworkinspirations.fr\/wp-content\/uploads\/2024\/03\/QAL-Corinne-et-Cecile3.png 1080w, https:\/\/patchworkinspirations.fr\/wp-content\/uploads\/2024\/03\/QAL-Corinne-et-Cecile3-300x300.png 300w, https:\/\/patchworkinspirations.fr\/wp-content\/uploads\/2024\/03\/QAL-Corinne-et-Cecile3-1024x1024.png 1024w, https:\/\/patchworkinspirations.fr\/wp-content\/uploads\/2024\/03\/QAL-Corinne-et-Cecile3-150x150.png 150w, https:\/\/patchworkinspirations.fr\/wp-content\/uploads\/2024\/03\/QAL-Corinne-et-Cecile3-768x768.png 768w, https:\/\/patchworkinspirations.fr\/wp-content\/uploads\/2024\/03\/QAL-Corinne-et-Cecile3-250x250.png 250w, https:\/\/patchworkinspirations.fr\/wp-content\/uploads\/2024\/03\/QAL-Corinne-et-Cecile3-24x24.png 24w, https:\/\/patchworkinspirations.fr\/wp-content\/uploads\/2024\/03\/QAL-Corinne-et-Cecile3-48x48.png 48w, https:\/\/patchworkinspirations.fr\/wp-content\/uploads\/2024\/03\/QAL-Corinne-et-Cecile3-96x96.png 96w\" sizes=\"auto, (max-width: 1080px) 100vw, 1080px\" \/><\/a><figcaption class=\"wp-element-caption\">www.quiltmania.com<\/figcaption><\/figure>\n\n\n\n<p>1\/ Les Editions Quiltmania offre <em>chaque ann\u00e9e 3 livres<\/em> et cette ann\u00e9e ne d\u00e9roge pas \u00e0 la r\u00e8gle ! Merci Carol ! \ud83d\ude42 <\/p>\n\n\n\n<p class=\"has-text-align-center\">*********************<\/p>\n\n\n\n<figure class=\"wp-block-image size-full is-resized\"><a href=\"https:\/\/patchworkinspirations.fr\/wp-content\/uploads\/2023\/11\/59.jpg\"><img loading=\"lazy\" decoding=\"async\" width=\"255\" height=\"255\" src=\"https:\/\/patchworkinspirations.fr\/wp-content\/uploads\/2023\/11\/59.jpg\" alt=\"\" class=\"wp-image-6879\" style=\"width:614px;height:auto\" srcset=\"https:\/\/patchworkinspirations.fr\/wp-content\/uploads\/2023\/11\/59.jpg 255w, https:\/\/patchworkinspirations.fr\/wp-content\/uploads\/2023\/11\/59-150x150.jpg 150w, https:\/\/patchworkinspirations.fr\/wp-content\/uploads\/2023\/11\/59-250x250.jpg 250w, https:\/\/patchworkinspirations.fr\/wp-content\/uploads\/2023\/11\/59-24x24.jpg 24w, https:\/\/patchworkinspirations.fr\/wp-content\/uploads\/2023\/11\/59-48x48.jpg 48w, https:\/\/patchworkinspirations.fr\/wp-content\/uploads\/2023\/11\/59-96x96.jpg 96w\" sizes=\"auto, (max-width: 255px) 100vw, 255px\" \/><\/a><figcaption class=\"wp-element-caption\">www.aurifil.com<\/figcaption><\/figure>\n\n\n\n<p>2\/ Les fils Aurifil sont pr\u00e9sents eux-aussi depuis le d\u00e9but ! Cette ann\u00e9e, voici leurs lots !<\/p>\n\n\n\n<figure class=\"wp-block-image size-large\"><a href=\"https:\/\/patchworkinspirations.fr\/wp-content\/uploads\/2024\/03\/IMG_20231124_161015-scaled.jpg\"><img loading=\"lazy\" decoding=\"async\" width=\"766\" height=\"1024\" src=\"https:\/\/patchworkinspirations.fr\/wp-content\/uploads\/2024\/03\/IMG_20231124_161015-766x1024.jpg\" alt=\"\" class=\"wp-image-6936\" srcset=\"https:\/\/patchworkinspirations.fr\/wp-content\/uploads\/2024\/03\/IMG_20231124_161015-766x1024.jpg 766w, https:\/\/patchworkinspirations.fr\/wp-content\/uploads\/2024\/03\/IMG_20231124_161015-224x300.jpg 224w, https:\/\/patchworkinspirations.fr\/wp-content\/uploads\/2024\/03\/IMG_20231124_161015-768x1026.jpg 768w, https:\/\/patchworkinspirations.fr\/wp-content\/uploads\/2024\/03\/IMG_20231124_161015-1149x1536.jpg 1149w, https:\/\/patchworkinspirations.fr\/wp-content\/uploads\/2024\/03\/IMG_20231124_161015-1532x2048.jpg 1532w, https:\/\/patchworkinspirations.fr\/wp-content\/uploads\/2024\/03\/IMG_20231124_161015-scaled.jpg 1916w\" sizes=\"auto, (max-width: 766px) 100vw, 766px\" \/><\/a><figcaption class=\"wp-element-caption\">Une bo\u00eete (\u00e0 partager) de 12 grosses bobines + 2 boites de 5 petites bobines (\u00e0 partager elles aussi). WOW !<\/figcaption><\/figure>\n\n\n\n<p>Grazi\u00e9 mille Alex et merci Pauline ! \ud83d\ude42<\/p>\n\n\n\n<p class=\"has-text-align-center\">*************************<\/p>\n\n\n\n<p>3\/ Clara Otto-Bruc propose 2 bundles compos\u00e9s de 7 tr\u00e9s beaux fats que voici !<\/p>\n\n\n\n<p><a href=\"https:\/\/merceriejimagine.fr\/\">https:\/\/merceriejimagine.fr\/<\/a><\/p>\n\n\n\n<figure class=\"wp-block-image size-large\"><a href=\"https:\/\/patchworkinspirations.fr\/wp-content\/uploads\/2024\/03\/QAL-Corinne-et-Cecile6.jpg\"><img loading=\"lazy\" decoding=\"async\" width=\"1024\" height=\"1024\" src=\"https:\/\/patchworkinspirations.fr\/wp-content\/uploads\/2024\/03\/QAL-Corinne-et-Cecile6-1024x1024.jpg\" alt=\"\" class=\"wp-image-6938\" srcset=\"https:\/\/patchworkinspirations.fr\/wp-content\/uploads\/2024\/03\/QAL-Corinne-et-Cecile6-1024x1024.jpg 1024w, https:\/\/patchworkinspirations.fr\/wp-content\/uploads\/2024\/03\/QAL-Corinne-et-Cecile6-300x300.jpg 300w, https:\/\/patchworkinspirations.fr\/wp-content\/uploads\/2024\/03\/QAL-Corinne-et-Cecile6-150x150.jpg 150w, https:\/\/patchworkinspirations.fr\/wp-content\/uploads\/2024\/03\/QAL-Corinne-et-Cecile6-768x768.jpg 768w, https:\/\/patchworkinspirations.fr\/wp-content\/uploads\/2024\/03\/QAL-Corinne-et-Cecile6-250x250.jpg 250w, https:\/\/patchworkinspirations.fr\/wp-content\/uploads\/2024\/03\/QAL-Corinne-et-Cecile6-24x24.jpg 24w, https:\/\/patchworkinspirations.fr\/wp-content\/uploads\/2024\/03\/QAL-Corinne-et-Cecile6-48x48.jpg 48w, https:\/\/patchworkinspirations.fr\/wp-content\/uploads\/2024\/03\/QAL-Corinne-et-Cecile6-96x96.jpg 96w, https:\/\/patchworkinspirations.fr\/wp-content\/uploads\/2024\/03\/QAL-Corinne-et-Cecile6.jpg 1080w\" sizes=\"auto, (max-width: 1024px) 100vw, 1024px\" \/><\/a><\/figure>\n\n\n\n<p><\/p>\n\n\n\n<figure class=\"wp-block-image size-full\"><a href=\"https:\/\/patchworkinspirations.fr\/wp-content\/uploads\/2024\/03\/IMG_20240306_092203.jpg\"><img loading=\"lazy\" decoding=\"async\" width=\"768\" height=\"1024\" src=\"https:\/\/patchworkinspirations.fr\/wp-content\/uploads\/2024\/03\/IMG_20240306_092203.jpg\" alt=\"\" class=\"wp-image-6932\" srcset=\"https:\/\/patchworkinspirations.fr\/wp-content\/uploads\/2024\/03\/IMG_20240306_092203.jpg 768w, https:\/\/patchworkinspirations.fr\/wp-content\/uploads\/2024\/03\/IMG_20240306_092203-225x300.jpg 225w\" sizes=\"auto, (max-width: 768px) 100vw, 768px\" \/><\/a><figcaption class=\"wp-element-caption\">Merci Clara !! \ud83d\ude42 <\/figcaption><\/figure>\n\n\n\n<p class=\"has-text-align-center\">******************************<\/p>\n\n\n\n<p>4\/ Le groupe Schmetz <\/p>\n\n\n\n<figure class=\"wp-block-image size-full\"><a href=\"https:\/\/patchworkinspirations.fr\/wp-content\/uploads\/2023\/11\/1024px-Schmetz_Logo_Vertikal.png\"><img loading=\"lazy\" decoding=\"async\" width=\"1024\" height=\"724\" src=\"https:\/\/patchworkinspirations.fr\/wp-content\/uploads\/2023\/11\/1024px-Schmetz_Logo_Vertikal.png\" alt=\"\" class=\"wp-image-6881\" srcset=\"https:\/\/patchworkinspirations.fr\/wp-content\/uploads\/2023\/11\/1024px-Schmetz_Logo_Vertikal.png 1024w, https:\/\/patchworkinspirations.fr\/wp-content\/uploads\/2023\/11\/1024px-Schmetz_Logo_Vertikal-300x212.png 300w, https:\/\/patchworkinspirations.fr\/wp-content\/uploads\/2023\/11\/1024px-Schmetz_Logo_Vertikal-768x543.png 768w, https:\/\/patchworkinspirations.fr\/wp-content\/uploads\/2023\/11\/1024px-Schmetz_Logo_Vertikal-424x300.png 424w\" sizes=\"auto, (max-width: 1024px) 100vw, 1024px\" \/><\/a><\/figure>\n\n\n\n<figure class=\"wp-block-image size-large is-resized\"><a href=\"https:\/\/patchworkinspirations.fr\/wp-content\/uploads\/2024\/03\/Schmetz-scaled.jpg\"><img loading=\"lazy\" decoding=\"async\" width=\"768\" height=\"1024\" src=\"https:\/\/patchworkinspirations.fr\/wp-content\/uploads\/2024\/03\/Schmetz-768x1024.jpg\" alt=\"\" class=\"wp-image-6931\" style=\"width:614px;height:auto\" srcset=\"https:\/\/patchworkinspirations.fr\/wp-content\/uploads\/2024\/03\/Schmetz-768x1024.jpg 768w, https:\/\/patchworkinspirations.fr\/wp-content\/uploads\/2024\/03\/Schmetz-225x300.jpg 225w, https:\/\/patchworkinspirations.fr\/wp-content\/uploads\/2024\/03\/Schmetz-1152x1536.jpg 1152w, https:\/\/patchworkinspirations.fr\/wp-content\/uploads\/2024\/03\/Schmetz-1536x2048.jpg 1536w, https:\/\/patchworkinspirations.fr\/wp-content\/uploads\/2024\/03\/Schmetz-scaled.jpg 1920w\" sizes=\"auto, (max-width: 768px) 100vw, 768px\" \/><\/a><figcaption class=\"wp-element-caption\">Nous ferons plusieurs lots !!!<\/figcaption><\/figure>\n\n\n\n<p>Merci Schmetz ! \ud83d\ude42<\/p>\n\n\n\n<p class=\"has-text-align-center\">*************************<\/p>\n\n\n\n<p>5\/ Chantal Baquin et Domlinique Raspail nous accompagnent encore cette ann\u00e9e et offriront un tr\u00e8s beau morceau de ouatine ! Merci Chantal et Dominique ! WOW !<\/p>\n\n\n\n<p><a href=\"https:\/\/www.jequiltepourvous.com\/\">https:\/\/www.jequiltepourvous.com\/<\/a> et <a href=\"https:\/\/www.quiltometreetcreafil.fr\/\">https:\/\/www.quiltometreetcreafil.fr\/<\/a><\/p>\n\n\n\n<p class=\"has-text-align-center\">***************************<\/p>\n\n\n\n<p>6\/ Le Carrefour Europ\u00e9en du Patchwork pour son salon annuel \u00e0 Sainte Marie aux Mines qui aura lieu du 12 au 15 septembre 2024 offre 5 entr\u00e9es ! \ud83d\ude42<\/p>\n\n\n\n<p>Merci beaucoup ! <\/p>\n\n\n\n<p class=\"has-text-align-center\">***********************<\/p>\n\n\n\n<p>Chaque ann\u00e9e, nous essayons (tr\u00e8s humblement) de faire conna\u00eetre une petite entreprise fran\u00e7aise pour lui donner un coup de pouce ! <\/p>\n\n\n\n<p>Il y a 2 ans, nous vous avions fait d\u00e9couvrir les jolies broderies de Roselyne Emery  <a href=\"https:\/\/www.couleursbrodees.com\/\">https:\/\/www.couleursbrodees.com\/<\/a> et cette ann\u00e9e, nous vous invitons \u00e0 d\u00e9couvrir 2 jeunes entrepreneurs fran\u00e7ais !<\/p>\n\n\n\n<p>7\/  <a href=\"https:\/\/www.filfoly.fr\/\">https:\/\/www.filfoly.fr\/<\/a><\/p>\n\n\n\n<figure class=\"wp-block-image size-large\"><a href=\"https:\/\/patchworkinspirations.fr\/wp-content\/uploads\/2023\/11\/new-logo_dans-cercle_filfoly.png\"><img loading=\"lazy\" decoding=\"async\" width=\"1024\" height=\"1024\" src=\"https:\/\/patchworkinspirations.fr\/wp-content\/uploads\/2023\/11\/new-logo_dans-cercle_filfoly-1024x1024.png\" alt=\"\" class=\"wp-image-6878\" srcset=\"https:\/\/patchworkinspirations.fr\/wp-content\/uploads\/2023\/11\/new-logo_dans-cercle_filfoly-1024x1024.png 1024w, https:\/\/patchworkinspirations.fr\/wp-content\/uploads\/2023\/11\/new-logo_dans-cercle_filfoly-300x300.png 300w, https:\/\/patchworkinspirations.fr\/wp-content\/uploads\/2023\/11\/new-logo_dans-cercle_filfoly-150x150.png 150w, https:\/\/patchworkinspirations.fr\/wp-content\/uploads\/2023\/11\/new-logo_dans-cercle_filfoly-768x768.png 768w, https:\/\/patchworkinspirations.fr\/wp-content\/uploads\/2023\/11\/new-logo_dans-cercle_filfoly-250x250.png 250w, https:\/\/patchworkinspirations.fr\/wp-content\/uploads\/2023\/11\/new-logo_dans-cercle_filfoly-24x24.png 24w, https:\/\/patchworkinspirations.fr\/wp-content\/uploads\/2023\/11\/new-logo_dans-cercle_filfoly-48x48.png 48w, https:\/\/patchworkinspirations.fr\/wp-content\/uploads\/2023\/11\/new-logo_dans-cercle_filfoly-96x96.png 96w, https:\/\/patchworkinspirations.fr\/wp-content\/uploads\/2023\/11\/new-logo_dans-cercle_filfoly.png 1080w\" sizes=\"auto, (max-width: 1024px) 100vw, 1024px\" \/><\/a><\/figure>\n\n\n\n<p>Filfoly est une entreprise en ligne d\u00e9di\u00e9 aux arts du fil et situ\u00e9e en Eure-et-Loir.  <\/p>\n\n\n\n<p>Sylvie Aragon est une personne tr\u00e8s disponible et tr\u00e8s active, qui adore son m\u00e9tier ! <\/p>\n\n\n\n<figure class=\"wp-block-image size-large is-resized\"><a href=\"https:\/\/patchworkinspirations.fr\/wp-content\/uploads\/2024\/03\/Lot_Filfoly_QAL_Cecile_Corinne1.jpg\"><img loading=\"lazy\" decoding=\"async\" width=\"1024\" height=\"577\" src=\"https:\/\/patchworkinspirations.fr\/wp-content\/uploads\/2024\/03\/Lot_Filfoly_QAL_Cecile_Corinne1-1024x577.jpg\" alt=\"\" class=\"wp-image-6945\" style=\"width:614px;height:auto\" srcset=\"https:\/\/patchworkinspirations.fr\/wp-content\/uploads\/2024\/03\/Lot_Filfoly_QAL_Cecile_Corinne1-1024x577.jpg 1024w, https:\/\/patchworkinspirations.fr\/wp-content\/uploads\/2024\/03\/Lot_Filfoly_QAL_Cecile_Corinne1-300x169.jpg 300w, https:\/\/patchworkinspirations.fr\/wp-content\/uploads\/2024\/03\/Lot_Filfoly_QAL_Cecile_Corinne1-768x433.jpg 768w, https:\/\/patchworkinspirations.fr\/wp-content\/uploads\/2024\/03\/Lot_Filfoly_QAL_Cecile_Corinne1-500x282.jpg 500w, https:\/\/patchworkinspirations.fr\/wp-content\/uploads\/2024\/03\/Lot_Filfoly_QAL_Cecile_Corinne1.jpg 1200w\" sizes=\"auto, (max-width: 1024px) 100vw, 1024px\" \/><\/a><figcaption class=\"wp-element-caption\">Elle offre ce lot de tissus Alisson Glass !<\/figcaption><\/figure>\n\n\n\n<p>Merci Sylvie ! \ud83d\ude42 <\/p>\n\n\n\n<p class=\"has-text-align-center\">*********************<\/p>\n\n\n\n<p>8\/<a href=\" https:\/\/couleursjapon.com\/fr\/\"> https:\/\/couleursjapon.com\/fr\/<\/a><\/p>\n\n\n\n<figure class=\"wp-block-image size-large\"><a href=\"https:\/\/patchworkinspirations.fr\/wp-content\/uploads\/2024\/03\/Couleurs-Japon.png\"><img loading=\"lazy\" decoding=\"async\" width=\"1024\" height=\"1024\" src=\"https:\/\/patchworkinspirations.fr\/wp-content\/uploads\/2024\/03\/Couleurs-Japon-1024x1024.png\" alt=\"\" class=\"wp-image-6941\" srcset=\"https:\/\/patchworkinspirations.fr\/wp-content\/uploads\/2024\/03\/Couleurs-Japon-1024x1024.png 1024w, https:\/\/patchworkinspirations.fr\/wp-content\/uploads\/2024\/03\/Couleurs-Japon-300x300.png 300w, https:\/\/patchworkinspirations.fr\/wp-content\/uploads\/2024\/03\/Couleurs-Japon-150x150.png 150w, https:\/\/patchworkinspirations.fr\/wp-content\/uploads\/2024\/03\/Couleurs-Japon-768x768.png 768w, https:\/\/patchworkinspirations.fr\/wp-content\/uploads\/2024\/03\/Couleurs-Japon-250x250.png 250w, https:\/\/patchworkinspirations.fr\/wp-content\/uploads\/2024\/03\/Couleurs-Japon-24x24.png 24w, https:\/\/patchworkinspirations.fr\/wp-content\/uploads\/2024\/03\/Couleurs-Japon-48x48.png 48w, https:\/\/patchworkinspirations.fr\/wp-content\/uploads\/2024\/03\/Couleurs-Japon-96x96.png 96w, https:\/\/patchworkinspirations.fr\/wp-content\/uploads\/2024\/03\/Couleurs-Japon.png 1080w\" sizes=\"auto, (max-width: 1024px) 100vw, 1024px\" \/><\/a><\/figure>\n\n\n\n<p>Pascaline est sp\u00e9cialis\u00e9e dans les tissus japonais et sa boutique est situ\u00e9e en Alsace ! Nous l&rsquo;avons rencontr\u00e9e lors du salon \u00ab\u00a0les pros du fil\u00a0\u00bb \u00e0 c\u00f4t\u00e9 de Tours en octobre dernier !<\/p>\n\n\n\n<p>Pascaline offre un bon de 50 euros ! Merci \u00e0 toi.<\/p>\n\n\n\n<p class=\"has-text-align-center\">*******************<\/p>\n\n\n\n<p>Voil\u00e0 nos sponsors cette ann\u00e9e ! Merci \u00e0 eux pour ces tr\u00e8s beaux cadeaux !<\/p>\n\n\n\n<p>Pour les dames qui d\u00e9couvriraient ce challenge en lisant le blog, n&rsquo;h\u00e9sitez pas \u00e0 vous abonner \u00e0 notre groupe Facebook car chaque ann\u00e9e, nous renouvelons l&rsquo;exp\u00e9rience !<\/p>\n\n\n\n<p>Les inscriptions pour ce challenge sont closes depuis le 20 janvier.<\/p>\n\n\n\n<p><a href=\"https:\/\/www.facebook.com\/groups\/225377351208928\">https:\/\/www.facebook.com\/groups\/225377351208928<\/a><\/p>\n\n\n\n<p>Merci pour votre fid\u00e9lit\u00e9 et \u00e0 bient\u00f4t !<\/p>\n\n\n\n<p>C\u00e9cile<\/p>\n","protected":false},"excerpt":{"rendered":"<p>Bonjour, Aujourd&rsquo;hui et avec Corinne de https:\/\/ateliercocopatch.com\/, nous allons faire un gros point sur les sponsors qui accompagnent ce challenge des animaux 2024. Deux d&rsquo;entre eux sont \u00e0 nos c\u00f4t\u00e9s depuis le premier challenge, c&rsquo;est-\u00e0-dire 2015 ! 1\/ Les Editions &hellip; <a href=\"https:\/\/patchworkinspirations.fr\/?p=6929\">Continuer la lecture <span class=\"meta-nav\">&rarr;<\/span><\/a><\/p>\n","protected":false},"author":1,"featured_media":0,"comment_status":"open","ping_status":"open","sticky":false,"template":"","format":"standard","meta":{"footnotes":""},"categories":[1],"tags":[],"class_list":["post-6929","post","type-post","status-publish","format-standard","hentry","category-non-classe"],"_links":{"self":[{"href":"https:\/\/patchworkinspirations.fr\/index.php?rest_route=\/wp\/v2\/posts\/6929","targetHints":{"allow":["GET"]}}],"collection":[{"href":"https:\/\/patchworkinspirations.fr\/index.php?rest_route=\/wp\/v2\/posts"}],"about":[{"href":"https:\/\/patchworkinspirations.fr\/index.php?rest_route=\/wp\/v2\/types\/post"}],"author":[{"embeddable":true,"href":"https:\/\/patchworkinspirations.fr\/index.php?rest_route=\/wp\/v2\/users\/1"}],"replies":[{"embeddable":true,"href":"https:\/\/patchworkinspirations.fr\/index.php?rest_route=%2Fwp%2Fv2%2Fcomments&post=6929"}],"version-history":[{"count":11,"href":"https:\/\/patchworkinspirations.fr\/index.php?rest_route=\/wp\/v2\/posts\/6929\/revisions"}],"predecessor-version":[{"id":6949,"href":"https:\/\/patchworkinspirations.fr\/index.php?rest_route=\/wp\/v2\/posts\/6929\/revisions\/6949"}],"wp:attachment":[{"href":"https:\/\/patchworkinspirations.fr\/index.php?rest_route=%2Fwp%2Fv2%2Fmedia&parent=6929"}],"wp:term":[{"taxonomy":"category","embeddable":true,"href":"https:\/\/patchworkinspirations.fr\/index.php?rest_route=%2Fwp%2Fv2%2Fcategories&post=6929"},{"taxonomy":"post_tag","embeddable":true,"href":"https:\/\/patchworkinspirations.fr\/index.php?rest_route=%2Fwp%2Fv2%2Ftags&post=6929"}],"curies":[{"name":"wp","href":"https:\/\/api.w.org\/{rel}","templated":true}]}}