{"id":6916,"date":"2024-02-08T10:30:07","date_gmt":"2024-02-08T09:30:07","guid":{"rendered":"https:\/\/patchworkinspirations.fr\/?p=6916"},"modified":"2024-02-08T10:31:32","modified_gmt":"2024-02-08T09:31:32","slug":"breves-de-fevrier-3","status":"publish","type":"post","link":"https:\/\/patchworkinspirations.fr\/?p=6916","title":{"rendered":"Br\u00e8ves de F\u00e9vrier !"},"content":{"rendered":"<div class=\"fcbkbttn_buttons_block\" id=\"fcbkbttn_left\"><div class=\"fcbkbttn_button\">\n\t\t\t\t\t<a href=\"https:\/\/www.facebook.com\/http:\/\/facebook.com\/patchworkinspirations\" target=\"_blank\">\n\t\t\t\t\t\t<img decoding=\"async\" src=\"https:\/\/patchworkinspirations.fr\/wp-content\/plugins\/facebook-button-plugin\/images\/standard-facebook-ico.png\" alt=\"Fb-Button\" \/>\n\t\t\t\t\t<\/a>\n\t\t\t\t<\/div><div class=\"fcbkbttn_like \"><fb:like href=\"https:\/\/patchworkinspirations.fr\/?p=6916\" action=\"like\" colorscheme=\"light\" layout=\"button_count\"  size=\"small\"><\/fb:like><\/div><div class=\"fb-share-button  \" data-href=\"https:\/\/patchworkinspirations.fr\/?p=6916\" data-type=\"button_count\" data-size=\"small\"><\/div><\/div>\n<p>Bonjour, <\/p>\n\n\n\n<p>Le mois de f\u00e9vrier s&rsquo;\u00e9coule lentement et les pr\u00e9paratifs pour le salon \u00ab\u00a0Pour l&rsquo;Amour du Fil\u00a0\u00bb \u00e0 Nantes se pr\u00e9cipitent un peu ! <\/p>\n\n\n\n<p>Serez-vous l\u00e0 du mercredi 17 au samedi 20 avril ?<\/p>\n\n\n\n<p>La France sera \u00e0 l&rsquo;honneur cette ann\u00e9e avec bien d&rsquo;autres prestigieux invit\u00e9s, comme toujours !<\/p>\n\n\n\n<figure class=\"wp-block-image size-large\"><a href=\"https:\/\/patchworkinspirations.fr\/wp-content\/uploads\/2023\/06\/355248989_747404117389830_8435066341323738859_n.jpg\"><img loading=\"lazy\" decoding=\"async\" width=\"1024\" height=\"1024\" src=\"https:\/\/patchworkinspirations.fr\/wp-content\/uploads\/2023\/06\/355248989_747404117389830_8435066341323738859_n-1024x1024.jpg\" alt=\"\" class=\"wp-image-6648\" srcset=\"https:\/\/patchworkinspirations.fr\/wp-content\/uploads\/2023\/06\/355248989_747404117389830_8435066341323738859_n-1024x1024.jpg 1024w, https:\/\/patchworkinspirations.fr\/wp-content\/uploads\/2023\/06\/355248989_747404117389830_8435066341323738859_n-300x300.jpg 300w, https:\/\/patchworkinspirations.fr\/wp-content\/uploads\/2023\/06\/355248989_747404117389830_8435066341323738859_n-150x150.jpg 150w, https:\/\/patchworkinspirations.fr\/wp-content\/uploads\/2023\/06\/355248989_747404117389830_8435066341323738859_n-768x768.jpg 768w, https:\/\/patchworkinspirations.fr\/wp-content\/uploads\/2023\/06\/355248989_747404117389830_8435066341323738859_n-250x250.jpg 250w, https:\/\/patchworkinspirations.fr\/wp-content\/uploads\/2023\/06\/355248989_747404117389830_8435066341323738859_n-24x24.jpg 24w, https:\/\/patchworkinspirations.fr\/wp-content\/uploads\/2023\/06\/355248989_747404117389830_8435066341323738859_n-48x48.jpg 48w, https:\/\/patchworkinspirations.fr\/wp-content\/uploads\/2023\/06\/355248989_747404117389830_8435066341323738859_n-96x96.jpg 96w, https:\/\/patchworkinspirations.fr\/wp-content\/uploads\/2023\/06\/355248989_747404117389830_8435066341323738859_n.jpg 1080w\" sizes=\"auto, (max-width: 1024px) 100vw, 1024px\" \/><\/a><\/figure>\n\n\n\n<p>Comme chaque ann\u00e9e, je vous attends avec mes amies sur \u00ab\u00a0Le Coin des Blogueuses\u00a0\u00bb fid\u00e8le au poste. <\/p>\n\n\n\n<p>N&rsquo;h\u00e9sitez pas \u00e0 venir nous d\u00e9ranger car en fait&#8230; nous n&rsquo;attendons que cela ! \ud83d\ude42<\/p>\n\n\n\n<p>Nous avons toujours de quoi occuper nos petites mains bien s\u00fbr mais notre int\u00e9r\u00eat premier est de vous rencontrer et d&rsquo;\u00e9changer avec vous.<\/p>\n\n\n\n<p>Alors ne soyez pas timides et venez vous pr\u00e9senter !<\/p>\n\n\n\n<p>Je pr\u00e9cise le site pour avoir toutes les informations disponibles : <a href=\"https:\/\/pourlamourdufil.com\/\">https:\/\/pourlamourdufil.com\/<\/a><\/p>\n\n\n\n<p>De plus cette ann\u00e9e, je suis tr\u00e8s fi\u00e8re et je remercie de tout mon coeur Carol car un de mes quilts sera \u00e0 l&rsquo;honneur durant ce salon. Vous pouvez le retrouver sur le dernier Simply Vintage n\u00b0 50 qui arrive doucement dans vos bo\u00eetes aux lettres !<\/p>\n\n\n\n<figure class=\"wp-block-image size-large\"><a href=\"https:\/\/patchworkinspirations.fr\/wp-content\/uploads\/2024\/02\/SV50_Couv_FR_BD.jpg\"><img loading=\"lazy\" decoding=\"async\" width=\"782\" height=\"1024\" src=\"https:\/\/patchworkinspirations.fr\/wp-content\/uploads\/2024\/02\/SV50_Couv_FR_BD-782x1024.jpg\" alt=\"\" class=\"wp-image-6920\" srcset=\"https:\/\/patchworkinspirations.fr\/wp-content\/uploads\/2024\/02\/SV50_Couv_FR_BD-782x1024.jpg 782w, https:\/\/patchworkinspirations.fr\/wp-content\/uploads\/2024\/02\/SV50_Couv_FR_BD-229x300.jpg 229w, https:\/\/patchworkinspirations.fr\/wp-content\/uploads\/2024\/02\/SV50_Couv_FR_BD-768x1006.jpg 768w, https:\/\/patchworkinspirations.fr\/wp-content\/uploads\/2024\/02\/SV50_Couv_FR_BD.jpg 1000w\" sizes=\"auto, (max-width: 782px) 100vw, 782px\" \/><\/a><figcaption class=\"wp-element-caption\">SV n\u00b0 50 Printemps<\/figcaption><\/figure>\n\n\n\n<p><\/p>\n\n\n\n<figure class=\"wp-block-image size-large\"><a href=\"https:\/\/patchworkinspirations.fr\/wp-content\/uploads\/2024\/02\/SV50-Cecile-Denis_AllWeNeedisLove_amb_bd.jpg\"><img loading=\"lazy\" decoding=\"async\" width=\"779\" height=\"1024\" src=\"https:\/\/patchworkinspirations.fr\/wp-content\/uploads\/2024\/02\/SV50-Cecile-Denis_AllWeNeedisLove_amb_bd-779x1024.jpg\" alt=\"\" class=\"wp-image-6918\" srcset=\"https:\/\/patchworkinspirations.fr\/wp-content\/uploads\/2024\/02\/SV50-Cecile-Denis_AllWeNeedisLove_amb_bd-779x1024.jpg 779w, https:\/\/patchworkinspirations.fr\/wp-content\/uploads\/2024\/02\/SV50-Cecile-Denis_AllWeNeedisLove_amb_bd-228x300.jpg 228w, https:\/\/patchworkinspirations.fr\/wp-content\/uploads\/2024\/02\/SV50-Cecile-Denis_AllWeNeedisLove_amb_bd-768x1010.jpg 768w, https:\/\/patchworkinspirations.fr\/wp-content\/uploads\/2024\/02\/SV50-Cecile-Denis_AllWeNeedisLove_amb_bd.jpg 1000w\" sizes=\"auto, (max-width: 779px) 100vw, 779px\" \/><\/a><figcaption class=\"wp-element-caption\">C\u00e9cile Denis-All We Need is Love<\/figcaption><\/figure>\n\n\n\n<p>J&rsquo;ai d\u00e9cid\u00e9 d&rsquo;appeler ce quilt \u00ab\u00a0All We Need is Love\u00a0\u00bb (petit clin d&rsquo;\u0153il d\u00e9tourn\u00e9 \u00e0 la c\u00e9l\u00e8bre chanson des Beatles) car avec tout ce qu&rsquo;il se passe en ce moment, \u00e0 travers le Monde entier, nous avons tous besoin d&rsquo;amour.<\/p>\n\n\n\n<p>Il est compos\u00e9 de plus de 100 tissus tous diff\u00e9rents, issus de diverses collections de Judie Rothermel. Je suis une grande fan de ses tissus &#8230; on peut sans doute l&rsquo;affirmer !  Merci encore Carol !<\/p>\n\n\n\n<p>J&rsquo;ai d\u00e9cid\u00e9 cette ann\u00e9e de faire le Quilt Myst\u00e8re de Quiltmania et j&rsquo;utilise mes propres tissus. Il s&rsquo;\u00e9tend sur l&rsquo;ann\u00e9e en cours et les instructions seront donn\u00e9es dans les 4 magasines Quitmania. Rejoignez-nous dans cette belle aventure !<\/p>\n\n\n\n<p><\/p>\n\n\n\n<p><\/p>\n\n\n\n<figure class=\"wp-block-image size-large\"><a href=\"https:\/\/patchworkinspirations.fr\/wp-content\/uploads\/2024\/02\/20240131_135003-scaled.jpg\"><img loading=\"lazy\" decoding=\"async\" width=\"576\" height=\"1024\" src=\"https:\/\/patchworkinspirations.fr\/wp-content\/uploads\/2024\/02\/20240131_135003-576x1024.jpg\" alt=\"\" class=\"wp-image-6922\" srcset=\"https:\/\/patchworkinspirations.fr\/wp-content\/uploads\/2024\/02\/20240131_135003-576x1024.jpg 576w, https:\/\/patchworkinspirations.fr\/wp-content\/uploads\/2024\/02\/20240131_135003-169x300.jpg 169w, https:\/\/patchworkinspirations.fr\/wp-content\/uploads\/2024\/02\/20240131_135003-768x1365.jpg 768w, https:\/\/patchworkinspirations.fr\/wp-content\/uploads\/2024\/02\/20240131_135003-864x1536.jpg 864w, https:\/\/patchworkinspirations.fr\/wp-content\/uploads\/2024\/02\/20240131_135003-1153x2048.jpg 1153w, https:\/\/patchworkinspirations.fr\/wp-content\/uploads\/2024\/02\/20240131_135003-scaled.jpg 1441w\" sizes=\"auto, (max-width: 576px) 100vw, 576px\" \/><\/a><\/figure>\n\n\n\n<p>Et pour finir, une fois n&rsquo;est pas coutume, voici la recette du cake marbr\u00e9, un vrai d\u00e9lice pour accompagner un petit th\u00e9 ou caf\u00e9 alors que dehors, il pleut et vente ! <\/p>\n\n\n\n<p>Prenez 4 oeufs et s\u00e9parez les blancs des jaunes. Fouettez les jaunes avec 150 gr de sucre et faire blanchir. Ajoutez 200 gr de beurre fondu + 10 cl de lait + 30 gr de poudre d&rsquo;amandes + 300 gr de farine + 1 sachet de levure chimique.<\/p>\n\n\n\n<p>Montez les blancs en neige et les incorporer d\u00e9licatement.<\/p>\n\n\n\n<p>Divisez la p\u00e2te en deux et dans une moiti\u00e9, int\u00e9grez 60 gr de chocolat noir fondu.<\/p>\n\n\n\n<p>Pr\u00e9chauffer votre four \u00e0 170\u00b0 (th 5\/6).<\/p>\n\n\n\n<p>Beurrer un moule et en alternant, d\u00e9poser les couches de p\u00e2tes.<\/p>\n\n\n\n<p>Enfournez pendant 50 minutes.<\/p>\n\n\n\n<p>Il est d\u00e9licieux !<\/p>\n\n\n\n<figure class=\"wp-block-image size-large\"><a href=\"https:\/\/patchworkinspirations.fr\/wp-content\/uploads\/2024\/02\/20240207_160927-scaled.jpg\"><img loading=\"lazy\" decoding=\"async\" width=\"576\" height=\"1024\" src=\"https:\/\/patchworkinspirations.fr\/wp-content\/uploads\/2024\/02\/20240207_160927-576x1024.jpg\" alt=\"\" class=\"wp-image-6924\" srcset=\"https:\/\/patchworkinspirations.fr\/wp-content\/uploads\/2024\/02\/20240207_160927-576x1024.jpg 576w, https:\/\/patchworkinspirations.fr\/wp-content\/uploads\/2024\/02\/20240207_160927-169x300.jpg 169w, https:\/\/patchworkinspirations.fr\/wp-content\/uploads\/2024\/02\/20240207_160927-768x1365.jpg 768w, https:\/\/patchworkinspirations.fr\/wp-content\/uploads\/2024\/02\/20240207_160927-864x1536.jpg 864w, https:\/\/patchworkinspirations.fr\/wp-content\/uploads\/2024\/02\/20240207_160927-1153x2048.jpg 1153w, https:\/\/patchworkinspirations.fr\/wp-content\/uploads\/2024\/02\/20240207_160927-scaled.jpg 1441w\" sizes=\"auto, (max-width: 576px) 100vw, 576px\" \/><\/a><\/figure>\n\n\n\n<p>Je vous remercie pour vos visites.<\/p>\n\n\n\n<p>Happy Quilting !<\/p>\n\n\n\n<p>C\u00e9cile<\/p>\n","protected":false},"excerpt":{"rendered":"<p>Bonjour, Le mois de f\u00e9vrier s&rsquo;\u00e9coule lentement et les pr\u00e9paratifs pour le salon \u00ab\u00a0Pour l&rsquo;Amour du Fil\u00a0\u00bb \u00e0 Nantes se pr\u00e9cipitent un peu ! Serez-vous l\u00e0 du mercredi 17 au samedi 20 avril ? La France sera \u00e0 l&rsquo;honneur cette &hellip; <a href=\"https:\/\/patchworkinspirations.fr\/?p=6916\">Continuer la lecture <span class=\"meta-nav\">&rarr;<\/span><\/a><\/p>\n","protected":false},"author":1,"featured_media":0,"comment_status":"open","ping_status":"open","sticky":false,"template":"","format":"standard","meta":{"footnotes":""},"categories":[1],"tags":[],"class_list":["post-6916","post","type-post","status-publish","format-standard","hentry","category-non-classe"],"_links":{"self":[{"href":"https:\/\/patchworkinspirations.fr\/index.php?rest_route=\/wp\/v2\/posts\/6916","targetHints":{"allow":["GET"]}}],"collection":[{"href":"https:\/\/patchworkinspirations.fr\/index.php?rest_route=\/wp\/v2\/posts"}],"about":[{"href":"https:\/\/patchworkinspirations.fr\/index.php?rest_route=\/wp\/v2\/types\/post"}],"author":[{"embeddable":true,"href":"https:\/\/patchworkinspirations.fr\/index.php?rest_route=\/wp\/v2\/users\/1"}],"replies":[{"embeddable":true,"href":"https:\/\/patchworkinspirations.fr\/index.php?rest_route=%2Fwp%2Fv2%2Fcomments&post=6916"}],"version-history":[{"count":6,"href":"https:\/\/patchworkinspirations.fr\/index.php?rest_route=\/wp\/v2\/posts\/6916\/revisions"}],"predecessor-version":[{"id":6926,"href":"https:\/\/patchworkinspirations.fr\/index.php?rest_route=\/wp\/v2\/posts\/6916\/revisions\/6926"}],"wp:attachment":[{"href":"https:\/\/patchworkinspirations.fr\/index.php?rest_route=%2Fwp%2Fv2%2Fmedia&parent=6916"}],"wp:term":[{"taxonomy":"category","embeddable":true,"href":"https:\/\/patchworkinspirations.fr\/index.php?rest_route=%2Fwp%2Fv2%2Fcategories&post=6916"},{"taxonomy":"post_tag","embeddable":true,"href":"https:\/\/patchworkinspirations.fr\/index.php?rest_route=%2Fwp%2Fv2%2Ftags&post=6916"}],"curies":[{"name":"wp","href":"https:\/\/api.w.org\/{rel}","templated":true}]}}