{"id":6882,"date":"2023-12-01T10:29:09","date_gmt":"2023-12-01T09:29:09","guid":{"rendered":"https:\/\/patchworkinspirations.fr\/?p=6882"},"modified":"2024-01-02T11:50:52","modified_gmt":"2024-01-02T10:50:52","slug":"annonce-du-theme-qal-2024","status":"publish","type":"post","link":"https:\/\/patchworkinspirations.fr\/?p=6882","title":{"rendered":"Annonce du th\u00e8me QAL 2024"},"content":{"rendered":"<div class=\"fcbkbttn_buttons_block\" id=\"fcbkbttn_left\"><div class=\"fcbkbttn_button\">\n\t\t\t\t\t<a href=\"https:\/\/www.facebook.com\/http:\/\/facebook.com\/patchworkinspirations\" target=\"_blank\">\n\t\t\t\t\t\t<img decoding=\"async\" src=\"https:\/\/patchworkinspirations.fr\/wp-content\/plugins\/facebook-button-plugin\/images\/standard-facebook-ico.png\" alt=\"Fb-Button\" \/>\n\t\t\t\t\t<\/a>\n\t\t\t\t<\/div><div class=\"fcbkbttn_like \"><fb:like href=\"https:\/\/patchworkinspirations.fr\/?p=6882\" action=\"like\" colorscheme=\"light\" layout=\"button_count\"  size=\"small\"><\/fb:like><\/div><div class=\"fb-share-button  \" data-href=\"https:\/\/patchworkinspirations.fr\/?p=6882\" data-type=\"button_count\" data-size=\"small\"><\/div><\/div>\n<p>Bonjour !<\/p>\n\n\n\n<p>Je n&rsquo;arrive toujours pas \u00e0 croire que nous allons vous annoncer le th\u00e8me de la 9\u00e8me \u00e9dition de notre Quilt Along !<\/p>\n\n\n\n<p>Avec Corinne de <a href=\"https:\/\/ateliercocopatch.com\/\">https:\/\/ateliercocopatch.com\/<\/a> nous avons cherch\u00e9 un th\u00e8me aussi passionnant que les 8 derniers et nous avons choisi &#8230;&#8230;&#8230;&#8230;&#8230;<\/p>\n\n\n\n<figure class=\"wp-block-image size-full\"><a href=\"https:\/\/patchworkinspirations.fr\/wp-content\/uploads\/2022\/11\/istockphoto-1148943461-612x612-1.jpg\"><img loading=\"lazy\" decoding=\"async\" width=\"612\" height=\"612\" src=\"https:\/\/patchworkinspirations.fr\/wp-content\/uploads\/2022\/11\/istockphoto-1148943461-612x612-1.jpg\" alt=\"\" class=\"wp-image-6124\" srcset=\"https:\/\/patchworkinspirations.fr\/wp-content\/uploads\/2022\/11\/istockphoto-1148943461-612x612-1.jpg 612w, https:\/\/patchworkinspirations.fr\/wp-content\/uploads\/2022\/11\/istockphoto-1148943461-612x612-1-300x300.jpg 300w, https:\/\/patchworkinspirations.fr\/wp-content\/uploads\/2022\/11\/istockphoto-1148943461-612x612-1-150x150.jpg 150w, https:\/\/patchworkinspirations.fr\/wp-content\/uploads\/2022\/11\/istockphoto-1148943461-612x612-1-250x250.jpg 250w, https:\/\/patchworkinspirations.fr\/wp-content\/uploads\/2022\/11\/istockphoto-1148943461-612x612-1-24x24.jpg 24w, https:\/\/patchworkinspirations.fr\/wp-content\/uploads\/2022\/11\/istockphoto-1148943461-612x612-1-48x48.jpg 48w, https:\/\/patchworkinspirations.fr\/wp-content\/uploads\/2022\/11\/istockphoto-1148943461-612x612-1-96x96.jpg 96w\" sizes=\"auto, (max-width: 612px) 100vw, 612px\" \/><\/a><\/figure>\n\n\n\n<p>&#8230;&#8230;&#8230;&#8230;<strong> Les animaux !!!<\/strong><\/p>\n\n\n\n<p>Et oui ! Ne les oublions pas car ils ont une symbolique et une vraie place dans nos quilts !<\/p>\n\n\n\n<p>Je rappelle les r\u00e8gles \u00e0 respecter comme chaque ann\u00e9e !<\/p>\n\n\n\n<ul class=\"wp-block-list\">\n<li>Janvier et f\u00e9vrier : conception des 16 blocs minimum ou d&rsquo;un bloc (si vous choisissez de r\u00e9aliser l&rsquo;\u00e9l\u00e9phant de Elephant Abstractions quilt, un bloc suffira) ! Ne faites pas carr\u00e9ment le troupeau !! \ud83d\ude42 hihi !<\/li>\n\n\n\n<li>Mars : montage du top<\/li>\n\n\n\n<li>Avril et mai : quilting<\/li>\n\n\n\n<li>Juin : tirage au sort pour celles et ceux qui auront termin\u00e9 leur ouvrage.<\/li>\n<\/ul>\n\n\n\n<p>Alors, quelques pr\u00e9cisions toutefois :<\/p>\n\n\n\n<p>Vous devez d\u00e9buter un quilt avec ce challenge, c&rsquo;est-\u00e0-dire qu&rsquo;utiliser des blocs d\u00e9j\u00e0 faits vous raye d&rsquo;office du tirage au sort en juin.<\/p>\n\n\n\n<p>Nous sommes tr\u00e8s cool dans la mani\u00e8re de proc\u00e9der : si vous travaillez \u00e0 la machine et que, de ce fait, vous allez vite, vous pourrez en f\u00e9vrier monter votre top.<\/p>\n\n\n\n<p>Inversement si vous ne montez que le top \u00e0 la mi-mars,<strong> ce n&rsquo;est pas grave<\/strong> ! Vous g\u00e9rez vous-m\u00eame votre rythme de travail. <\/p>\n\n\n\n<p><strong>Le tout est que vous rendiez un quilt fini le 31 mai !! \ud83d\ude42<\/strong><\/p>\n\n\n\n<p>Vous avez le libre-arbitre pour la grosseur des blocs (sauf si vous d\u00e9cidez de faire un lion ou \u00e9l\u00e9phant, nous vous demandons \u00e0 ce moment-l\u00e0 de respecter le patron du quilt choisi) ainsi que les tissus utilis\u00e9s .<\/p>\n\n\n\n<p>Nous demandons \u00e0 ce que vous postiez sur le groupe Facebook d\u00e9di\u00e9 \u00e0 ce Quilt Along r\u00e9guli\u00e8rement des photos de vos avanc\u00e9es. C&rsquo;est-\u00e0-dire une fois par semaine ou tous les 15 jours.<\/p>\n\n\n\n<p><a href=\"https:\/\/www.facebook.com\/groups\/225377351208928\">https:\/\/www.facebook.com\/groups\/225377351208928<\/a><\/p>\n\n\n\n<p>Si vous ne poss\u00e9dez pas de compte FB, pas d&rsquo;affolement, envoyez-nous vos photos par mail et nous les rajouterons.<\/p>\n\n\n\n<p>Celles qui ne joue pas le jeu et nous font parvenir une photo d&rsquo;un quilt termin\u00e9 d\u00e9but mai ne seront pas compt\u00e9es dans le tirage au sort. En g\u00e9n\u00e9ral, tout le monde comprend bien cela (mais c&rsquo;est d\u00e9j\u00e0 arriv\u00e9) !<\/p>\n\n\n\n<p>Nous avons fait appel, comme chaque ann\u00e9e \u00e0 des sponsors que voici :<\/p>\n\n\n\n<figure class=\"wp-block-image size-full\"><a href=\"https:\/\/patchworkinspirations.fr\/wp-content\/uploads\/2023\/11\/unnamed.jpg\"><img loading=\"lazy\" decoding=\"async\" width=\"900\" height=\"900\" src=\"https:\/\/patchworkinspirations.fr\/wp-content\/uploads\/2023\/11\/unnamed.jpg\" alt=\"\" class=\"wp-image-6880\" srcset=\"https:\/\/patchworkinspirations.fr\/wp-content\/uploads\/2023\/11\/unnamed.jpg 900w, https:\/\/patchworkinspirations.fr\/wp-content\/uploads\/2023\/11\/unnamed-300x300.jpg 300w, https:\/\/patchworkinspirations.fr\/wp-content\/uploads\/2023\/11\/unnamed-150x150.jpg 150w, https:\/\/patchworkinspirations.fr\/wp-content\/uploads\/2023\/11\/unnamed-768x768.jpg 768w, https:\/\/patchworkinspirations.fr\/wp-content\/uploads\/2023\/11\/unnamed-250x250.jpg 250w, https:\/\/patchworkinspirations.fr\/wp-content\/uploads\/2023\/11\/unnamed-24x24.jpg 24w, https:\/\/patchworkinspirations.fr\/wp-content\/uploads\/2023\/11\/unnamed-48x48.jpg 48w, https:\/\/patchworkinspirations.fr\/wp-content\/uploads\/2023\/11\/unnamed-96x96.jpg 96w\" sizes=\"auto, (max-width: 900px) 100vw, 900px\" \/><\/a><\/figure>\n\n\n\n<figure class=\"wp-block-image size-full\"><a href=\"https:\/\/patchworkinspirations.fr\/wp-content\/uploads\/2023\/11\/59.jpg\"><img loading=\"lazy\" decoding=\"async\" width=\"255\" height=\"255\" src=\"https:\/\/patchworkinspirations.fr\/wp-content\/uploads\/2023\/11\/59.jpg\" alt=\"\" class=\"wp-image-6879\" srcset=\"https:\/\/patchworkinspirations.fr\/wp-content\/uploads\/2023\/11\/59.jpg 255w, https:\/\/patchworkinspirations.fr\/wp-content\/uploads\/2023\/11\/59-150x150.jpg 150w, https:\/\/patchworkinspirations.fr\/wp-content\/uploads\/2023\/11\/59-250x250.jpg 250w, https:\/\/patchworkinspirations.fr\/wp-content\/uploads\/2023\/11\/59-24x24.jpg 24w, https:\/\/patchworkinspirations.fr\/wp-content\/uploads\/2023\/11\/59-48x48.jpg 48w, https:\/\/patchworkinspirations.fr\/wp-content\/uploads\/2023\/11\/59-96x96.jpg 96w\" sizes=\"auto, (max-width: 255px) 100vw, 255px\" \/><\/a><\/figure>\n\n\n\n<p>Quiltmania et Aurifil sont \u00e0 nos c\u00f4t\u00e9s depuis le d\u00e9but, alors merci Carol et Pauline (et Alex bien s\u00fbr !) !! \ud83d\ude42<\/p>\n\n\n\n<figure class=\"wp-block-image size-full\"><a href=\"https:\/\/patchworkinspirations.fr\/wp-content\/uploads\/2023\/11\/1024px-Schmetz_Logo_Vertikal.png\"><img loading=\"lazy\" decoding=\"async\" width=\"1024\" height=\"724\" src=\"https:\/\/patchworkinspirations.fr\/wp-content\/uploads\/2023\/11\/1024px-Schmetz_Logo_Vertikal.png\" alt=\"\" class=\"wp-image-6881\" srcset=\"https:\/\/patchworkinspirations.fr\/wp-content\/uploads\/2023\/11\/1024px-Schmetz_Logo_Vertikal.png 1024w, https:\/\/patchworkinspirations.fr\/wp-content\/uploads\/2023\/11\/1024px-Schmetz_Logo_Vertikal-300x212.png 300w, https:\/\/patchworkinspirations.fr\/wp-content\/uploads\/2023\/11\/1024px-Schmetz_Logo_Vertikal-768x543.png 768w, https:\/\/patchworkinspirations.fr\/wp-content\/uploads\/2023\/11\/1024px-Schmetz_Logo_Vertikal-424x300.png 424w\" sizes=\"auto, (max-width: 1024px) 100vw, 1024px\" \/><\/a><\/figure>\n\n\n\n<p>Clara Otto-Bruc de la mercerie \u00ab\u00a0J&rsquo;Imagine\u00a0\u00bb pr\u00e9s de Blois (41) mais qui a aussi un site Internet ici : <a href=\"https:\/\/merceriejimagine.fr\/\">https:\/\/merceriejimagine.fr\/<\/a> nous accompagne depuis quelques ann\u00e9es aussi ! Merci Clara ! \ud83d\ude42<\/p>\n\n\n\n<figure class=\"wp-block-image size-large\"><a href=\"https:\/\/patchworkinspirations.fr\/wp-content\/uploads\/2023\/11\/new-logo_dans-cercle_filfoly.png\"><img loading=\"lazy\" decoding=\"async\" width=\"1024\" height=\"1024\" src=\"https:\/\/patchworkinspirations.fr\/wp-content\/uploads\/2023\/11\/new-logo_dans-cercle_filfoly-1024x1024.png\" alt=\"\" class=\"wp-image-6878\" srcset=\"https:\/\/patchworkinspirations.fr\/wp-content\/uploads\/2023\/11\/new-logo_dans-cercle_filfoly-1024x1024.png 1024w, https:\/\/patchworkinspirations.fr\/wp-content\/uploads\/2023\/11\/new-logo_dans-cercle_filfoly-300x300.png 300w, https:\/\/patchworkinspirations.fr\/wp-content\/uploads\/2023\/11\/new-logo_dans-cercle_filfoly-150x150.png 150w, https:\/\/patchworkinspirations.fr\/wp-content\/uploads\/2023\/11\/new-logo_dans-cercle_filfoly-768x768.png 768w, https:\/\/patchworkinspirations.fr\/wp-content\/uploads\/2023\/11\/new-logo_dans-cercle_filfoly-250x250.png 250w, https:\/\/patchworkinspirations.fr\/wp-content\/uploads\/2023\/11\/new-logo_dans-cercle_filfoly-24x24.png 24w, https:\/\/patchworkinspirations.fr\/wp-content\/uploads\/2023\/11\/new-logo_dans-cercle_filfoly-48x48.png 48w, https:\/\/patchworkinspirations.fr\/wp-content\/uploads\/2023\/11\/new-logo_dans-cercle_filfoly-96x96.png 96w, https:\/\/patchworkinspirations.fr\/wp-content\/uploads\/2023\/11\/new-logo_dans-cercle_filfoly.png 1080w\" sizes=\"auto, (max-width: 1024px) 100vw, 1024px\" \/><\/a><\/figure>\n\n\n\n<p>Nous avons pour habitude de vous faire d\u00e9couvrir et de soutenir les entreprises fran\u00e7aises qui d\u00e9butent et cette ann\u00e9e, nous avons choisi Sylvie Aragon ! Bienvenue Sylvie ! \ud83d\ude42<\/p>\n\n\n\n<p><a href=\"https:\/\/www.filfoly.fr\/\">https:\/\/www.filfoly.fr\/<\/a><\/p>\n\n\n\n<p>Nous avons \u00e9galement demand\u00e9 \u00e0 Pascaline de <a href=\"https:\/\/couleursjapon.com\/fr\/\">https:\/\/couleursjapon.com\/fr\/<\/a> d&rsquo;\u00eatre des n\u00f4tres cette ann\u00e9e ! Bienvenue Pascaline ! \ud83d\ude42<\/p>\n\n\n\n<p>Chantal Baquin <a href=\"https:\/\/www.jequiltepourvous.com\/\">https:\/\/www.jequiltepourvous.com\/<\/a> sera encore \u00e0 nos c\u00f4t\u00e9s ainsi que Dominique Raspail, toutes deux quilteuses professionnelles  ! <\/p>\n\n\n\n<p>Merci Chantal et Dominique ! \ud83d\ude42<\/p>\n\n\n\n<p>N&rsquo;h\u00e9sitez pas \u00e0 nous poser des questions ici ou sur le groupe Facebook ! Nous ferons peut-\u00eatre un live sur Facebook s&rsquo;il s&rsquo;av\u00e8re n\u00e9cessaire.<\/p>\n\n\n\n<p>Vous pouvez \u00e0 partir d&rsquo;aujourd&rsquo;hui vous inscrire ! Sur nos blogs et le groupe Facebook !<\/p>\n\n\n\n<p>Vous avez le mois de d\u00e9cembre pour r\u00e9fl\u00e9chir \u00e0 votre quilt et vos tissus !<\/p>\n\n\n\n<p>Top d\u00e9part \u00e0 partir du 1er janvier !<\/p>\n\n\n\n<p><strong>Attention date limite d&rsquo;inscription : 20 janvier. <\/strong><\/p>\n\n\n\n<p>Merci et \u00e0 bient\u00f4t !<\/p>\n\n\n\n<p>C\u00e9cile<\/p>\n\n\n\n<p><\/p>\n","protected":false},"excerpt":{"rendered":"<p>Bonjour ! Je n&rsquo;arrive toujours pas \u00e0 croire que nous allons vous annoncer le th\u00e8me de la 9\u00e8me \u00e9dition de notre Quilt Along ! Avec Corinne de https:\/\/ateliercocopatch.com\/ nous avons cherch\u00e9 un th\u00e8me aussi passionnant que les 8 derniers et &hellip; <a href=\"https:\/\/patchworkinspirations.fr\/?p=6882\">Continuer la lecture <span class=\"meta-nav\">&rarr;<\/span><\/a><\/p>\n","protected":false},"author":1,"featured_media":0,"comment_status":"open","ping_status":"open","sticky":false,"template":"","format":"standard","meta":{"footnotes":""},"categories":[1],"tags":[],"class_list":["post-6882","post","type-post","status-publish","format-standard","hentry","category-non-classe"],"_links":{"self":[{"href":"https:\/\/patchworkinspirations.fr\/index.php?rest_route=\/wp\/v2\/posts\/6882","targetHints":{"allow":["GET"]}}],"collection":[{"href":"https:\/\/patchworkinspirations.fr\/index.php?rest_route=\/wp\/v2\/posts"}],"about":[{"href":"https:\/\/patchworkinspirations.fr\/index.php?rest_route=\/wp\/v2\/types\/post"}],"author":[{"embeddable":true,"href":"https:\/\/patchworkinspirations.fr\/index.php?rest_route=\/wp\/v2\/users\/1"}],"replies":[{"embeddable":true,"href":"https:\/\/patchworkinspirations.fr\/index.php?rest_route=%2Fwp%2Fv2%2Fcomments&post=6882"}],"version-history":[{"count":16,"href":"https:\/\/patchworkinspirations.fr\/index.php?rest_route=\/wp\/v2\/posts\/6882\/revisions"}],"predecessor-version":[{"id":6911,"href":"https:\/\/patchworkinspirations.fr\/index.php?rest_route=\/wp\/v2\/posts\/6882\/revisions\/6911"}],"wp:attachment":[{"href":"https:\/\/patchworkinspirations.fr\/index.php?rest_route=%2Fwp%2Fv2%2Fmedia&parent=6882"}],"wp:term":[{"taxonomy":"category","embeddable":true,"href":"https:\/\/patchworkinspirations.fr\/index.php?rest_route=%2Fwp%2Fv2%2Fcategories&post=6882"},{"taxonomy":"post_tag","embeddable":true,"href":"https:\/\/patchworkinspirations.fr\/index.php?rest_route=%2Fwp%2Fv2%2Ftags&post=6882"}],"curies":[{"name":"wp","href":"https:\/\/api.w.org\/{rel}","templated":true}]}}