{"id":6729,"date":"2023-10-01T12:29:24","date_gmt":"2023-10-01T11:29:24","guid":{"rendered":"https:\/\/patchworkinspirations.fr\/?p=6729"},"modified":"2023-10-01T15:07:11","modified_gmt":"2023-10-01T14:07:11","slug":"france-patchwork","status":"publish","type":"post","link":"https:\/\/patchworkinspirations.fr\/?p=6729","title":{"rendered":"L&rsquo;Association France Patchwork"},"content":{"rendered":"<div class=\"fcbkbttn_buttons_block\" id=\"fcbkbttn_left\"><div class=\"fcbkbttn_button\">\n\t\t\t\t\t<a href=\"https:\/\/www.facebook.com\/http:\/\/facebook.com\/patchworkinspirations\" target=\"_blank\">\n\t\t\t\t\t\t<img decoding=\"async\" src=\"https:\/\/patchworkinspirations.fr\/wp-content\/plugins\/facebook-button-plugin\/images\/standard-facebook-ico.png\" alt=\"Fb-Button\" \/>\n\t\t\t\t\t<\/a>\n\t\t\t\t<\/div><div class=\"fcbkbttn_like \"><fb:like href=\"https:\/\/patchworkinspirations.fr\/?p=6729\" action=\"like\" colorscheme=\"light\" layout=\"button_count\"  size=\"small\"><\/fb:like><\/div><div class=\"fb-share-button  \" data-href=\"https:\/\/patchworkinspirations.fr\/?p=6729\" data-type=\"button_count\" data-size=\"small\"><\/div><\/div>\n<p>Bonjour,<\/p>\n\n\n\n<p>Lorsque Isabel Larzilli\u00e8re, la nouvelle pr\u00e9sidente de l&rsquo;association France Patchwork, m&rsquo;a contact\u00e9e suite \u00e0 mon pr\u00e9c\u00e9dent post, j&rsquo;ai \u00e9t\u00e9 un peu \u00e9tonn\u00e9e par sa demande mais j&rsquo;ai aussit\u00f4t dit oui !<\/p>\n\n\n\n<p>Demande qui \u00e9tait celle-ci : faire la promotion de l&rsquo;association.<\/p>\n\n\n\n<p>Ne nous voilons pas la face et soyons honn\u00eates &#8230;France Patchwork perd des adh\u00e9rents malgr\u00e9 leurs efforts et le site internet nouvellement rafra\u00eechit par l&rsquo;infatigable et p\u00e9tillante Edith Bouilly. <\/p>\n\n\n\n<figure class=\"wp-block-embed is-type-wp-embed is-provider-france-patchwork wp-block-embed-france-patchwork\"><div class=\"wp-block-embed__wrapper\">\nhttps:\/\/www.francepatchwork.com\/\n<\/div><figcaption class=\"wp-element-caption\"><a href=\"https:\/\/www.francepatchwork.com\/\" data-type=\"link\" data-id=\"https:\/\/www.francepatchwork.com\/\">https:\/\/www.francepatchwork.com\/<\/a><\/figcaption><\/figure>\n\n\n\n<p>Le probl\u00e8me n&rsquo;est pas le m\u00eame que celui des Editions Quiltmania car Quiltmania a juste modifi\u00e9 sa mani\u00e8re de vendre ses magazines ainsi que ses livres. C&rsquo;est un choix m\u00fbrement r\u00e9fl\u00e9chi.<\/p>\n\n\n\n<p><strong><em>Voir mon post pr\u00e9c\u00e9dent<\/em>.<\/strong><\/p>\n\n\n\n<p>Alors que pour recevoir le magazine de l&rsquo;Association France Patchwork, il faut \u00eatre abonn\u00e9, et ce, depuis le d\u00e9but de la cr\u00e9ation de l&rsquo;Association, en 1984.<\/p>\n\n\n\n<p>Le Covid a boulevers\u00e9 notre soci\u00e9t\u00e9, et l&rsquo;inflation que nous subissons n&rsquo;arrange pas les choses. Mais pas seulement&#8230;<\/p>\n\n\n\n<p>Il convient alors de se poser les bonnes questions.<\/p>\n\n\n\n<ul class=\"wp-block-list\">\n<li>avez-vous envie de soutenir l&rsquo;association ? Si non pourquoi ?<\/li>\n\n\n\n<li>Etes-vous satisfaits des Journ\u00e9es d&rsquo;Amiti\u00e9 qui sont propos\u00e9es en France ? Si non pourquoi ?<\/li>\n\n\n\n<li>Ou bien \u00eates-vous frustr\u00e9s de ne pas trouver de d\u00e9l\u00e9gations proches de votre domicile &#8230; A ce moment-l\u00e0, lancez-vous ! L&rsquo;Association vous guidera ! Ce sera une belle aventure riche en rencontres et en exp\u00e9riences !<\/li>\n\n\n\n<li>Aimez-vous leurs magazines ? Si non pourquoi ?<\/li>\n\n\n\n<li>Que souhaiteriez-vous lire comme articles plus souvent ? <\/li>\n\n\n\n<li>Connaissez-vous vraiment l&rsquo;Association France Patchwork et ce qu&rsquo;elle propose ?<\/li>\n\n\n\n<li>Souhaiteriez-vous un magazine num\u00e9rique ?<\/li>\n<\/ul>\n\n\n\n<p>Tant de questions qui, peut-\u00eatre (mais ce n&rsquo;est que mon avis), m\u00e9riteraient un sondage dans tout l&rsquo;hexagone et Dom-Tom pour essayer de comprendre cette perte de vitesse&#8230; et changer certaines choses ? <\/p>\n\n\n\n<p>Mais il n&rsquo;en tient qu&rsquo;\u00e0 vous, lectrices et lecteurs, de le demander et de faire en sorte que les choses puissent changer ! Ou bien tout simplement le leur \u00e9crire !<\/p>\n\n\n\n<p>La nouvelle \u00e9quipe, formidable et volontaire, compos\u00e9e de b\u00e9n\u00e9voles est l\u00e0 pour faire tout ce qu&rsquo;elle pourra pour vous satisfaire, j&rsquo;en suis certaine. <em>Elle sera \u00e0 votre \u00e9coute.<\/em><\/p>\n\n\n\n<p>Sachez enfin que vous pouvez simplement <em>soutenir l&rsquo;association sans recevoir le magazine<\/em>.<\/p>\n\n\n\n<p><\/p>\n\n\n\n<figure class=\"wp-block-image size-large is-resized\"><a href=\"https:\/\/patchworkinspirations.fr\/wp-content\/uploads\/2023\/10\/FP-158-scaled.jpg\"><img loading=\"lazy\" decoding=\"async\" src=\"https:\/\/patchworkinspirations.fr\/wp-content\/uploads\/2023\/10\/FP-158-768x1024.jpg\" alt=\"\" class=\"wp-image-6728\" style=\"width:614px;height:795px\" width=\"614\" height=\"795\"\/><\/a><figcaption class=\"wp-element-caption\">Dernier magazine paru pour la saison d&rsquo;Automne.<\/figcaption><\/figure>\n\n\n\n<p>Si vous aimez l&rsquo;art textile, si vous aimez le patchwork, si vous d\u00e9sirez conna\u00eetre la vie des d\u00e9l\u00e9gations en France,  et bien d&rsquo;autres choses encore, abonnez-vous ! \ud83d\ude42<\/p>\n\n\n\n<p>Merci et \u00ab\u00a0bon vent\u00a0\u00bb \u00e0 la nouvelle \u00e9quipe de France Patchwork !<\/p>\n\n\n\n<p>Merci et mille bravos \u00e0 Catherine Bonte pour sa formidable \u00e9nergie au sein de  l&rsquo;Association, donn\u00e9e sans compter tout au long de sa pr\u00e9sidence, et pour son travail \u00e0 l&rsquo;\u00e9tranger pour la faire conna\u00eetre.<\/p>\n\n\n\n<p>C\u00e9cile<\/p>\n","protected":false},"excerpt":{"rendered":"<p>Bonjour, Lorsque Isabel Larzilli\u00e8re, la nouvelle pr\u00e9sidente de l&rsquo;association France Patchwork, m&rsquo;a contact\u00e9e suite \u00e0 mon pr\u00e9c\u00e9dent post, j&rsquo;ai \u00e9t\u00e9 un peu \u00e9tonn\u00e9e par sa demande mais j&rsquo;ai aussit\u00f4t dit oui ! Demande qui \u00e9tait celle-ci : faire la promotion &hellip; <a href=\"https:\/\/patchworkinspirations.fr\/?p=6729\">Continuer la lecture <span class=\"meta-nav\">&rarr;<\/span><\/a><\/p>\n","protected":false},"author":1,"featured_media":0,"comment_status":"open","ping_status":"open","sticky":false,"template":"","format":"standard","meta":{"footnotes":""},"categories":[1],"tags":[],"class_list":["post-6729","post","type-post","status-publish","format-standard","hentry","category-non-classe"],"_links":{"self":[{"href":"https:\/\/patchworkinspirations.fr\/index.php?rest_route=\/wp\/v2\/posts\/6729","targetHints":{"allow":["GET"]}}],"collection":[{"href":"https:\/\/patchworkinspirations.fr\/index.php?rest_route=\/wp\/v2\/posts"}],"about":[{"href":"https:\/\/patchworkinspirations.fr\/index.php?rest_route=\/wp\/v2\/types\/post"}],"author":[{"embeddable":true,"href":"https:\/\/patchworkinspirations.fr\/index.php?rest_route=\/wp\/v2\/users\/1"}],"replies":[{"embeddable":true,"href":"https:\/\/patchworkinspirations.fr\/index.php?rest_route=%2Fwp%2Fv2%2Fcomments&post=6729"}],"version-history":[{"count":29,"href":"https:\/\/patchworkinspirations.fr\/index.php?rest_route=\/wp\/v2\/posts\/6729\/revisions"}],"predecessor-version":[{"id":6762,"href":"https:\/\/patchworkinspirations.fr\/index.php?rest_route=\/wp\/v2\/posts\/6729\/revisions\/6762"}],"wp:attachment":[{"href":"https:\/\/patchworkinspirations.fr\/index.php?rest_route=%2Fwp%2Fv2%2Fmedia&parent=6729"}],"wp:term":[{"taxonomy":"category","embeddable":true,"href":"https:\/\/patchworkinspirations.fr\/index.php?rest_route=%2Fwp%2Fv2%2Fcategories&post=6729"},{"taxonomy":"post_tag","embeddable":true,"href":"https:\/\/patchworkinspirations.fr\/index.php?rest_route=%2Fwp%2Fv2%2Ftags&post=6729"}],"curies":[{"name":"wp","href":"https:\/\/api.w.org\/{rel}","templated":true}]}}