{"id":6222,"date":"2023-03-23T10:09:14","date_gmt":"2023-03-23T09:09:14","guid":{"rendered":"https:\/\/patchworkinspirations.fr\/?p=6222"},"modified":"2023-03-29T08:20:52","modified_gmt":"2023-03-29T07:20:52","slug":"salon-pour-lamour-du-fil","status":"publish","type":"post","link":"https:\/\/patchworkinspirations.fr\/?p=6222","title":{"rendered":"Salon Pour l&rsquo;Amour du Fil !"},"content":{"rendered":"<div class=\"fcbkbttn_buttons_block\" id=\"fcbkbttn_left\"><div class=\"fcbkbttn_button\">\n\t\t\t\t\t<a href=\"https:\/\/www.facebook.com\/http:\/\/facebook.com\/patchworkinspirations\" target=\"_blank\">\n\t\t\t\t\t\t<img decoding=\"async\" src=\"https:\/\/patchworkinspirations.fr\/wp-content\/plugins\/facebook-button-plugin\/images\/standard-facebook-ico.png\" alt=\"Fb-Button\" \/>\n\t\t\t\t\t<\/a>\n\t\t\t\t<\/div><div class=\"fcbkbttn_like \"><fb:like href=\"https:\/\/patchworkinspirations.fr\/?p=6222\" action=\"like\" colorscheme=\"light\" layout=\"button_count\"  size=\"small\"><\/fb:like><\/div><div class=\"fb-share-button  \" data-href=\"https:\/\/patchworkinspirations.fr\/?p=6222\" data-type=\"button_count\" data-size=\"small\"><\/div><\/div>\n<p>Bonjour,<\/p>\n\n\n\n<p>Il est temps de vous parler de ce beau salon, unique en France !<\/p>\n\n\n\n<p>Les \u00e9ditions Quiltmania ont eu la merveilleuse id\u00e9e en 2009 de cr\u00e9er cet \u00e9v\u00e8nement connu dans le monde entier : le Salon pour l&rsquo;Amour du Fil !<\/p>\n\n\n\n<p>Rien qu&rsquo;\u00e0 l&rsquo;\u00e9vocation du nom, cela fait r\u00eaver&#8230;<\/p>\n\n\n\n<p>Le th\u00e8me principal du salon traite en priorit\u00e9 des quilts (ou patchwork en fran\u00e7ais) mais aujourd&rsquo;hui, c&rsquo;est le fil dans tous ses \u00e9tats, avec de la broderie et tous les d\u00e9riv\u00e9s du fil (sashiko, Boro, Punch Needle, un peu de couture, tricot&#8230;), bref, il a l&rsquo;avantage de satisfaire un public large mais avec un fil conducteur (sans jeu de mots !) l&rsquo;amour des tissus et des quilts !<\/p>\n\n\n\n<p>Chaque ann\u00e9e, un pays invit\u00e9 d&rsquo;honneur est pr\u00e9sent et cette ann\u00e9e, nous recevons les Pays-Bas et leur histoire \u00e0 travers les quilts !! Tout un programme !<\/p>\n\n\n\n<p>Je vous mets le lien des expositions pr\u00e9sentes cette ann\u00e9e :  <a href=\"https:\/\/pourlamourdufil.com\/pages\/les-expositions-2023\">https:\/\/pourlamourdufil.com\/pages\/les-expositions-2023<\/a><\/p>\n\n\n\n<p> <\/p>\n\n\n\n<p>Voici le lien des magasins exposants cette ann\u00e9e ! Ils viennent des quatre coins du monde !<\/p>\n\n\n\n<p><a href=\"https:\/\/pourlamourdufil.com\/pages\/exposants\">https:\/\/pourlamourdufil.com\/pages\/exposants<\/a><\/p>\n\n\n\n<p>Nous vous donnons rendez-vous \u00e0 partir du mercredi 19 avril et jusqu&rsquo;au samedi 22 avril !<\/p>\n\n\n\n<p>Je serai cette ann\u00e9e, sur le Coin des Blogueuses mais de temps en temps sur des corners ! <\/p>\n\n\n\n<p>Venez papoter, venez \u00e9changer mais n&rsquo;h\u00e9sitez pas \u00e0 vous faire conna\u00eetre !<\/p>\n\n\n\n<p>Ce salon a \u00e9t\u00e9 cr\u00e9e pour cela, il a \u00e9t\u00e9 cr\u00e9e pour vous !<\/p>\n\n\n\n<p><\/p>\n\n\n\n<figure class=\"wp-block-image size-large\"><a href=\"https:\/\/patchworkinspirations.fr\/wp-content\/uploads\/2023\/03\/IMG_4147-scaled.jpg\"><img loading=\"lazy\" decoding=\"async\" width=\"768\" height=\"1024\" src=\"https:\/\/patchworkinspirations.fr\/wp-content\/uploads\/2023\/03\/IMG_4147-768x1024.jpg\" alt=\"\" class=\"wp-image-6221\" srcset=\"https:\/\/patchworkinspirations.fr\/wp-content\/uploads\/2023\/03\/IMG_4147-768x1024.jpg 768w, https:\/\/patchworkinspirations.fr\/wp-content\/uploads\/2023\/03\/IMG_4147-225x300.jpg 225w, https:\/\/patchworkinspirations.fr\/wp-content\/uploads\/2023\/03\/IMG_4147-1152x1536.jpg 1152w, https:\/\/patchworkinspirations.fr\/wp-content\/uploads\/2023\/03\/IMG_4147-1536x2048.jpg 1536w, https:\/\/patchworkinspirations.fr\/wp-content\/uploads\/2023\/03\/IMG_4147-scaled.jpg 1920w\" sizes=\"auto, (max-width: 768px) 100vw, 768px\" \/><\/a><\/figure>\n\n\n\n<p>A tr\u00e8s bient\u00f4t !!<\/p>\n\n\n\n<p>C\u00e9cile<\/p>\n\n\n\n<p><\/p>\n","protected":false},"excerpt":{"rendered":"<p>Bonjour, Il est temps de vous parler de ce beau salon, unique en France ! Les \u00e9ditions Quiltmania ont eu la merveilleuse id\u00e9e en 2009 de cr\u00e9er cet \u00e9v\u00e8nement connu dans le monde entier : le Salon pour l&rsquo;Amour du &hellip; <a href=\"https:\/\/patchworkinspirations.fr\/?p=6222\">Continuer la lecture <span class=\"meta-nav\">&rarr;<\/span><\/a><\/p>\n","protected":false},"author":1,"featured_media":0,"comment_status":"open","ping_status":"open","sticky":false,"template":"","format":"standard","meta":{"footnotes":""},"categories":[1],"tags":[],"class_list":["post-6222","post","type-post","status-publish","format-standard","hentry","category-non-classe"],"_links":{"self":[{"href":"https:\/\/patchworkinspirations.fr\/index.php?rest_route=\/wp\/v2\/posts\/6222","targetHints":{"allow":["GET"]}}],"collection":[{"href":"https:\/\/patchworkinspirations.fr\/index.php?rest_route=\/wp\/v2\/posts"}],"about":[{"href":"https:\/\/patchworkinspirations.fr\/index.php?rest_route=\/wp\/v2\/types\/post"}],"author":[{"embeddable":true,"href":"https:\/\/patchworkinspirations.fr\/index.php?rest_route=\/wp\/v2\/users\/1"}],"replies":[{"embeddable":true,"href":"https:\/\/patchworkinspirations.fr\/index.php?rest_route=%2Fwp%2Fv2%2Fcomments&post=6222"}],"version-history":[{"count":10,"href":"https:\/\/patchworkinspirations.fr\/index.php?rest_route=\/wp\/v2\/posts\/6222\/revisions"}],"predecessor-version":[{"id":6234,"href":"https:\/\/patchworkinspirations.fr\/index.php?rest_route=\/wp\/v2\/posts\/6222\/revisions\/6234"}],"wp:attachment":[{"href":"https:\/\/patchworkinspirations.fr\/index.php?rest_route=%2Fwp%2Fv2%2Fmedia&parent=6222"}],"wp:term":[{"taxonomy":"category","embeddable":true,"href":"https:\/\/patchworkinspirations.fr\/index.php?rest_route=%2Fwp%2Fv2%2Fcategories&post=6222"},{"taxonomy":"post_tag","embeddable":true,"href":"https:\/\/patchworkinspirations.fr\/index.php?rest_route=%2Fwp%2Fv2%2Ftags&post=6222"}],"curies":[{"name":"wp","href":"https:\/\/api.w.org\/{rel}","templated":true}]}}