{"id":6207,"date":"2023-01-24T10:13:25","date_gmt":"2023-01-24T09:13:25","guid":{"rendered":"https:\/\/patchworkinspirations.fr\/?p=6207"},"modified":"2023-01-25T10:04:08","modified_gmt":"2023-01-25T09:04:08","slug":"salon-des-arts-creatifs-de-mer-loir-et-cher","status":"publish","type":"post","link":"https:\/\/patchworkinspirations.fr\/?p=6207","title":{"rendered":"Salon des Arts Cr\u00e9atifs de Mer (Loir et Cher)"},"content":{"rendered":"<div class=\"fcbkbttn_buttons_block\" id=\"fcbkbttn_left\"><div class=\"fcbkbttn_button\">\n\t\t\t\t\t<a href=\"https:\/\/www.facebook.com\/http:\/\/facebook.com\/patchworkinspirations\" target=\"_blank\">\n\t\t\t\t\t\t<img decoding=\"async\" src=\"https:\/\/patchworkinspirations.fr\/wp-content\/plugins\/facebook-button-plugin\/images\/standard-facebook-ico.png\" alt=\"Fb-Button\" \/>\n\t\t\t\t\t<\/a>\n\t\t\t\t<\/div><div class=\"fcbkbttn_like \"><fb:like href=\"https:\/\/patchworkinspirations.fr\/?p=6207\" action=\"like\" colorscheme=\"light\" layout=\"button_count\"  size=\"small\"><\/fb:like><\/div><div class=\"fb-share-button  \" data-href=\"https:\/\/patchworkinspirations.fr\/?p=6207\" data-type=\"button_count\" data-size=\"small\"><\/div><\/div>\n<p>Bonjour,<\/p>\n\n\n\n<p>Ce week-end s&rsquo;est tenu \u00e0 Mer le salon de loisirs cr\u00e9atifs \u00ab\u00a0Passions et Cr\u00e9ations\u00a0\u00bb. Apr\u00e8s trois ann\u00e9es de parenth\u00e8se d\u00fb au Covid, l&rsquo;association de Nicole Pinault \u00ab\u00a0Passions au bout des Doigts\u00a0\u00bb reprenait du service !<\/p>\n\n\n\n<p>C&rsquo;est un salon \u00e0 taille humaine qui accueille une trentaine d&rsquo;exposants qui ne vendent pas de produits finis, mais au contraire, des mat\u00e9riaux pour permettre de travailler sur un projet.<\/p>\n\n\n\n<p>L&rsquo;association compte une centaine de membres (!!!) et avant le Covid, on pouvait m\u00eame \u00e9crire le nombre impressionnant de 180&#8230;!<\/p>\n\n\n\n<p>C&rsquo;\u00e9tait la dixi\u00e8me \u00e9dition du salon et c&rsquo;est un gros travail de pr\u00e9paration car il a lieu chaque ann\u00e9e. Accueillant chaque ann\u00e9e en moyenne une trentaine d&rsquo;exposants, cette ann\u00e9e a fait exception car la reprise est difficile&#8230; mais nous avons quand m\u00eame pass\u00e9 un tr\u00e8s bon moment \u00e0 d\u00e9couvrir et papoter.<\/p>\n\n\n\n<p>Voici quelques photos qui vous permettront de vous faire une id\u00e9e.<\/p>\n\n\n\n<figure class=\"wp-block-image size-large\"><a href=\"https:\/\/patchworkinspirations.fr\/wp-content\/uploads\/2023\/01\/20230122_143444.jpg\"><img loading=\"lazy\" decoding=\"async\" width=\"1024\" height=\"768\" src=\"https:\/\/patchworkinspirations.fr\/wp-content\/uploads\/2023\/01\/20230122_143444-1024x768.jpg\" alt=\"\" class=\"wp-image-6190\" srcset=\"https:\/\/patchworkinspirations.fr\/wp-content\/uploads\/2023\/01\/20230122_143444-1024x768.jpg 1024w, https:\/\/patchworkinspirations.fr\/wp-content\/uploads\/2023\/01\/20230122_143444-300x225.jpg 300w, https:\/\/patchworkinspirations.fr\/wp-content\/uploads\/2023\/01\/20230122_143444-768x576.jpg 768w, https:\/\/patchworkinspirations.fr\/wp-content\/uploads\/2023\/01\/20230122_143444-400x300.jpg 400w, https:\/\/patchworkinspirations.fr\/wp-content\/uploads\/2023\/01\/20230122_143444.jpg 1200w\" sizes=\"auto, (max-width: 1024px) 100vw, 1024px\" \/><\/a><figcaption class=\"wp-element-caption\">Le coin cartonnage. Les exposants font partie de l&rsquo;association !<\/figcaption><\/figure>\n\n\n\n<figure class=\"wp-block-image size-large\"><a href=\"https:\/\/patchworkinspirations.fr\/wp-content\/uploads\/2023\/01\/20230122_143450.jpg\"><img loading=\"lazy\" decoding=\"async\" width=\"1024\" height=\"768\" src=\"https:\/\/patchworkinspirations.fr\/wp-content\/uploads\/2023\/01\/20230122_143450-1024x768.jpg\" alt=\"\" class=\"wp-image-6191\" srcset=\"https:\/\/patchworkinspirations.fr\/wp-content\/uploads\/2023\/01\/20230122_143450-1024x768.jpg 1024w, https:\/\/patchworkinspirations.fr\/wp-content\/uploads\/2023\/01\/20230122_143450-300x225.jpg 300w, https:\/\/patchworkinspirations.fr\/wp-content\/uploads\/2023\/01\/20230122_143450-768x576.jpg 768w, https:\/\/patchworkinspirations.fr\/wp-content\/uploads\/2023\/01\/20230122_143450-400x300.jpg 400w, https:\/\/patchworkinspirations.fr\/wp-content\/uploads\/2023\/01\/20230122_143450.jpg 1200w\" sizes=\"auto, (max-width: 1024px) 100vw, 1024px\" \/><\/a><\/figure>\n\n\n\n<figure class=\"wp-block-image size-large\"><a href=\"https:\/\/patchworkinspirations.fr\/wp-content\/uploads\/2023\/01\/20230122_143504.jpg\"><img loading=\"lazy\" decoding=\"async\" width=\"1024\" height=\"768\" src=\"https:\/\/patchworkinspirations.fr\/wp-content\/uploads\/2023\/01\/20230122_143504-1024x768.jpg\" alt=\"\" class=\"wp-image-6192\" srcset=\"https:\/\/patchworkinspirations.fr\/wp-content\/uploads\/2023\/01\/20230122_143504-1024x768.jpg 1024w, https:\/\/patchworkinspirations.fr\/wp-content\/uploads\/2023\/01\/20230122_143504-300x225.jpg 300w, https:\/\/patchworkinspirations.fr\/wp-content\/uploads\/2023\/01\/20230122_143504-768x576.jpg 768w, https:\/\/patchworkinspirations.fr\/wp-content\/uploads\/2023\/01\/20230122_143504-400x300.jpg 400w, https:\/\/patchworkinspirations.fr\/wp-content\/uploads\/2023\/01\/20230122_143504.jpg 1200w\" sizes=\"auto, (max-width: 1024px) 100vw, 1024px\" \/><\/a><\/figure>\n\n\n\n<figure class=\"wp-block-image size-large\"><a href=\"https:\/\/patchworkinspirations.fr\/wp-content\/uploads\/2023\/01\/20230122_143544-rotated.jpg\"><img loading=\"lazy\" decoding=\"async\" width=\"768\" height=\"1024\" src=\"https:\/\/patchworkinspirations.fr\/wp-content\/uploads\/2023\/01\/20230122_143544-768x1024.jpg\" alt=\"\" class=\"wp-image-6193\" srcset=\"https:\/\/patchworkinspirations.fr\/wp-content\/uploads\/2023\/01\/20230122_143544-768x1024.jpg 768w, https:\/\/patchworkinspirations.fr\/wp-content\/uploads\/2023\/01\/20230122_143544-225x300.jpg 225w, https:\/\/patchworkinspirations.fr\/wp-content\/uploads\/2023\/01\/20230122_143544-rotated.jpg 900w\" sizes=\"auto, (max-width: 768px) 100vw, 768px\" \/><\/a><\/figure>\n\n\n\n<figure class=\"wp-block-image size-large\"><a href=\"https:\/\/patchworkinspirations.fr\/wp-content\/uploads\/2023\/01\/20230122_143703-rotated.jpg\"><img loading=\"lazy\" decoding=\"async\" width=\"768\" height=\"1024\" src=\"https:\/\/patchworkinspirations.fr\/wp-content\/uploads\/2023\/01\/20230122_143703-768x1024.jpg\" alt=\"\" class=\"wp-image-6194\" srcset=\"https:\/\/patchworkinspirations.fr\/wp-content\/uploads\/2023\/01\/20230122_143703-768x1024.jpg 768w, https:\/\/patchworkinspirations.fr\/wp-content\/uploads\/2023\/01\/20230122_143703-225x300.jpg 225w, https:\/\/patchworkinspirations.fr\/wp-content\/uploads\/2023\/01\/20230122_143703-rotated.jpg 900w\" sizes=\"auto, (max-width: 768px) 100vw, 768px\" \/><\/a><figcaption class=\"wp-element-caption\">Maison r\u00e9alis\u00e9e en cartonnage : elle renferme une bo\u00eete \u00e0 mouchoirs qui s&rsquo;\u00e9chappent par la chemin\u00e9e, donnant l&rsquo;illusion de la fum\u00e9e !<\/figcaption><\/figure>\n\n\n\n<figure class=\"wp-block-image size-large\"><a href=\"https:\/\/patchworkinspirations.fr\/wp-content\/uploads\/2023\/01\/20230122_144237-rotated.jpg\"><img loading=\"lazy\" decoding=\"async\" width=\"768\" height=\"1024\" src=\"https:\/\/patchworkinspirations.fr\/wp-content\/uploads\/2023\/01\/20230122_144237-768x1024.jpg\" alt=\"\" class=\"wp-image-6195\" srcset=\"https:\/\/patchworkinspirations.fr\/wp-content\/uploads\/2023\/01\/20230122_144237-768x1024.jpg 768w, https:\/\/patchworkinspirations.fr\/wp-content\/uploads\/2023\/01\/20230122_144237-225x300.jpg 225w, https:\/\/patchworkinspirations.fr\/wp-content\/uploads\/2023\/01\/20230122_144237-rotated.jpg 900w\" sizes=\"auto, (max-width: 768px) 100vw, 768px\" \/><\/a><figcaption class=\"wp-element-caption\">La dame fait de la r\u00e9fection de si\u00e8ges ! <\/figcaption><\/figure>\n\n\n\n<figure class=\"wp-block-image size-large\"><a href=\"https:\/\/patchworkinspirations.fr\/wp-content\/uploads\/2023\/01\/20230123_110453-rotated.jpg\"><img loading=\"lazy\" decoding=\"async\" width=\"768\" height=\"1024\" src=\"https:\/\/patchworkinspirations.fr\/wp-content\/uploads\/2023\/01\/20230123_110453-768x1024.jpg\" alt=\"\" class=\"wp-image-6206\" srcset=\"https:\/\/patchworkinspirations.fr\/wp-content\/uploads\/2023\/01\/20230123_110453-768x1024.jpg 768w, https:\/\/patchworkinspirations.fr\/wp-content\/uploads\/2023\/01\/20230123_110453-225x300.jpg 225w, https:\/\/patchworkinspirations.fr\/wp-content\/uploads\/2023\/01\/20230123_110453-rotated.jpg 900w\" sizes=\"auto, (max-width: 768px) 100vw, 768px\" \/><\/a><figcaption class=\"wp-element-caption\">Durant toute l&rsquo;ann\u00e9e, les membres du club proposent des cours qu&rsquo;ils donnent eux-m\u00eames ! <\/figcaption><\/figure>\n\n\n\n<figure class=\"wp-block-image size-large\"><a href=\"https:\/\/patchworkinspirations.fr\/wp-content\/uploads\/2023\/01\/20230122_144357-rotated.jpg\"><img loading=\"lazy\" decoding=\"async\" width=\"768\" height=\"1024\" src=\"https:\/\/patchworkinspirations.fr\/wp-content\/uploads\/2023\/01\/20230122_144357-768x1024.jpg\" alt=\"\" class=\"wp-image-6196\" srcset=\"https:\/\/patchworkinspirations.fr\/wp-content\/uploads\/2023\/01\/20230122_144357-768x1024.jpg 768w, https:\/\/patchworkinspirations.fr\/wp-content\/uploads\/2023\/01\/20230122_144357-225x300.jpg 225w, https:\/\/patchworkinspirations.fr\/wp-content\/uploads\/2023\/01\/20230122_144357-rotated.jpg 900w\" sizes=\"auto, (max-width: 768px) 100vw, 768px\" \/><\/a><figcaption class=\"wp-element-caption\">La rel\u00e8ve est sans aucun doute assur\u00e9e avec cette demoiselle faisant de la dentelle aux fuseaux !<\/figcaption><\/figure>\n\n\n\n<figure class=\"wp-block-image size-large\"><a href=\"https:\/\/patchworkinspirations.fr\/wp-content\/uploads\/2023\/01\/20230122_144508.jpg\"><img loading=\"lazy\" decoding=\"async\" width=\"1024\" height=\"768\" src=\"https:\/\/patchworkinspirations.fr\/wp-content\/uploads\/2023\/01\/20230122_144508-1024x768.jpg\" alt=\"\" class=\"wp-image-6198\" srcset=\"https:\/\/patchworkinspirations.fr\/wp-content\/uploads\/2023\/01\/20230122_144508-1024x768.jpg 1024w, https:\/\/patchworkinspirations.fr\/wp-content\/uploads\/2023\/01\/20230122_144508-300x225.jpg 300w, https:\/\/patchworkinspirations.fr\/wp-content\/uploads\/2023\/01\/20230122_144508-768x576.jpg 768w, https:\/\/patchworkinspirations.fr\/wp-content\/uploads\/2023\/01\/20230122_144508-400x300.jpg 400w, https:\/\/patchworkinspirations.fr\/wp-content\/uploads\/2023\/01\/20230122_144508.jpg 1200w\" sizes=\"auto, (max-width: 1024px) 100vw, 1024px\" \/><\/a><\/figure>\n\n\n\n<figure class=\"wp-block-image size-large\"><a href=\"https:\/\/patchworkinspirations.fr\/wp-content\/uploads\/2023\/01\/20230122_144504.jpg\"><img loading=\"lazy\" decoding=\"async\" width=\"1024\" height=\"768\" src=\"https:\/\/patchworkinspirations.fr\/wp-content\/uploads\/2023\/01\/20230122_144504-1024x768.jpg\" alt=\"\" class=\"wp-image-6197\" srcset=\"https:\/\/patchworkinspirations.fr\/wp-content\/uploads\/2023\/01\/20230122_144504-1024x768.jpg 1024w, https:\/\/patchworkinspirations.fr\/wp-content\/uploads\/2023\/01\/20230122_144504-300x225.jpg 300w, https:\/\/patchworkinspirations.fr\/wp-content\/uploads\/2023\/01\/20230122_144504-768x576.jpg 768w, https:\/\/patchworkinspirations.fr\/wp-content\/uploads\/2023\/01\/20230122_144504-400x300.jpg 400w, https:\/\/patchworkinspirations.fr\/wp-content\/uploads\/2023\/01\/20230122_144504.jpg 1200w\" sizes=\"auto, (max-width: 1024px) 100vw, 1024px\" \/><\/a><figcaption class=\"wp-element-caption\">Ici \u00e9tait le stand des Laines Mohair du pays de Chambord ! Et oui, juste \u00e0 c\u00f4t\u00e9 du ch\u00e2teau, il y a un \u00e9levage de ch\u00e8vres et une filature d&rsquo;o\u00f9 est tir\u00e9e cette laine ! Vous pouvez visiter la filature sur rendez-vous.<\/figcaption><\/figure>\n\n\n\n<figure class=\"wp-block-image size-large\"><a href=\"https:\/\/patchworkinspirations.fr\/wp-content\/uploads\/2023\/01\/20230122_145022.jpg\"><img loading=\"lazy\" decoding=\"async\" width=\"1024\" height=\"768\" src=\"https:\/\/patchworkinspirations.fr\/wp-content\/uploads\/2023\/01\/20230122_145022-1024x768.jpg\" alt=\"\" class=\"wp-image-6199\" srcset=\"https:\/\/patchworkinspirations.fr\/wp-content\/uploads\/2023\/01\/20230122_145022-1024x768.jpg 1024w, https:\/\/patchworkinspirations.fr\/wp-content\/uploads\/2023\/01\/20230122_145022-300x225.jpg 300w, https:\/\/patchworkinspirations.fr\/wp-content\/uploads\/2023\/01\/20230122_145022-768x576.jpg 768w, https:\/\/patchworkinspirations.fr\/wp-content\/uploads\/2023\/01\/20230122_145022-400x300.jpg 400w, https:\/\/patchworkinspirations.fr\/wp-content\/uploads\/2023\/01\/20230122_145022.jpg 1200w\" sizes=\"auto, (max-width: 1024px) 100vw, 1024px\" \/><\/a><figcaption class=\"wp-element-caption\">Un stand de tissus AGF pour le patchwork sur la droite. Certains de ces exposants sont en r\u00e9gion Centre mais d&rsquo;autres viennent de toute la France !<\/figcaption><\/figure>\n\n\n\n<p><\/p>\n\n\n\n<figure class=\"wp-block-image size-large\"><a href=\"https:\/\/patchworkinspirations.fr\/wp-content\/uploads\/2023\/01\/20230122_145059-rotated.jpg\"><img loading=\"lazy\" decoding=\"async\" width=\"768\" height=\"1024\" src=\"https:\/\/patchworkinspirations.fr\/wp-content\/uploads\/2023\/01\/20230122_145059-768x1024.jpg\" alt=\"\" class=\"wp-image-6200\" srcset=\"https:\/\/patchworkinspirations.fr\/wp-content\/uploads\/2023\/01\/20230122_145059-768x1024.jpg 768w, https:\/\/patchworkinspirations.fr\/wp-content\/uploads\/2023\/01\/20230122_145059-225x300.jpg 225w, https:\/\/patchworkinspirations.fr\/wp-content\/uploads\/2023\/01\/20230122_145059-rotated.jpg 900w\" sizes=\"auto, (max-width: 768px) 100vw, 768px\" \/><\/a><figcaption class=\"wp-element-caption\">Et sur la gauche, du boutis. La dame collabore avec Hubert Val\u00e9ry.<\/figcaption><\/figure>\n\n\n\n<figure class=\"wp-block-image size-large\"><a href=\"https:\/\/patchworkinspirations.fr\/wp-content\/uploads\/2023\/01\/20230122_145852-rotated.jpg\"><img loading=\"lazy\" decoding=\"async\" width=\"768\" height=\"1024\" src=\"https:\/\/patchworkinspirations.fr\/wp-content\/uploads\/2023\/01\/20230122_145852-768x1024.jpg\" alt=\"\" class=\"wp-image-6201\" srcset=\"https:\/\/patchworkinspirations.fr\/wp-content\/uploads\/2023\/01\/20230122_145852-768x1024.jpg 768w, https:\/\/patchworkinspirations.fr\/wp-content\/uploads\/2023\/01\/20230122_145852-225x300.jpg 225w, https:\/\/patchworkinspirations.fr\/wp-content\/uploads\/2023\/01\/20230122_145852-rotated.jpg 900w\" sizes=\"auto, (max-width: 768px) 100vw, 768px\" \/><\/a><\/figure>\n\n\n\n<figure class=\"wp-block-image size-large\"><a href=\"https:\/\/patchworkinspirations.fr\/wp-content\/uploads\/2023\/01\/20230122_145903-rotated.jpg\"><img loading=\"lazy\" decoding=\"async\" width=\"768\" height=\"1024\" src=\"https:\/\/patchworkinspirations.fr\/wp-content\/uploads\/2023\/01\/20230122_145903-768x1024.jpg\" alt=\"\" class=\"wp-image-6202\" srcset=\"https:\/\/patchworkinspirations.fr\/wp-content\/uploads\/2023\/01\/20230122_145903-768x1024.jpg 768w, https:\/\/patchworkinspirations.fr\/wp-content\/uploads\/2023\/01\/20230122_145903-225x300.jpg 225w, https:\/\/patchworkinspirations.fr\/wp-content\/uploads\/2023\/01\/20230122_145903-rotated.jpg 900w\" sizes=\"auto, (max-width: 768px) 100vw, 768px\" \/><\/a><\/figure>\n\n\n\n<figure class=\"wp-block-image size-large\"><a href=\"https:\/\/patchworkinspirations.fr\/wp-content\/uploads\/2023\/01\/20230122_152225.jpg\"><img loading=\"lazy\" decoding=\"async\" width=\"1024\" height=\"768\" src=\"https:\/\/patchworkinspirations.fr\/wp-content\/uploads\/2023\/01\/20230122_152225-1024x768.jpg\" alt=\"\" class=\"wp-image-6205\" srcset=\"https:\/\/patchworkinspirations.fr\/wp-content\/uploads\/2023\/01\/20230122_152225-1024x768.jpg 1024w, https:\/\/patchworkinspirations.fr\/wp-content\/uploads\/2023\/01\/20230122_152225-300x225.jpg 300w, https:\/\/patchworkinspirations.fr\/wp-content\/uploads\/2023\/01\/20230122_152225-768x576.jpg 768w, https:\/\/patchworkinspirations.fr\/wp-content\/uploads\/2023\/01\/20230122_152225-400x300.jpg 400w, https:\/\/patchworkinspirations.fr\/wp-content\/uploads\/2023\/01\/20230122_152225.jpg 1200w\" sizes=\"auto, (max-width: 1024px) 100vw, 1024px\" \/><\/a><figcaption class=\"wp-element-caption\">Le stand de Clara Otto-Bruc de la boutique \u00ab\u00a0J&rsquo;imagine\u00a0\u00bb  \u00e0 c\u00f4t\u00e9 de Blois&#8230; vous commencez \u00e0 la conna\u00eetre depuis le temps que je vous en parle ! \ud83d\ude42<\/figcaption><\/figure>\n\n\n\n<figure class=\"wp-block-image size-large\"><a href=\"https:\/\/patchworkinspirations.fr\/wp-content\/uploads\/2023\/01\/20230122_152220.jpg\"><img loading=\"lazy\" decoding=\"async\" width=\"1024\" height=\"768\" src=\"https:\/\/patchworkinspirations.fr\/wp-content\/uploads\/2023\/01\/20230122_152220-1024x768.jpg\" alt=\"\" class=\"wp-image-6204\" srcset=\"https:\/\/patchworkinspirations.fr\/wp-content\/uploads\/2023\/01\/20230122_152220-1024x768.jpg 1024w, https:\/\/patchworkinspirations.fr\/wp-content\/uploads\/2023\/01\/20230122_152220-300x225.jpg 300w, https:\/\/patchworkinspirations.fr\/wp-content\/uploads\/2023\/01\/20230122_152220-768x576.jpg 768w, https:\/\/patchworkinspirations.fr\/wp-content\/uploads\/2023\/01\/20230122_152220-400x300.jpg 400w, https:\/\/patchworkinspirations.fr\/wp-content\/uploads\/2023\/01\/20230122_152220.jpg 1200w\" sizes=\"auto, (max-width: 1024px) 100vw, 1024px\" \/><\/a><figcaption class=\"wp-element-caption\">Oups !! Pardon Myriam je t&rsquo;ai coup\u00e9e en deux &#8230; !<\/figcaption><\/figure>\n\n\n\n<figure class=\"wp-block-image size-large\"><a href=\"https:\/\/patchworkinspirations.fr\/wp-content\/uploads\/2023\/01\/20230122_152214-rotated.jpg\"><img loading=\"lazy\" decoding=\"async\" width=\"768\" height=\"1024\" src=\"https:\/\/patchworkinspirations.fr\/wp-content\/uploads\/2023\/01\/20230122_152214-768x1024.jpg\" alt=\"\" class=\"wp-image-6203\" srcset=\"https:\/\/patchworkinspirations.fr\/wp-content\/uploads\/2023\/01\/20230122_152214-768x1024.jpg 768w, https:\/\/patchworkinspirations.fr\/wp-content\/uploads\/2023\/01\/20230122_152214-225x300.jpg 225w, https:\/\/patchworkinspirations.fr\/wp-content\/uploads\/2023\/01\/20230122_152214-rotated.jpg 900w\" sizes=\"auto, (max-width: 768px) 100vw, 768px\" \/><\/a><figcaption class=\"wp-element-caption\">Sur le stand de Clara, petit clin d&rsquo;oeil aux Editions Quiltmania ! <\/figcaption><\/figure>\n\n\n\n<p>Il y avait bien \u00e9videmment d&rsquo;autres stands mais je vous invite vivement \u00e0 venir en personne les d\u00e9couvrir et encourager nos professionnels fran\u00e7ais. <\/p>\n\n\n\n<p>Ils ont besoin de votre soutien et leurs produits sont de qualit\u00e9 !<\/p>\n\n\n\n<p>L&rsquo;ann\u00e9e prochaine, j&rsquo;essaierai de conna\u00eetre assez t\u00f4t les dates du salon pour les partager avec vous ! Le prochain en r\u00e9gion Centre, sera (si je ne me trompe pas) celui de Loches en Indre-et-Loire du 24 au 26 mars et ensuite toujours en Indre-et-Loire, celui de Noisay, du 23 au 25 juin. Petit rajout de derni\u00e8re minute : on me signale un petit salon de broderie \u00e0 Manthelan, tout pr\u00e8s de Loches, le WE du 14 et 15 mai !<\/p>\n\n\n\n<p>Et au milieu&#8230; petit rappel ! <\/p>\n\n\n\n<figure class=\"wp-block-image size-large\"><a href=\"https:\/\/patchworkinspirations.fr\/wp-content\/uploads\/2023\/01\/20230124_100544-rotated.jpg\"><img loading=\"lazy\" decoding=\"async\" width=\"768\" height=\"1024\" src=\"https:\/\/patchworkinspirations.fr\/wp-content\/uploads\/2023\/01\/20230124_100544-768x1024.jpg\" alt=\"\" class=\"wp-image-6210\" srcset=\"https:\/\/patchworkinspirations.fr\/wp-content\/uploads\/2023\/01\/20230124_100544-768x1024.jpg 768w, https:\/\/patchworkinspirations.fr\/wp-content\/uploads\/2023\/01\/20230124_100544-225x300.jpg 225w, https:\/\/patchworkinspirations.fr\/wp-content\/uploads\/2023\/01\/20230124_100544-rotated.jpg 900w\" sizes=\"auto, (max-width: 768px) 100vw, 768px\" \/><\/a><figcaption class=\"wp-element-caption\">A ne pas oublier !! \ud83d\ude42<\/figcaption><\/figure>\n\n\n\n<p>Je vous remercie pour vos visites.<\/p>\n\n\n\n<p>Happy Quilting !<\/p>\n\n\n\n<p>C\u00e9cile<\/p>\n","protected":false},"excerpt":{"rendered":"<p>Bonjour, Ce week-end s&rsquo;est tenu \u00e0 Mer le salon de loisirs cr\u00e9atifs \u00ab\u00a0Passions et Cr\u00e9ations\u00a0\u00bb. Apr\u00e8s trois ann\u00e9es de parenth\u00e8se d\u00fb au Covid, l&rsquo;association de Nicole Pinault \u00ab\u00a0Passions au bout des Doigts\u00a0\u00bb reprenait du service ! C&rsquo;est un salon \u00e0 &hellip; <a href=\"https:\/\/patchworkinspirations.fr\/?p=6207\">Continuer la lecture <span class=\"meta-nav\">&rarr;<\/span><\/a><\/p>\n","protected":false},"author":1,"featured_media":0,"comment_status":"open","ping_status":"open","sticky":false,"template":"","format":"standard","meta":{"footnotes":""},"categories":[1],"tags":[],"class_list":["post-6207","post","type-post","status-publish","format-standard","hentry","category-non-classe"],"_links":{"self":[{"href":"https:\/\/patchworkinspirations.fr\/index.php?rest_route=\/wp\/v2\/posts\/6207","targetHints":{"allow":["GET"]}}],"collection":[{"href":"https:\/\/patchworkinspirations.fr\/index.php?rest_route=\/wp\/v2\/posts"}],"about":[{"href":"https:\/\/patchworkinspirations.fr\/index.php?rest_route=\/wp\/v2\/types\/post"}],"author":[{"embeddable":true,"href":"https:\/\/patchworkinspirations.fr\/index.php?rest_route=\/wp\/v2\/users\/1"}],"replies":[{"embeddable":true,"href":"https:\/\/patchworkinspirations.fr\/index.php?rest_route=%2Fwp%2Fv2%2Fcomments&post=6207"}],"version-history":[{"count":7,"href":"https:\/\/patchworkinspirations.fr\/index.php?rest_route=\/wp\/v2\/posts\/6207\/revisions"}],"predecessor-version":[{"id":6217,"href":"https:\/\/patchworkinspirations.fr\/index.php?rest_route=\/wp\/v2\/posts\/6207\/revisions\/6217"}],"wp:attachment":[{"href":"https:\/\/patchworkinspirations.fr\/index.php?rest_route=%2Fwp%2Fv2%2Fmedia&parent=6207"}],"wp:term":[{"taxonomy":"category","embeddable":true,"href":"https:\/\/patchworkinspirations.fr\/index.php?rest_route=%2Fwp%2Fv2%2Fcategories&post=6207"},{"taxonomy":"post_tag","embeddable":true,"href":"https:\/\/patchworkinspirations.fr\/index.php?rest_route=%2Fwp%2Fv2%2Ftags&post=6207"}],"curies":[{"name":"wp","href":"https:\/\/api.w.org\/{rel}","templated":true}]}}