{"id":6176,"date":"2023-01-01T10:05:39","date_gmt":"2023-01-01T09:05:39","guid":{"rendered":"https:\/\/patchworkinspirations.fr\/?p=6176"},"modified":"2023-01-01T10:09:19","modified_gmt":"2023-01-01T09:09:19","slug":"top-depart-du-qal-2023-les-maisons","status":"publish","type":"post","link":"https:\/\/patchworkinspirations.fr\/?p=6176","title":{"rendered":"Top d\u00e9part du QAL 2023 Les Maisons"},"content":{"rendered":"<div class=\"fcbkbttn_buttons_block\" id=\"fcbkbttn_left\"><div class=\"fcbkbttn_button\">\n\t\t\t\t\t<a href=\"https:\/\/www.facebook.com\/http:\/\/facebook.com\/patchworkinspirations\" target=\"_blank\">\n\t\t\t\t\t\t<img decoding=\"async\" src=\"https:\/\/patchworkinspirations.fr\/wp-content\/plugins\/facebook-button-plugin\/images\/standard-facebook-ico.png\" alt=\"Fb-Button\" \/>\n\t\t\t\t\t<\/a>\n\t\t\t\t<\/div><div class=\"fcbkbttn_like \"><fb:like href=\"https:\/\/patchworkinspirations.fr\/?p=6176\" action=\"like\" colorscheme=\"light\" layout=\"button_count\"  size=\"small\"><\/fb:like><\/div><div class=\"fb-share-button  \" data-href=\"https:\/\/patchworkinspirations.fr\/?p=6176\" data-type=\"button_count\" data-size=\"small\"><\/div><\/div>\n<p>Bonjour !<\/p>\n\n\n\n<p><\/p>\n\n\n\n<p>Je vous souhaite une belle, bonne et heureuse nouvelle ann\u00e9e, remplie de bonheur, de succ\u00e8s dans tout ce que vous entreprendrez et bien s\u00fbr, accompagn\u00e9 d&rsquo;une bonne sant\u00e9 pour finaliser le tout ! \ud83d\ude42<\/p>\n\n\n\n<p>Le 1er janvier est, depuis 8 ans (comme le temps passe vite !) la date qui lance le d\u00e9but de notre challenge. Avec Corinne <a href=\"https:\/\/ateliercocopatch.com\/\">https:\/\/ateliercocopatch.com\/<\/a>, nous vous avons propos\u00e9 comme th\u00e8me cette ann\u00e9e Les Maisons, et j&rsquo;ai l&rsquo;impression que cela vous pla\u00eet car \u00e0 ce jour, la barre des 140 inscrites a \u00e9t\u00e9 d\u00e9pass\u00e9 cette nuit !<\/p>\n\n\n\n<p>Merci beaucoup !<\/p>\n\n\n\n<p>La date butoir pour les inscriptions va jusqu&rsquo;au<strong> 20 janvier<\/strong>. Apr\u00e8s, nous estimons que c&rsquo;est compliqu\u00e9 de rattraper le retard.<\/p>\n\n\n\n<p>Voici pour celles qui participent pour la premi\u00e8re fois, les r\u00e8gles \u00e0 respecter figurent dans ce post :<\/p>\n\n\n\n<figure class=\"wp-block-embed is-type-wp-embed is-provider-patchwork-inspirations wp-block-embed-patchwork-inspirations\"><div class=\"wp-block-embed__wrapper\">\n<blockquote class=\"wp-embedded-content\" data-secret=\"MXAQFCDc0K\"><a href=\"https:\/\/patchworkinspirations.fr\/?p=6122\">Alors.. pr\u00eats pour un nouveau QAL ?<\/a><\/blockquote><iframe loading=\"lazy\" class=\"wp-embedded-content\" sandbox=\"allow-scripts\" security=\"restricted\" style=\"position: absolute; clip: rect(1px, 1px, 1px, 1px);\" title=\"\u00ab\u00a0Alors.. pr\u00eats pour un nouveau QAL ?\u00a0\u00bb &#8212; Patchwork Inspirations\" src=\"https:\/\/patchworkinspirations.fr\/?p=6122&#038;embed=true#?secret=EuVQ3qINCL#?secret=MXAQFCDc0K\" data-secret=\"MXAQFCDc0K\" width=\"584\" height=\"329\" frameborder=\"0\" marginwidth=\"0\" marginheight=\"0\" scrolling=\"no\"><\/iframe>\n<\/div><figcaption class=\"wp-element-caption\">Tout est expliqu\u00e9 dans ce post mais n&rsquo;h\u00e9sitez pas \u00e0 poser des questions ! Nous y r\u00e9pondrons avec plaisir !<\/figcaption><\/figure>\n\n\n\n<p>Concernant<strong> les gentils sponsors<\/strong>, voici leurs cadeaux !<\/p>\n\n\n\n<p><strong>Quiltmania<\/strong>  <a href=\"https:\/\/www.quiltmania.com\/\">https:\/\/www.quiltmania.com\/<\/a> offre 3 livres pour 3 chanceuses ! Si vous \u00eates tir\u00e9e au sort mais que vous poss\u00e9dez d\u00e9j\u00e0 le livre, on pourra changer, pas de soucis !<\/p>\n\n\n\n<p>Merciii Carol et la Team ! \ud83d\ude42<\/p>\n\n\n\n<figure class=\"wp-block-image size-large\"><a href=\"https:\/\/patchworkinspirations.fr\/wp-content\/uploads\/2022\/12\/SueStichbury-CalicoAndStitch-Couv-BD.jpg\"><img loading=\"lazy\" decoding=\"async\" width=\"833\" height=\"1024\" src=\"https:\/\/patchworkinspirations.fr\/wp-content\/uploads\/2022\/12\/SueStichbury-CalicoAndStitch-Couv-BD-833x1024.jpg\" alt=\"\" class=\"wp-image-6171\" srcset=\"https:\/\/patchworkinspirations.fr\/wp-content\/uploads\/2022\/12\/SueStichbury-CalicoAndStitch-Couv-BD-833x1024.jpg 833w, https:\/\/patchworkinspirations.fr\/wp-content\/uploads\/2022\/12\/SueStichbury-CalicoAndStitch-Couv-BD-244x300.jpg 244w, https:\/\/patchworkinspirations.fr\/wp-content\/uploads\/2022\/12\/SueStichbury-CalicoAndStitch-Couv-BD-768x945.jpg 768w, https:\/\/patchworkinspirations.fr\/wp-content\/uploads\/2022\/12\/SueStichbury-CalicoAndStitch-Couv-BD.jpg 1000w\" sizes=\"auto, (max-width: 833px) 100vw, 833px\" \/><\/a><\/figure>\n\n\n\n<figure class=\"wp-block-image size-full\"><a href=\"https:\/\/patchworkinspirations.fr\/wp-content\/uploads\/2022\/12\/Couverture-Histoires-de-Famille-BD.jpg\"><img loading=\"lazy\" decoding=\"async\" width=\"816\" height=\"1000\" src=\"https:\/\/patchworkinspirations.fr\/wp-content\/uploads\/2022\/12\/Couverture-Histoires-de-Famille-BD.jpg\" alt=\"\" class=\"wp-image-6170\" srcset=\"https:\/\/patchworkinspirations.fr\/wp-content\/uploads\/2022\/12\/Couverture-Histoires-de-Famille-BD.jpg 816w, https:\/\/patchworkinspirations.fr\/wp-content\/uploads\/2022\/12\/Couverture-Histoires-de-Famille-BD-245x300.jpg 245w, https:\/\/patchworkinspirations.fr\/wp-content\/uploads\/2022\/12\/Couverture-Histoires-de-Famille-BD-768x941.jpg 768w\" sizes=\"auto, (max-width: 816px) 100vw, 816px\" \/><\/a><\/figure>\n\n\n\n<figure class=\"wp-block-image size-large\"><a href=\"https:\/\/patchworkinspirations.fr\/wp-content\/uploads\/2022\/12\/Couv-DiGreig-Simply-neutral-LR.jpg\"><img loading=\"lazy\" decoding=\"async\" width=\"827\" height=\"1024\" src=\"https:\/\/patchworkinspirations.fr\/wp-content\/uploads\/2022\/12\/Couv-DiGreig-Simply-neutral-LR-827x1024.jpg\" alt=\"\" class=\"wp-image-6169\" srcset=\"https:\/\/patchworkinspirations.fr\/wp-content\/uploads\/2022\/12\/Couv-DiGreig-Simply-neutral-LR-827x1024.jpg 827w, https:\/\/patchworkinspirations.fr\/wp-content\/uploads\/2022\/12\/Couv-DiGreig-Simply-neutral-LR-242x300.jpg 242w, https:\/\/patchworkinspirations.fr\/wp-content\/uploads\/2022\/12\/Couv-DiGreig-Simply-neutral-LR-768x951.jpg 768w, https:\/\/patchworkinspirations.fr\/wp-content\/uploads\/2022\/12\/Couv-DiGreig-Simply-neutral-LR.jpg 1000w\" sizes=\"auto, (max-width: 827px) 100vw, 827px\" \/><\/a><\/figure>\n\n\n\n<p><\/p>\n\n\n\n<p><strong>Aurifil<\/strong> <a href=\"https:\/\/www.aurifil.com\/\">https:\/\/www.aurifil.com\/<\/a> offre un sac avec des surprises \u00e0 l&rsquo;int\u00e9rieur ! <\/p>\n\n\n\n<figure class=\"wp-block-image size-large\"><a href=\"https:\/\/patchworkinspirations.fr\/wp-content\/uploads\/2022\/12\/20221229_133810-scaled.jpg\"><img loading=\"lazy\" decoding=\"async\" width=\"1024\" height=\"768\" src=\"https:\/\/patchworkinspirations.fr\/wp-content\/uploads\/2022\/12\/20221229_133810-1024x768.jpg\" alt=\"\" class=\"wp-image-6175\" srcset=\"https:\/\/patchworkinspirations.fr\/wp-content\/uploads\/2022\/12\/20221229_133810-1024x768.jpg 1024w, https:\/\/patchworkinspirations.fr\/wp-content\/uploads\/2022\/12\/20221229_133810-300x225.jpg 300w, https:\/\/patchworkinspirations.fr\/wp-content\/uploads\/2022\/12\/20221229_133810-768x576.jpg 768w, https:\/\/patchworkinspirations.fr\/wp-content\/uploads\/2022\/12\/20221229_133810-1536x1152.jpg 1536w, https:\/\/patchworkinspirations.fr\/wp-content\/uploads\/2022\/12\/20221229_133810-2048x1536.jpg 2048w, https:\/\/patchworkinspirations.fr\/wp-content\/uploads\/2022\/12\/20221229_133810-400x300.jpg 400w\" sizes=\"auto, (max-width: 1024px) 100vw, 1024px\" \/><\/a><\/figure>\n\n\n\n<p>Grazi\u00e9 mille Alexander and merci Pauline ! \ud83d\ude42<\/p>\n\n\n\n<p><strong>Clara<\/strong> de la mercerie <strong>J&rsquo;Imagine<\/strong> pr\u00e9s de Blois (41) <a href=\"https:\/\/www.facebook.com\/merceriejimagine\">https:\/\/www.facebook.com\/merceriejimagine<\/a>  offre 2 bundles de tissus. Je les aurai courant janvier et les mettrai en photo !<\/p>\n\n\n\n<p>Merciii Clara ! \ud83d\ude42<\/p>\n\n\n\n<p><strong>Roselyne Emeri<\/strong> <a href=\"https:\/\/www.couleursbrodees.com\/\">https:\/\/www.couleursbrodees.com\/<\/a> offre 2 kits ainsi que le patron d&rsquo;un quilt brod\u00e9 !<\/p>\n\n\n\n<figure class=\"wp-block-image size-large\"><a href=\"https:\/\/patchworkinspirations.fr\/wp-content\/uploads\/2022\/12\/DSC_1199-scaled.jpg\"><img loading=\"lazy\" decoding=\"async\" width=\"1024\" height=\"678\" src=\"https:\/\/patchworkinspirations.fr\/wp-content\/uploads\/2022\/12\/DSC_1199-1024x678.jpg\" alt=\"\" class=\"wp-image-6172\" srcset=\"https:\/\/patchworkinspirations.fr\/wp-content\/uploads\/2022\/12\/DSC_1199-1024x678.jpg 1024w, https:\/\/patchworkinspirations.fr\/wp-content\/uploads\/2022\/12\/DSC_1199-300x199.jpg 300w, https:\/\/patchworkinspirations.fr\/wp-content\/uploads\/2022\/12\/DSC_1199-768x509.jpg 768w, https:\/\/patchworkinspirations.fr\/wp-content\/uploads\/2022\/12\/DSC_1199-1536x1017.jpg 1536w, https:\/\/patchworkinspirations.fr\/wp-content\/uploads\/2022\/12\/DSC_1199-2048x1356.jpg 2048w, https:\/\/patchworkinspirations.fr\/wp-content\/uploads\/2022\/12\/DSC_1199-453x300.jpg 453w\" sizes=\"auto, (max-width: 1024px) 100vw, 1024px\" \/><\/a><\/figure>\n\n\n\n<figure class=\"wp-block-image size-large\"><a href=\"https:\/\/patchworkinspirations.fr\/wp-content\/uploads\/2022\/12\/DSC_9351-scaled.jpg\"><img loading=\"lazy\" decoding=\"async\" width=\"790\" height=\"1024\" src=\"https:\/\/patchworkinspirations.fr\/wp-content\/uploads\/2022\/12\/DSC_9351-790x1024.jpg\" alt=\"\" class=\"wp-image-6173\" srcset=\"https:\/\/patchworkinspirations.fr\/wp-content\/uploads\/2022\/12\/DSC_9351-790x1024.jpg 790w, https:\/\/patchworkinspirations.fr\/wp-content\/uploads\/2022\/12\/DSC_9351-231x300.jpg 231w, https:\/\/patchworkinspirations.fr\/wp-content\/uploads\/2022\/12\/DSC_9351-768x996.jpg 768w, https:\/\/patchworkinspirations.fr\/wp-content\/uploads\/2022\/12\/DSC_9351-1185x1536.jpg 1185w, https:\/\/patchworkinspirations.fr\/wp-content\/uploads\/2022\/12\/DSC_9351-1580x2048.jpg 1580w, https:\/\/patchworkinspirations.fr\/wp-content\/uploads\/2022\/12\/DSC_9351-scaled.jpg 1975w\" sizes=\"auto, (max-width: 790px) 100vw, 790px\" \/><\/a><\/figure>\n\n\n\n<figure class=\"wp-block-image size-large\"><a href=\"https:\/\/patchworkinspirations.fr\/wp-content\/uploads\/2022\/12\/DSC_9591-scaled.jpg\"><img loading=\"lazy\" decoding=\"async\" width=\"1024\" height=\"1020\" src=\"https:\/\/patchworkinspirations.fr\/wp-content\/uploads\/2022\/12\/DSC_9591-1024x1020.jpg\" alt=\"\" class=\"wp-image-6174\" srcset=\"https:\/\/patchworkinspirations.fr\/wp-content\/uploads\/2022\/12\/DSC_9591-1024x1020.jpg 1024w, https:\/\/patchworkinspirations.fr\/wp-content\/uploads\/2022\/12\/DSC_9591-300x300.jpg 300w, https:\/\/patchworkinspirations.fr\/wp-content\/uploads\/2022\/12\/DSC_9591-150x150.jpg 150w, https:\/\/patchworkinspirations.fr\/wp-content\/uploads\/2022\/12\/DSC_9591-768x765.jpg 768w, https:\/\/patchworkinspirations.fr\/wp-content\/uploads\/2022\/12\/DSC_9591-1536x1530.jpg 1536w, https:\/\/patchworkinspirations.fr\/wp-content\/uploads\/2022\/12\/DSC_9591-2048x2040.jpg 2048w, https:\/\/patchworkinspirations.fr\/wp-content\/uploads\/2022\/12\/DSC_9591-301x300.jpg 301w, https:\/\/patchworkinspirations.fr\/wp-content\/uploads\/2022\/12\/DSC_9591-250x250.jpg 250w, https:\/\/patchworkinspirations.fr\/wp-content\/uploads\/2022\/12\/DSC_9591-24x24.jpg 24w, https:\/\/patchworkinspirations.fr\/wp-content\/uploads\/2022\/12\/DSC_9591-48x48.jpg 48w, https:\/\/patchworkinspirations.fr\/wp-content\/uploads\/2022\/12\/DSC_9591-96x96.jpg 96w\" sizes=\"auto, (max-width: 1024px) 100vw, 1024px\" \/><\/a><\/figure>\n\n\n\n<p>Merciii Roselyne !! \ud83d\ude42<\/p>\n\n\n\n<p><strong>Chantal Baquin<\/strong> <a href=\"https:\/\/www.jequiltepourvous.com\/\">https:\/\/www.jequiltepourvous.com\/<\/a> offre de la ouatine !<\/p>\n\n\n\n<p>Merciii Chantal ! \ud83d\ude42<\/p>\n\n\n\n<p><strong>Karine<\/strong> de la boutique <a href=\"https:\/\/www.boutik-ar-patchwork.com\/\">https:\/\/www.boutik-ar-patchwork.com\/<\/a> offre la r\u00e8gle qui permet de faire les mod\u00e8les dans le livre, offert lui-aussi avec !<\/p>\n\n\n\n<figure class=\"wp-block-image size-full\"><a href=\"https:\/\/patchworkinspirations.fr\/wp-content\/uploads\/2022\/12\/Capture-decran-2022-12-28-140409.png\"><img loading=\"lazy\" decoding=\"async\" width=\"352\" height=\"233\" src=\"https:\/\/patchworkinspirations.fr\/wp-content\/uploads\/2022\/12\/Capture-decran-2022-12-28-140409.png\" alt=\"\" class=\"wp-image-6167\" srcset=\"https:\/\/patchworkinspirations.fr\/wp-content\/uploads\/2022\/12\/Capture-decran-2022-12-28-140409.png 352w, https:\/\/patchworkinspirations.fr\/wp-content\/uploads\/2022\/12\/Capture-decran-2022-12-28-140409-300x199.png 300w\" sizes=\"auto, (max-width: 352px) 100vw, 352px\" \/><\/a><\/figure>\n\n\n\n<figure class=\"wp-block-image size-full\"><a href=\"https:\/\/patchworkinspirations.fr\/wp-content\/uploads\/2022\/12\/Capture-decran-2022-12-28-140541.png\"><img loading=\"lazy\" decoding=\"async\" width=\"637\" height=\"818\" src=\"https:\/\/patchworkinspirations.fr\/wp-content\/uploads\/2022\/12\/Capture-decran-2022-12-28-140541.png\" alt=\"\" class=\"wp-image-6168\" srcset=\"https:\/\/patchworkinspirations.fr\/wp-content\/uploads\/2022\/12\/Capture-decran-2022-12-28-140541.png 637w, https:\/\/patchworkinspirations.fr\/wp-content\/uploads\/2022\/12\/Capture-decran-2022-12-28-140541-234x300.png 234w\" sizes=\"auto, (max-width: 637px) 100vw, 637px\" \/><\/a><\/figure>\n\n\n\n<p>Merciii Karine !! :))<\/p>\n\n\n\n<p><strong>Dominique Raspail<\/strong> <a href=\"https:\/\/www.facebook.com\/dominique.raspail\">https:\/\/www.facebook.com\/dominique.raspail<\/a> offre de la ouatine <\/p>\n\n\n\n<figure class=\"wp-block-image size-full\"><a href=\"https:\/\/patchworkinspirations.fr\/wp-content\/uploads\/2022\/12\/316963864_695046125266906_1290435984162602550_n-1.jpg\"><img loading=\"lazy\" decoding=\"async\" width=\"750\" height=\"1000\" src=\"https:\/\/patchworkinspirations.fr\/wp-content\/uploads\/2022\/12\/316963864_695046125266906_1290435984162602550_n-1.jpg\" alt=\"\" class=\"wp-image-6166\" srcset=\"https:\/\/patchworkinspirations.fr\/wp-content\/uploads\/2022\/12\/316963864_695046125266906_1290435984162602550_n-1.jpg 750w, https:\/\/patchworkinspirations.fr\/wp-content\/uploads\/2022\/12\/316963864_695046125266906_1290435984162602550_n-1-225x300.jpg 225w\" sizes=\"auto, (max-width: 750px) 100vw, 750px\" \/><\/a><\/figure>\n\n\n\n<p>Merciiii Dominique !! :))<\/p>\n\n\n\n<p><strong>Odif<\/strong><a href=\" https:\/\/www.odif.com\/\"> https:\/\/www.odif.com\/<\/a> nous attendons leur cadeau qui ne serait tarder !<\/p>\n\n\n\n<p>Merci du fond du c\u0153ur pour tous ces beaux cadeaux !!<\/p>\n\n\n\n<p>Je vais juste me r\u00e9p\u00e9ter mais prenez le temps de bien lire les posts sur les blogs avant de poser les questions. Nous voyons passer beaucoup d&rsquo;interrogations sur le groupe Facebook alors que toutes les r\u00e9ponses sont mentionn\u00e9es ici et sur le blog de Coco&#8230; merci par avance.<\/p>\n\n\n\n<p><a href=\"https:\/\/www.facebook.com\/groups\/225377351208928\">https:\/\/www.facebook.com\/groups\/225377351208928<\/a><\/p>\n\n\n\n<p>Sur Instagram : #qalmaison2023<\/p>\n\n\n\n<p>Par contre, si vous vous interrogez sur un sujet non abord\u00e9 sur le blog, n&rsquo;h\u00e9sitez pas \u00e0 nous contacter. Nous r\u00e9pondons toujours avec grand plaisir !! \ud83d\ude42<\/p>\n\n\n\n<p>Bonne couture ! <\/p>\n\n\n\n<p>Et surtout, veillez \u00e0 bien respecter cette r\u00e8gle en patchwork : amusez-vous !! <\/p>\n\n\n\n<p>Je vous remercie pour votre visite.<\/p>\n\n\n\n<p>Happy Quilting !<\/p>\n\n\n\n<p>C\u00e9cile<\/p>\n\n\n\n<p><\/p>\n\n\n\n<p><\/p>\n","protected":false},"excerpt":{"rendered":"<p>Bonjour ! Je vous souhaite une belle, bonne et heureuse nouvelle ann\u00e9e, remplie de bonheur, de succ\u00e8s dans tout ce que vous entreprendrez et bien s\u00fbr, accompagn\u00e9 d&rsquo;une bonne sant\u00e9 pour finaliser le tout ! \ud83d\ude42 Le 1er janvier est, &hellip; <a href=\"https:\/\/patchworkinspirations.fr\/?p=6176\">Continuer la lecture <span class=\"meta-nav\">&rarr;<\/span><\/a><\/p>\n","protected":false},"author":1,"featured_media":0,"comment_status":"open","ping_status":"open","sticky":false,"template":"","format":"standard","meta":{"footnotes":""},"categories":[1],"tags":[],"class_list":["post-6176","post","type-post","status-publish","format-standard","hentry","category-non-classe"],"_links":{"self":[{"href":"https:\/\/patchworkinspirations.fr\/index.php?rest_route=\/wp\/v2\/posts\/6176","targetHints":{"allow":["GET"]}}],"collection":[{"href":"https:\/\/patchworkinspirations.fr\/index.php?rest_route=\/wp\/v2\/posts"}],"about":[{"href":"https:\/\/patchworkinspirations.fr\/index.php?rest_route=\/wp\/v2\/types\/post"}],"author":[{"embeddable":true,"href":"https:\/\/patchworkinspirations.fr\/index.php?rest_route=\/wp\/v2\/users\/1"}],"replies":[{"embeddable":true,"href":"https:\/\/patchworkinspirations.fr\/index.php?rest_route=%2Fwp%2Fv2%2Fcomments&post=6176"}],"version-history":[{"count":11,"href":"https:\/\/patchworkinspirations.fr\/index.php?rest_route=\/wp\/v2\/posts\/6176\/revisions"}],"predecessor-version":[{"id":6187,"href":"https:\/\/patchworkinspirations.fr\/index.php?rest_route=\/wp\/v2\/posts\/6176\/revisions\/6187"}],"wp:attachment":[{"href":"https:\/\/patchworkinspirations.fr\/index.php?rest_route=%2Fwp%2Fv2%2Fmedia&parent=6176"}],"wp:term":[{"taxonomy":"category","embeddable":true,"href":"https:\/\/patchworkinspirations.fr\/index.php?rest_route=%2Fwp%2Fv2%2Fcategories&post=6176"},{"taxonomy":"post_tag","embeddable":true,"href":"https:\/\/patchworkinspirations.fr\/index.php?rest_route=%2Fwp%2Fv2%2Ftags&post=6176"}],"curies":[{"name":"wp","href":"https:\/\/api.w.org\/{rel}","templated":true}]}}