{"id":6122,"date":"2022-12-01T09:14:49","date_gmt":"2022-12-01T08:14:49","guid":{"rendered":"https:\/\/patchworkinspirations.fr\/?p=6122"},"modified":"2022-12-10T10:41:21","modified_gmt":"2022-12-10T09:41:21","slug":"alors-prets-pour-un-nouveau-qal","status":"publish","type":"post","link":"https:\/\/patchworkinspirations.fr\/?p=6122","title":{"rendered":"Alors.. pr\u00eats pour un nouveau QAL ?"},"content":{"rendered":"<div class=\"fcbkbttn_buttons_block\" id=\"fcbkbttn_left\"><div class=\"fcbkbttn_button\">\n\t\t\t\t\t<a href=\"https:\/\/www.facebook.com\/http:\/\/facebook.com\/patchworkinspirations\" target=\"_blank\">\n\t\t\t\t\t\t<img decoding=\"async\" src=\"https:\/\/patchworkinspirations.fr\/wp-content\/plugins\/facebook-button-plugin\/images\/standard-facebook-ico.png\" alt=\"Fb-Button\" \/>\n\t\t\t\t\t<\/a>\n\t\t\t\t<\/div><div class=\"fcbkbttn_like \"><fb:like href=\"https:\/\/patchworkinspirations.fr\/?p=6122\" action=\"like\" colorscheme=\"light\" layout=\"button_count\"  size=\"small\"><\/fb:like><\/div><div class=\"fb-share-button  \" data-href=\"https:\/\/patchworkinspirations.fr\/?p=6122\" data-type=\"button_count\" data-size=\"small\"><\/div><\/div>\n<p>Bonjour,<\/p>\n\n\n\n<p>Le 1er d\u00e9cembre est l\u00e0, et qui dit le 1er d\u00e9cembre dit Calendrier de l&rsquo;Avent.. oui ? Non ?<\/p>\n\n\n\n<p>Et non&#8230; chez moi c&rsquo;est plut\u00f4t l&rsquo;annonce du th\u00e8me du futur QAL 2023 qui d\u00e9bute comme chaque ann\u00e9e le 1er janvier.<\/p>\n\n\n\n<p>Alors&#8230;. tout le monde est pr\u00eat ??<\/p>\n\n\n\n<figure class=\"wp-block-image size-full\"><a href=\"https:\/\/patchworkinspirations.fr\/wp-content\/uploads\/2022\/11\/istockphoto-1148943461-612x612-1.jpg\"><img loading=\"lazy\" decoding=\"async\" width=\"612\" height=\"612\" src=\"https:\/\/patchworkinspirations.fr\/wp-content\/uploads\/2022\/11\/istockphoto-1148943461-612x612-1.jpg\" alt=\"\" class=\"wp-image-6124\" srcset=\"https:\/\/patchworkinspirations.fr\/wp-content\/uploads\/2022\/11\/istockphoto-1148943461-612x612-1.jpg 612w, https:\/\/patchworkinspirations.fr\/wp-content\/uploads\/2022\/11\/istockphoto-1148943461-612x612-1-300x300.jpg 300w, https:\/\/patchworkinspirations.fr\/wp-content\/uploads\/2022\/11\/istockphoto-1148943461-612x612-1-150x150.jpg 150w, https:\/\/patchworkinspirations.fr\/wp-content\/uploads\/2022\/11\/istockphoto-1148943461-612x612-1-250x250.jpg 250w, https:\/\/patchworkinspirations.fr\/wp-content\/uploads\/2022\/11\/istockphoto-1148943461-612x612-1-24x24.jpg 24w, https:\/\/patchworkinspirations.fr\/wp-content\/uploads\/2022\/11\/istockphoto-1148943461-612x612-1-48x48.jpg 48w, https:\/\/patchworkinspirations.fr\/wp-content\/uploads\/2022\/11\/istockphoto-1148943461-612x612-1-96x96.jpg 96w\" sizes=\"auto, (max-width: 612px) 100vw, 612px\" \/><\/a><\/figure>\n\n\n\n<p>Th\u00e8me de l&rsquo;ann\u00e9e 2023 : LES MAISONS !! HOUSES ! <\/p>\n\n\n\n<figure class=\"wp-block-image size-large\"><a href=\"https:\/\/patchworkinspirations.fr\/wp-content\/uploads\/2022\/11\/20221128_153435-scaled.jpg\"><img loading=\"lazy\" decoding=\"async\" width=\"768\" height=\"1024\" src=\"https:\/\/patchworkinspirations.fr\/wp-content\/uploads\/2022\/11\/20221128_153435-768x1024.jpg\" alt=\"\" class=\"wp-image-6131\" srcset=\"https:\/\/patchworkinspirations.fr\/wp-content\/uploads\/2022\/11\/20221128_153435-768x1024.jpg 768w, https:\/\/patchworkinspirations.fr\/wp-content\/uploads\/2022\/11\/20221128_153435-225x300.jpg 225w, https:\/\/patchworkinspirations.fr\/wp-content\/uploads\/2022\/11\/20221128_153435-1152x1536.jpg 1152w, https:\/\/patchworkinspirations.fr\/wp-content\/uploads\/2022\/11\/20221128_153435-1536x2048.jpg 1536w, https:\/\/patchworkinspirations.fr\/wp-content\/uploads\/2022\/11\/20221128_153435-scaled.jpg 1920w\" sizes=\"auto, (max-width: 768px) 100vw, 768px\" \/><\/a><figcaption class=\"wp-element-caption\">Mon petit quilt r\u00e9alis\u00e9 expr\u00e9s pour ce nouveau challenge en tissus KF&#8230; j&rsquo;ai voulu le quilter moi-m\u00eame et il est un peu tordu&#8230; il est \u00e9vident que je suis loin d&rsquo;\u00eatre experte en quilting machine &#8230; hum&#8230;<\/figcaption><\/figure>\n\n\n\n<p>Pour cela, les r\u00e8gles n&rsquo;ont pas chang\u00e9 !<\/p>\n\n\n\n<ul class=\"wp-block-list\">\n<li><strong>Janvier\/F\u00e9vrier<\/strong> : 16 blocs = 16 maisons<\/li>\n\n\n\n<li><strong>Mars<\/strong> : montage du top<\/li>\n\n\n\n<li><strong>Avril\/Mai<\/strong> : quilting<\/li>\n\n\n\n<li>Date  butoir pour envoyer votre photo du quilt termin\u00e9 : <strong>31 mai 2023.<\/strong><\/li>\n<\/ul>\n\n\n\n<p>Vous avez le libre arbitre pour r\u00e9aliser votre quilt : avec Corinne : <a href=\"https:\/\/ateliercocopatch.com\/\">https:\/\/ateliercocopatch.com\/<\/a> nous vous demandons juste de respecter le th\u00e8me ainsi que de faire un minimum de 16 blocs. Les plus courageuses en feront plus ! Le reste vous appartient : le choix des tissus et donc le style de votre quilt, la grosseur des blocs, vous pouvez rajouter des broderies etc&#8230;. soit vous cr\u00e9ez votre quilt, soit vous vous inspirez d&rsquo;un quilt d\u00e9j\u00e0 existant&#8230;<\/p>\n\n\n\n<p>Celles qui travaillent vite ne sont pas oblig\u00e9es de respecter le calendrier ! On est super cool comme nanas !! <\/p>\n\n\n\n<p>Par contre, n&rsquo;oubliez pas de nous tenir au courant avec des photos !! Merci !<\/p>\n\n\n\n<p>Il existe un groupe Facebook d\u00e9di\u00e9 \u00e0 ce challenge ici : <a href=\"https:\/\/www.facebook.com\/groups\/225377351208928\">https:\/\/www.facebook.com\/groups\/225377351208928<\/a><\/p>\n\n\n\n<p>Nous vous demandons de poster TRES REGULIEREMENT  des photos de vos avanc\u00e9es !<\/p>\n\n\n\n<p>Les dames qui nous enverront une photo d&rsquo;un quilt termin\u00e9 sorti tout droit d&rsquo;un cornet magique le 15 avril ou le 20 mai seront d&rsquo;office \u00e9cart\u00e9es du tirage au sort. En r\u00e8gle g\u00e9n\u00e9rale, tout le monde joue le jeu et je vous en remercie mais chaque ann\u00e9e&#8230;. on en a une ou deux !! \ud83d\ude42<\/p>\n\n\n\n<p>Si vous n&rsquo;avez pas de compte Facebook, pas d&rsquo;affolement, envoyez-nous les photos par mail et nous les rajouterons !<\/p>\n\n\n\n<p>Sur le groupe FB ou sur nos blogs, dites-nous en clair si vous participez !! \ud83d\ude09 du style &#8230; je m&rsquo;inscris ! ou bien je participe ! C&rsquo;est important car certaines posent une question et consid\u00e8rent ainsi qu&rsquo;elles sont inscrites&#8230; non, c&rsquo;est un gros travail de tenir les inscriptions \u00e0 jour, donc au plus c&rsquo;est transparent, au mieux c&rsquo;est ! Pas d&rsquo;ambigu\u00eft\u00e9 ! \ud83d\ude42 Merci beaucoup !<\/p>\n\n\n\n<p>La date butoir pour s&rsquo;inscrire est le <strong>20 janvier 2023.<\/strong><\/p>\n\n\n\n<p class=\"has-text-align-center\">**************************<\/p>\n\n\n\n<p>Ouh l\u00e0 l\u00e0&#8230;.. \u00e7a fait beaucoup d&rsquo;informations tout \u00e7a &#8230;&#8230; ! \ud83d\ude42 \ud83d\ude42<\/p>\n\n\n\n<p class=\"has-text-align-center\">***********************<\/p>\n\n\n\n<p>Nos sponsors sont plus que jamais pr\u00e9sents et nous les remercions tr\u00e8s chaleureusement !<\/p>\n\n\n\n<ul class=\"wp-block-list\">\n<li>Quiltmania !<\/li>\n\n\n\n<li>Aurifil !<\/li>\n\n\n\n<li>Clara de la boutique j&rsquo;Imagine pr\u00e9s de Blois !<\/li>\n\n\n\n<li>Roselyne Emeri de Couleurs Brod\u00e9es !<\/li>\n\n\n\n<li>Chantal Baquin de Je Quilte Pour Vous !<\/li>\n\n\n\n<li>Karine de la boutique Ar Patchwork !<\/li>\n\n\n\n<li>Dominique Raspail !<\/li>\n\n\n\n<li>Odif !<\/li>\n<\/ul>\n\n\n\n<p>Et bien&#8230;.. nous sommes merveilleusement soutenues !! Merci beaucoup ! <\/p>\n\n\n\n<p>Nous vous donnerons la liste de leurs cadeaux d\u00e9but janvier.<\/p>\n\n\n\n<p>Voil\u00e0&#8230; je crois que j&rsquo;ai fait le tour de la question&#8230;. Si vous avez un doute \u00e0 \u00e9claircir, comme d&rsquo;habitude, n&rsquo;h\u00e9sitez pas \u00e0 demander ! <\/p>\n\n\n\n<p>Bonne fin de semaine ! <\/p>\n\n\n\n<p>C\u00e9cile<\/p>\n\n\n\n<p><\/p>\n\n\n\n<p><\/p>\n","protected":false},"excerpt":{"rendered":"<p>Bonjour, Le 1er d\u00e9cembre est l\u00e0, et qui dit le 1er d\u00e9cembre dit Calendrier de l&rsquo;Avent.. oui ? Non ? Et non&#8230; chez moi c&rsquo;est plut\u00f4t l&rsquo;annonce du th\u00e8me du futur QAL 2023 qui d\u00e9bute comme chaque ann\u00e9e le 1er &hellip; <a href=\"https:\/\/patchworkinspirations.fr\/?p=6122\">Continuer la lecture <span class=\"meta-nav\">&rarr;<\/span><\/a><\/p>\n","protected":false},"author":1,"featured_media":0,"comment_status":"open","ping_status":"open","sticky":false,"template":"","format":"standard","meta":{"footnotes":""},"categories":[1],"tags":[],"class_list":["post-6122","post","type-post","status-publish","format-standard","hentry","category-non-classe"],"_links":{"self":[{"href":"https:\/\/patchworkinspirations.fr\/index.php?rest_route=\/wp\/v2\/posts\/6122","targetHints":{"allow":["GET"]}}],"collection":[{"href":"https:\/\/patchworkinspirations.fr\/index.php?rest_route=\/wp\/v2\/posts"}],"about":[{"href":"https:\/\/patchworkinspirations.fr\/index.php?rest_route=\/wp\/v2\/types\/post"}],"author":[{"embeddable":true,"href":"https:\/\/patchworkinspirations.fr\/index.php?rest_route=\/wp\/v2\/users\/1"}],"replies":[{"embeddable":true,"href":"https:\/\/patchworkinspirations.fr\/index.php?rest_route=%2Fwp%2Fv2%2Fcomments&post=6122"}],"version-history":[{"count":15,"href":"https:\/\/patchworkinspirations.fr\/index.php?rest_route=\/wp\/v2\/posts\/6122\/revisions"}],"predecessor-version":[{"id":6140,"href":"https:\/\/patchworkinspirations.fr\/index.php?rest_route=\/wp\/v2\/posts\/6122\/revisions\/6140"}],"wp:attachment":[{"href":"https:\/\/patchworkinspirations.fr\/index.php?rest_route=%2Fwp%2Fv2%2Fmedia&parent=6122"}],"wp:term":[{"taxonomy":"category","embeddable":true,"href":"https:\/\/patchworkinspirations.fr\/index.php?rest_route=%2Fwp%2Fv2%2Fcategories&post=6122"},{"taxonomy":"post_tag","embeddable":true,"href":"https:\/\/patchworkinspirations.fr\/index.php?rest_route=%2Fwp%2Fv2%2Ftags&post=6122"}],"curies":[{"name":"wp","href":"https:\/\/api.w.org\/{rel}","templated":true}]}}