{"id":3875,"date":"2019-04-15T11:45:48","date_gmt":"2019-04-15T10:45:48","guid":{"rendered":"http:\/\/patchworkinspirations.fr\/?p=3875"},"modified":"2019-04-15T11:45:48","modified_gmt":"2019-04-15T10:45:48","slug":"mes-avancees-pour-avril","status":"publish","type":"post","link":"https:\/\/patchworkinspirations.fr\/?p=3875","title":{"rendered":"Mes avanc\u00e9es pour avril"},"content":{"rendered":"<div class=\"fcbkbttn_buttons_block\" id=\"fcbkbttn_left\"><div class=\"fcbkbttn_button\">\n\t\t\t\t\t<a href=\"https:\/\/www.facebook.com\/http:\/\/facebook.com\/patchworkinspirations\" target=\"_blank\">\n\t\t\t\t\t\t<img decoding=\"async\" src=\"https:\/\/patchworkinspirations.fr\/wp-content\/plugins\/facebook-button-plugin\/images\/standard-facebook-ico.png\" alt=\"Fb-Button\" \/>\n\t\t\t\t\t<\/a>\n\t\t\t\t<\/div><div class=\"fcbkbttn_like \"><fb:like href=\"https:\/\/patchworkinspirations.fr\/?p=3875\" action=\"like\" colorscheme=\"light\" layout=\"button_count\"  size=\"small\"><\/fb:like><\/div><div class=\"fb-share-button  \" data-href=\"https:\/\/patchworkinspirations.fr\/?p=3875\" data-type=\"button_count\" data-size=\"small\"><\/div><\/div>\n<p>Bonjour !<\/p>\n\n\n\n<p>J&rsquo;avance tout doucement dans mes projets et je suis heureuse de vous montrer mon top <em>enfin<\/em> termin\u00e9 du Quilt-a-Long des fleurs&#8230;..<\/p>\n\n\n\n<figure class=\"wp-block-image\"><img loading=\"lazy\" decoding=\"async\" width=\"768\" height=\"1024\" src=\"http:\/\/patchworkinspirations.fr\/wp-content\/uploads\/2019\/04\/20190414_165946-e1555321920987-768x1024.jpg\" alt=\"\" class=\"wp-image-3874\" srcset=\"https:\/\/patchworkinspirations.fr\/wp-content\/uploads\/2019\/04\/20190414_165946-e1555321920987-768x1024.jpg 768w, https:\/\/patchworkinspirations.fr\/wp-content\/uploads\/2019\/04\/20190414_165946-e1555321920987-225x300.jpg 225w, https:\/\/patchworkinspirations.fr\/wp-content\/uploads\/2019\/04\/20190414_165946-e1555321920987.jpg 900w\" sizes=\"auto, (max-width: 768px) 100vw, 768px\" \/><\/figure>\n\n\n\n<p>J&rsquo;ai pris mon temps pour appliquer le tissu fleuri sur la bordure mais c&rsquo;\u00e9tait compliqu\u00e9&#8230; Le r\u00e9sultat me semble honn\u00eate et j&rsquo;aime beaucoup l&rsquo;ensemble ! Je rappelle que je me suis inspir\u00e9e du quilt de Florence Peto \u00ab\u00a0Calico Garden\u00a0\u00bb dont la photo \u00e9tait sur un Quiltmania de 2009 ! <\/p>\n\n\n\n<figure class=\"wp-block-image\"><img loading=\"lazy\" decoding=\"async\" width=\"1024\" height=\"576\" src=\"http:\/\/patchworkinspirations.fr\/wp-content\/uploads\/2019\/03\/20190305_133519-1024x576.jpg\" alt=\"\" class=\"wp-image-3750\" srcset=\"https:\/\/patchworkinspirations.fr\/wp-content\/uploads\/2019\/03\/20190305_133519-1024x576.jpg 1024w, https:\/\/patchworkinspirations.fr\/wp-content\/uploads\/2019\/03\/20190305_133519-300x169.jpg 300w, https:\/\/patchworkinspirations.fr\/wp-content\/uploads\/2019\/03\/20190305_133519-768x432.jpg 768w, https:\/\/patchworkinspirations.fr\/wp-content\/uploads\/2019\/03\/20190305_133519-500x281.jpg 500w, https:\/\/patchworkinspirations.fr\/wp-content\/uploads\/2019\/03\/20190305_133519.jpg 1600w\" sizes=\"auto, (max-width: 1024px) 100vw, 1024px\" \/><\/figure>\n\n\n\n<p>A pr\u00e9sent place au quilting ! Je ferai le sandwich apr\u00e8s le salon de Nantes&#8230;<\/p>\n\n\n\n<p>J&rsquo;ai aussi compl\u00e9t\u00e9 un rang du BOM que je fais avec Gay du blog :  <br><a href=\"https:\/\/sentimentalstitches.net\/\">https:\/\/sentimentalstitches.net\/<\/a> <\/p>\n\n\n\n<p>Si vous lisez la revue traditionnelle de Quiltmania, un article \u00e0 propos d&rsquo;un collectionneur am\u00e9ricain, Mark French, parle de ce quilt ! <\/p>\n\n\n\n<figure class=\"wp-block-image\"><img loading=\"lazy\" decoding=\"async\" width=\"768\" height=\"1024\" src=\"http:\/\/patchworkinspirations.fr\/wp-content\/uploads\/2019\/04\/20190415_113938-e1555321937251-768x1024.jpg\" alt=\"\" class=\"wp-image-3873\" srcset=\"https:\/\/patchworkinspirations.fr\/wp-content\/uploads\/2019\/04\/20190415_113938-e1555321937251-768x1024.jpg 768w, https:\/\/patchworkinspirations.fr\/wp-content\/uploads\/2019\/04\/20190415_113938-e1555321937251-225x300.jpg 225w, https:\/\/patchworkinspirations.fr\/wp-content\/uploads\/2019\/04\/20190415_113938-e1555321937251.jpg 900w\" sizes=\"auto, (max-width: 768px) 100vw, 768px\" \/><\/figure>\n\n\n\n<p>Quelle merveilleuse co\u00efncidence !<\/p>\n\n\n\n<p>Voici mon avanc\u00e9e du mois<\/p>\n\n\n\n<p><\/p>\n\n\n\n<figure class=\"wp-block-image\"><img loading=\"lazy\" decoding=\"async\" width=\"720\" height=\"540\" src=\"http:\/\/patchworkinspirations.fr\/wp-content\/uploads\/2019\/04\/56542904_625369794579914_796048849461313536_n.jpg\" alt=\"\" class=\"wp-image-3877\" srcset=\"https:\/\/patchworkinspirations.fr\/wp-content\/uploads\/2019\/04\/56542904_625369794579914_796048849461313536_n.jpg 720w, https:\/\/patchworkinspirations.fr\/wp-content\/uploads\/2019\/04\/56542904_625369794579914_796048849461313536_n-300x225.jpg 300w, https:\/\/patchworkinspirations.fr\/wp-content\/uploads\/2019\/04\/56542904_625369794579914_796048849461313536_n-400x300.jpg 400w\" sizes=\"auto, (max-width: 720px) 100vw, 720px\" \/><\/figure>\n\n\n\n<p>J&rsquo;adore ce quilt !! Je me suis fix\u00e9e comme objectif d&#8217;employer que des tissus d\u00e9j\u00e0 en ma possession ! <\/p>\n\n\n\n<p>Les gros blocs font 12&Prime; finis et les petits 5&Prime;.<\/p>\n\n\n\n<p>Et j&rsquo;ai aussi particip\u00e9 \u00e0 un \u00e9change avec les Etats-Unis mais chuuuuut, mon <em>swap partner<\/em> n&rsquo;a pas encore re\u00e7u mon quilt !! Alors cela fera l&rsquo;objet d&rsquo;un prochain post !<\/p>\n\n\n\n<p>Allez petit rappel !! \ud83d\ude09 Ca commence dans 10 jours !!!!!!<\/p>\n\n\n\n<figure class=\"wp-block-image\"><img loading=\"lazy\" decoding=\"async\" width=\"768\" height=\"1024\" src=\"http:\/\/patchworkinspirations.fr\/wp-content\/uploads\/2019\/04\/20190407_1254420-e1554638384866-768x1024.jpg\" alt=\"\" class=\"wp-image-3850\" srcset=\"https:\/\/patchworkinspirations.fr\/wp-content\/uploads\/2019\/04\/20190407_1254420-e1554638384866-768x1024.jpg 768w, https:\/\/patchworkinspirations.fr\/wp-content\/uploads\/2019\/04\/20190407_1254420-e1554638384866-225x300.jpg 225w, https:\/\/patchworkinspirations.fr\/wp-content\/uploads\/2019\/04\/20190407_1254420-e1554638384866.jpg 900w\" sizes=\"auto, (max-width: 768px) 100vw, 768px\" \/><\/figure>\n\n\n\n<p>Retrouvez-moi sur le coin des blogueuses le jeudi apr\u00e8s-midi et le vendredi matin !! Sinon, le reste du temps dans les all\u00e9es !! \ud83d\ude42<\/p>\n\n\n\n<p>A tr\u00e8s bient\u00f4t !<\/p>\n\n\n\n<p>Je vous remercie de vos visites.<\/p>\n\n\n\n<p>Happy quilting !<\/p>\n\n\n\n<p>C\u00e9cile<\/p>\n","protected":false},"excerpt":{"rendered":"<p>Bonjour ! J&rsquo;avance tout doucement dans mes projets et je suis heureuse de vous montrer mon top enfin termin\u00e9 du Quilt-a-Long des fleurs&#8230;.. J&rsquo;ai pris mon temps pour appliquer le tissu fleuri sur la bordure mais c&rsquo;\u00e9tait compliqu\u00e9&#8230; Le r\u00e9sultat &hellip; <a href=\"https:\/\/patchworkinspirations.fr\/?p=3875\">Continuer la lecture <span class=\"meta-nav\">&rarr;<\/span><\/a><\/p>\n","protected":false},"author":1,"featured_media":0,"comment_status":"open","ping_status":"open","sticky":false,"template":"","format":"standard","meta":{"footnotes":""},"categories":[1],"tags":[],"class_list":["post-3875","post","type-post","status-publish","format-standard","hentry","category-non-classe"],"_links":{"self":[{"href":"https:\/\/patchworkinspirations.fr\/index.php?rest_route=\/wp\/v2\/posts\/3875","targetHints":{"allow":["GET"]}}],"collection":[{"href":"https:\/\/patchworkinspirations.fr\/index.php?rest_route=\/wp\/v2\/posts"}],"about":[{"href":"https:\/\/patchworkinspirations.fr\/index.php?rest_route=\/wp\/v2\/types\/post"}],"author":[{"embeddable":true,"href":"https:\/\/patchworkinspirations.fr\/index.php?rest_route=\/wp\/v2\/users\/1"}],"replies":[{"embeddable":true,"href":"https:\/\/patchworkinspirations.fr\/index.php?rest_route=%2Fwp%2Fv2%2Fcomments&post=3875"}],"version-history":[{"count":7,"href":"https:\/\/patchworkinspirations.fr\/index.php?rest_route=\/wp\/v2\/posts\/3875\/revisions"}],"predecessor-version":[{"id":3883,"href":"https:\/\/patchworkinspirations.fr\/index.php?rest_route=\/wp\/v2\/posts\/3875\/revisions\/3883"}],"wp:attachment":[{"href":"https:\/\/patchworkinspirations.fr\/index.php?rest_route=%2Fwp%2Fv2%2Fmedia&parent=3875"}],"wp:term":[{"taxonomy":"category","embeddable":true,"href":"https:\/\/patchworkinspirations.fr\/index.php?rest_route=%2Fwp%2Fv2%2Fcategories&post=3875"},{"taxonomy":"post_tag","embeddable":true,"href":"https:\/\/patchworkinspirations.fr\/index.php?rest_route=%2Fwp%2Fv2%2Ftags&post=3875"}],"curies":[{"name":"wp","href":"https:\/\/api.w.org\/{rel}","templated":true}]}}