{"id":3595,"date":"2018-12-18T10:38:59","date_gmt":"2018-12-18T09:38:59","guid":{"rendered":"http:\/\/patchworkinspirations.fr\/?p=3595"},"modified":"2018-12-18T10:38:59","modified_gmt":"2018-12-18T09:38:59","slug":"bonnes-vacances-a-tous","status":"publish","type":"post","link":"https:\/\/patchworkinspirations.fr\/?p=3595","title":{"rendered":"Bonnes vacances \u00e0 tous !"},"content":{"rendered":"<div class=\"fcbkbttn_buttons_block\" id=\"fcbkbttn_left\"><div class=\"fcbkbttn_button\">\n\t\t\t\t\t<a href=\"https:\/\/www.facebook.com\/http:\/\/facebook.com\/patchworkinspirations\" target=\"_blank\">\n\t\t\t\t\t\t<img decoding=\"async\" src=\"https:\/\/patchworkinspirations.fr\/wp-content\/plugins\/facebook-button-plugin\/images\/standard-facebook-ico.png\" alt=\"Fb-Button\" \/>\n\t\t\t\t\t<\/a>\n\t\t\t\t<\/div><div class=\"fcbkbttn_like \"><fb:like href=\"https:\/\/patchworkinspirations.fr\/?p=3595\" action=\"like\" colorscheme=\"light\" layout=\"button_count\"  size=\"small\"><\/fb:like><\/div><div class=\"fb-share-button  \" data-href=\"https:\/\/patchworkinspirations.fr\/?p=3595\" data-type=\"button_count\" data-size=\"small\"><\/div><\/div>\n<p>Bonjour !<\/p>\n\n\n\n<p>Il y a un an j&rsquo;ai retrouv\u00e9 dans mes archives de vacances une photo d&rsquo;un voyage en Italie. Florence puis Rome !&nbsp;<\/p>\n\n\n\n<p>Je me souviens, je m&rsquo;amusais \u00e0 photographier les sols des innombrables \u00e9glises qui regorgeaient d&rsquo;id\u00e9es pour r\u00e9aliser des blocs de patchwork. J&rsquo;en ai retrouv\u00e9 une qui m&rsquo;a inspir\u00e9 ce quilt.<\/p>\n\n\n\n<p>Petit \u00e0 petit, j&rsquo;ai puis\u00e9 dans mes morceaux de tissus et il a \u00e9t\u00e9 r\u00e9alis\u00e9 uniquement \u00e0 partir de chutes (sauf pour le tissu de dos).<\/p>\n\n\n\n<figure class=\"wp-block-image\"><img loading=\"lazy\" decoding=\"async\" width=\"1024\" height=\"768\" src=\"http:\/\/patchworkinspirations.fr\/wp-content\/uploads\/2018\/12\/IMG_0195-1024x768.jpg\" alt=\"\" class=\"wp-image-3586\" srcset=\"https:\/\/patchworkinspirations.fr\/wp-content\/uploads\/2018\/12\/IMG_0195-1024x768.jpg 1024w, https:\/\/patchworkinspirations.fr\/wp-content\/uploads\/2018\/12\/IMG_0195-300x225.jpg 300w, https:\/\/patchworkinspirations.fr\/wp-content\/uploads\/2018\/12\/IMG_0195-768x576.jpg 768w, https:\/\/patchworkinspirations.fr\/wp-content\/uploads\/2018\/12\/IMG_0195-400x300.jpg 400w\" sizes=\"auto, (max-width: 1024px) 100vw, 1024px\" \/><\/figure>\n\n\n\n<p>Je reconnais humblement que je me suis amus\u00e9e \u00e0 faire des blocs sans trop savoir la finalit\u00e9 de mon top !&nbsp;<\/p>\n\n\n\n<figure class=\"wp-block-image\"><img loading=\"lazy\" decoding=\"async\" width=\"1024\" height=\"768\" src=\"http:\/\/patchworkinspirations.fr\/wp-content\/uploads\/2018\/12\/IMG_0198-1024x768.jpg\" alt=\"\" class=\"wp-image-3587\" srcset=\"https:\/\/patchworkinspirations.fr\/wp-content\/uploads\/2018\/12\/IMG_0198-1024x768.jpg 1024w, https:\/\/patchworkinspirations.fr\/wp-content\/uploads\/2018\/12\/IMG_0198-300x225.jpg 300w, https:\/\/patchworkinspirations.fr\/wp-content\/uploads\/2018\/12\/IMG_0198-768x576.jpg 768w, https:\/\/patchworkinspirations.fr\/wp-content\/uploads\/2018\/12\/IMG_0198-400x300.jpg 400w, https:\/\/patchworkinspirations.fr\/wp-content\/uploads\/2018\/12\/IMG_0198.jpg 1200w\" sizes=\"auto, (max-width: 1024px) 100vw, 1024px\" \/><\/figure>\n\n\n\n<p>Je faisais des essais de tissu de fond au fur et \u00e0 mesure que j&rsquo;avan\u00e7ais.<\/p>\n\n\n\n<p>Puis vint rapidement l&rsquo;\u00e9tape du quilting.<\/p>\n\n\n\n<figure class=\"wp-block-image\"><img loading=\"lazy\" decoding=\"async\" width=\"576\" height=\"1024\" src=\"http:\/\/patchworkinspirations.fr\/wp-content\/uploads\/2018\/12\/20181028_160010-e1545125163125-576x1024.jpg\" alt=\"\" class=\"wp-image-3588\" srcset=\"https:\/\/patchworkinspirations.fr\/wp-content\/uploads\/2018\/12\/20181028_160010-e1545125163125-576x1024.jpg 576w, https:\/\/patchworkinspirations.fr\/wp-content\/uploads\/2018\/12\/20181028_160010-e1545125163125-169x300.jpg 169w, https:\/\/patchworkinspirations.fr\/wp-content\/uploads\/2018\/12\/20181028_160010-e1545125163125-768x1365.jpg 768w, https:\/\/patchworkinspirations.fr\/wp-content\/uploads\/2018\/12\/20181028_160010-e1545125163125.jpg 1836w\" sizes=\"auto, (max-width: 576px) 100vw, 576px\" \/><\/figure>\n\n\n\n<p>J&rsquo;ai utilis\u00e9 comme toujours de la ouatine en bambou. Je trouve que les quilts sont plus lourds et de ce fait, ont un plus joli tomb\u00e9 !<\/p>\n\n\n\n<figure class=\"wp-block-image\"><img loading=\"lazy\" decoding=\"async\" width=\"1024\" height=\"576\" src=\"http:\/\/patchworkinspirations.fr\/wp-content\/uploads\/2018\/12\/20181108_152129-1024x576.jpg\" alt=\"\" class=\"wp-image-3589\" srcset=\"https:\/\/patchworkinspirations.fr\/wp-content\/uploads\/2018\/12\/20181108_152129-1024x576.jpg 1024w, https:\/\/patchworkinspirations.fr\/wp-content\/uploads\/2018\/12\/20181108_152129-300x169.jpg 300w, https:\/\/patchworkinspirations.fr\/wp-content\/uploads\/2018\/12\/20181108_152129-768x432.jpg 768w, https:\/\/patchworkinspirations.fr\/wp-content\/uploads\/2018\/12\/20181108_152129-500x281.jpg 500w, https:\/\/patchworkinspirations.fr\/wp-content\/uploads\/2018\/12\/20181108_152129.jpg 1400w\" sizes=\"auto, (max-width: 1024px) 100vw, 1024px\" \/><\/figure>\n\n\n\n<p>J&rsquo;ai eu de gentilles petites aides ! Vous voyez la t\u00eate d&rsquo;Aby qui sort du quilt pendant que je fixais le biais ?<\/p>\n\n\n\n<figure class=\"wp-block-image\"><img loading=\"lazy\" decoding=\"async\" width=\"576\" height=\"1024\" src=\"http:\/\/patchworkinspirations.fr\/wp-content\/uploads\/2018\/12\/20181110_150507-e1545125401805-576x1024.jpg\" alt=\"\" class=\"wp-image-3590\" srcset=\"https:\/\/patchworkinspirations.fr\/wp-content\/uploads\/2018\/12\/20181110_150507-e1545125401805-576x1024.jpg 576w, https:\/\/patchworkinspirations.fr\/wp-content\/uploads\/2018\/12\/20181110_150507-e1545125401805-169x300.jpg 169w, https:\/\/patchworkinspirations.fr\/wp-content\/uploads\/2018\/12\/20181110_150507-e1545125401805-768x1365.jpg 768w, https:\/\/patchworkinspirations.fr\/wp-content\/uploads\/2018\/12\/20181110_150507-e1545125401805.jpg 900w\" sizes=\"auto, (max-width: 576px) 100vw, 576px\" \/><\/figure>\n\n\n\n<p>Toujours Aby qui me soutient !! \ud83d\ude42<\/p>\n\n\n\n<figure class=\"wp-block-image\"><img loading=\"lazy\" decoding=\"async\" width=\"1024\" height=\"768\" src=\"http:\/\/patchworkinspirations.fr\/wp-content\/uploads\/2018\/12\/IMG_0900-1024x768.jpg\" alt=\"\" class=\"wp-image-3591\" srcset=\"https:\/\/patchworkinspirations.fr\/wp-content\/uploads\/2018\/12\/IMG_0900-1024x768.jpg 1024w, https:\/\/patchworkinspirations.fr\/wp-content\/uploads\/2018\/12\/IMG_0900-300x225.jpg 300w, https:\/\/patchworkinspirations.fr\/wp-content\/uploads\/2018\/12\/IMG_0900-768x576.jpg 768w, https:\/\/patchworkinspirations.fr\/wp-content\/uploads\/2018\/12\/IMG_0900-400x300.jpg 400w, https:\/\/patchworkinspirations.fr\/wp-content\/uploads\/2018\/12\/IMG_0900.jpg 1900w\" sizes=\"auto, (max-width: 1024px) 100vw, 1024px\" \/><\/figure>\n\n\n\n<p>Approuv\u00e9 par Smoothie !<\/p>\n\n\n\n<p>Le quilt mesure 163 cm x 200 cm (64&Prime; x 77&Prime;)<\/p>\n\n\n\n<figure class=\"wp-block-image\"><img loading=\"lazy\" decoding=\"async\" width=\"1024\" height=\"768\" src=\"http:\/\/patchworkinspirations.fr\/wp-content\/uploads\/2018\/12\/IMG_0903-1024x768.jpg\" alt=\"\" class=\"wp-image-3592\" srcset=\"https:\/\/patchworkinspirations.fr\/wp-content\/uploads\/2018\/12\/IMG_0903-1024x768.jpg 1024w, https:\/\/patchworkinspirations.fr\/wp-content\/uploads\/2018\/12\/IMG_0903-300x225.jpg 300w, https:\/\/patchworkinspirations.fr\/wp-content\/uploads\/2018\/12\/IMG_0903-768x576.jpg 768w, https:\/\/patchworkinspirations.fr\/wp-content\/uploads\/2018\/12\/IMG_0903-400x300.jpg 400w, https:\/\/patchworkinspirations.fr\/wp-content\/uploads\/2018\/12\/IMG_0903.jpg 1900w\" sizes=\"auto, (max-width: 1024px) 100vw, 1024px\" \/><\/figure>\n\n\n\n<figure class=\"wp-block-image\"><img loading=\"lazy\" decoding=\"async\" width=\"1024\" height=\"768\" src=\"http:\/\/patchworkinspirations.fr\/wp-content\/uploads\/2018\/12\/IMG_0905-1024x768.jpg\" alt=\"\" class=\"wp-image-3593\" srcset=\"https:\/\/patchworkinspirations.fr\/wp-content\/uploads\/2018\/12\/IMG_0905-1024x768.jpg 1024w, https:\/\/patchworkinspirations.fr\/wp-content\/uploads\/2018\/12\/IMG_0905-300x225.jpg 300w, https:\/\/patchworkinspirations.fr\/wp-content\/uploads\/2018\/12\/IMG_0905-768x576.jpg 768w, https:\/\/patchworkinspirations.fr\/wp-content\/uploads\/2018\/12\/IMG_0905-400x300.jpg 400w, https:\/\/patchworkinspirations.fr\/wp-content\/uploads\/2018\/12\/IMG_0905.jpg 1900w\" sizes=\"auto, (max-width: 1024px) 100vw, 1024px\" \/><\/figure>\n\n\n\n<figure class=\"wp-block-image\"><img loading=\"lazy\" decoding=\"async\" width=\"1024\" height=\"796\" src=\"http:\/\/patchworkinspirations.fr\/wp-content\/uploads\/2018\/12\/IMG_0915-1024x796.jpg\" alt=\"\" class=\"wp-image-3594\" srcset=\"https:\/\/patchworkinspirations.fr\/wp-content\/uploads\/2018\/12\/IMG_0915-1024x796.jpg 1024w, https:\/\/patchworkinspirations.fr\/wp-content\/uploads\/2018\/12\/IMG_0915-300x233.jpg 300w, https:\/\/patchworkinspirations.fr\/wp-content\/uploads\/2018\/12\/IMG_0915-768x597.jpg 768w, https:\/\/patchworkinspirations.fr\/wp-content\/uploads\/2018\/12\/IMG_0915-386x300.jpg 386w, https:\/\/patchworkinspirations.fr\/wp-content\/uploads\/2018\/12\/IMG_0915.jpg 1900w\" sizes=\"auto, (max-width: 1024px) 100vw, 1024px\" \/><\/figure>\n\n\n\n<p>Un dessus de lit dont je suis tr\u00e8s fi\u00e8re !<\/p>\n\n\n\n<p>Je vous souhaite de passer de tr\u00e8s bonnes f\u00eates de fin d&rsquo;ann\u00e9e.\u00a0<\/p>\n\n\n\n<p>Je vous donne rendez-vous le 2 janvier pour le d\u00e9but de notre Quilt-a-Long !<\/p>\n\n\n\n<p>Je vous remercie de votre visite.<\/p>\n\n\n\n<p>Happy quilting !<\/p>\n\n\n\n<p>C\u00e9cile<\/p>\n","protected":false},"excerpt":{"rendered":"<p>Bonjour ! Il y a un an j&rsquo;ai retrouv\u00e9 dans mes archives de vacances une photo d&rsquo;un voyage en Italie. Florence puis Rome !&nbsp; Je me souviens, je m&rsquo;amusais \u00e0 photographier les sols des innombrables \u00e9glises qui regorgeaient d&rsquo;id\u00e9es pour &hellip; <a href=\"https:\/\/patchworkinspirations.fr\/?p=3595\">Continuer la lecture <span class=\"meta-nav\">&rarr;<\/span><\/a><\/p>\n","protected":false},"author":1,"featured_media":0,"comment_status":"open","ping_status":"open","sticky":false,"template":"","format":"standard","meta":{"footnotes":""},"categories":[1],"tags":[],"class_list":["post-3595","post","type-post","status-publish","format-standard","hentry","category-non-classe"],"_links":{"self":[{"href":"https:\/\/patchworkinspirations.fr\/index.php?rest_route=\/wp\/v2\/posts\/3595","targetHints":{"allow":["GET"]}}],"collection":[{"href":"https:\/\/patchworkinspirations.fr\/index.php?rest_route=\/wp\/v2\/posts"}],"about":[{"href":"https:\/\/patchworkinspirations.fr\/index.php?rest_route=\/wp\/v2\/types\/post"}],"author":[{"embeddable":true,"href":"https:\/\/patchworkinspirations.fr\/index.php?rest_route=\/wp\/v2\/users\/1"}],"replies":[{"embeddable":true,"href":"https:\/\/patchworkinspirations.fr\/index.php?rest_route=%2Fwp%2Fv2%2Fcomments&post=3595"}],"version-history":[{"count":3,"href":"https:\/\/patchworkinspirations.fr\/index.php?rest_route=\/wp\/v2\/posts\/3595\/revisions"}],"predecessor-version":[{"id":3598,"href":"https:\/\/patchworkinspirations.fr\/index.php?rest_route=\/wp\/v2\/posts\/3595\/revisions\/3598"}],"wp:attachment":[{"href":"https:\/\/patchworkinspirations.fr\/index.php?rest_route=%2Fwp%2Fv2%2Fmedia&parent=3595"}],"wp:term":[{"taxonomy":"category","embeddable":true,"href":"https:\/\/patchworkinspirations.fr\/index.php?rest_route=%2Fwp%2Fv2%2Fcategories&post=3595"},{"taxonomy":"post_tag","embeddable":true,"href":"https:\/\/patchworkinspirations.fr\/index.php?rest_route=%2Fwp%2Fv2%2Ftags&post=3595"}],"curies":[{"name":"wp","href":"https:\/\/api.w.org\/{rel}","templated":true}]}}