{"id":3512,"date":"2018-11-02T10:10:37","date_gmt":"2018-11-02T09:10:37","guid":{"rendered":"http:\/\/patchworkinspirations.fr\/?p=3512"},"modified":"2018-11-02T10:10:37","modified_gmt":"2018-11-02T09:10:37","slug":"quilt-a-long-2019","status":"publish","type":"post","link":"https:\/\/patchworkinspirations.fr\/?p=3512","title":{"rendered":"Quilt-a-Long 2019 !! :)"},"content":{"rendered":"<div class=\"fcbkbttn_buttons_block\" id=\"fcbkbttn_left\"><div class=\"fcbkbttn_button\">\n\t\t\t\t\t<a href=\"https:\/\/www.facebook.com\/http:\/\/facebook.com\/patchworkinspirations\" target=\"_blank\">\n\t\t\t\t\t\t<img decoding=\"async\" src=\"https:\/\/patchworkinspirations.fr\/wp-content\/plugins\/facebook-button-plugin\/images\/standard-facebook-ico.png\" alt=\"Fb-Button\" \/>\n\t\t\t\t\t<\/a>\n\t\t\t\t<\/div><div class=\"fcbkbttn_like \"><fb:like href=\"https:\/\/patchworkinspirations.fr\/?p=3512\" action=\"like\" colorscheme=\"light\" layout=\"button_count\"  size=\"small\"><\/fb:like><\/div><div class=\"fb-share-button  \" data-href=\"https:\/\/patchworkinspirations.fr\/?p=3512\" data-type=\"button_count\" data-size=\"small\"><\/div><\/div><p>Bonjour !<\/p>\n<p>Tout d&rsquo;abord, je vous remercie de tous vos gentils commentaires sur le mini quilt Sajou ! Comme c&rsquo;\u00e9tait bien !!<br \/>\nCe SAL \u00e9tait organis\u00e9 par la talentueuse Lori de Jarnatt du blog <a href=\"http:\/\/humblequilts.blogspot.com\/\">humblequilts.blogspot.com\/<\/a>. Si vous d\u00e9sirez admirer les diff\u00e9rentes et magnifiques versions de toutes les participantes, RV sur son blog ! Il y a une Linky Party ! \ud83d\ude09<br \/>\nPour celles qui d\u00e9sirent le faire, vous pouvez toujours !! Lori laisse les consignes sur son blog !<\/p>\n<p>A pr\u00e9sent concentrons-nous sur notre futur Quilt-a-Long qui d\u00e9butera comme chaque ann\u00e9e le 1er janvier !<br \/>\nCette ann\u00e9e, B\u00e9atrice et moi-m\u00eame avons d\u00e9cid\u00e9 que le th\u00e8me porterait sur &#8230;&#8230;&#8230;&#8230; les fleurs !! Flowers !<br \/>\n<a href=\"http:\/\/patchworkinspirations.fr\/wp-content\/uploads\/2018\/10\/290px-Flower_poster_2.jpg\"><img loading=\"lazy\" decoding=\"async\" class=\"size-medium wp-image-3517 aligncenter\" src=\"http:\/\/patchworkinspirations.fr\/wp-content\/uploads\/2018\/10\/290px-Flower_poster_2-225x300.jpg\" alt=\"\" width=\"225\" height=\"300\" srcset=\"https:\/\/patchworkinspirations.fr\/wp-content\/uploads\/2018\/10\/290px-Flower_poster_2-225x300.jpg 225w, https:\/\/patchworkinspirations.fr\/wp-content\/uploads\/2018\/10\/290px-Flower_poster_2.jpg 290w\" sizes=\"auto, (max-width: 225px) 100vw, 225px\" \/><\/a><\/p>\n<p>Les fleurs sous toutes leurs formes : pi\u00e9c\u00e9es, appliqu\u00e9es, brod\u00e9es (attention il faudra pour celles qui veulent broder, inclure les broderies dans un quilt).<\/p>\n<p>Voici les r\u00e8gles \u00e0 suivre :<br \/>\nComme d&rsquo;habitude, je ne vous en impose que 2 :<br \/>\n&#8211; respecter un nombre minimum de 16 blocs \u00e0 faire durant les mois de janvier et f\u00e9vrier.<br \/>\n&#8211; et bien s\u00fbr, respecter le th\u00e8me choisi en postant chaque mois vos photos de vos avanc\u00e9es.<\/p>\n<p>Sinon, vous pouvez choisir vos tissus (tradis, modernes, japonais, Liberty, hollandais&#8230;) le choix ne manque pas ! \ud83d\ude09<br \/>\nVous pouvez aussi, pour les plus courageuses, r\u00e9aliser un nombre sup\u00e9rieur \u00e0 16 blocs !!<br \/>\nVous choisirez vous-m\u00eame la taille de vos blocs mais attention, cela d\u00e9terminera la taille de votre top ! ;).<br \/>\n<a href=\"http:\/\/patchworkinspirations.fr\/wp-content\/uploads\/2018\/10\/linha-da-flor-4886603.jpg\"><img loading=\"lazy\" decoding=\"async\" class=\"size-medium wp-image-3522 aligncenter\" src=\"http:\/\/patchworkinspirations.fr\/wp-content\/uploads\/2018\/10\/linha-da-flor-4886603-300x160.jpg\" alt=\"\" width=\"300\" height=\"160\" srcset=\"https:\/\/patchworkinspirations.fr\/wp-content\/uploads\/2018\/10\/linha-da-flor-4886603-300x160.jpg 300w, https:\/\/patchworkinspirations.fr\/wp-content\/uploads\/2018\/10\/linha-da-flor-4886603-768x409.jpg 768w, https:\/\/patchworkinspirations.fr\/wp-content\/uploads\/2018\/10\/linha-da-flor-4886603-1024x545.jpg 1024w, https:\/\/patchworkinspirations.fr\/wp-content\/uploads\/2018\/10\/linha-da-flor-4886603-500x266.jpg 500w, https:\/\/patchworkinspirations.fr\/wp-content\/uploads\/2018\/10\/linha-da-flor-4886603.jpg 1300w\" sizes=\"auto, (max-width: 300px) 100vw, 300px\" \/><\/a><\/p>\n<p>Bref, comme d&rsquo;habitude je lance mon cri : faites parler votre cr\u00e9-a-ti-vi-t\u00e9 !! \ud83d\ude42<\/p>\n<p>Le mois de Mars sera consacr\u00e9 au montage du top.<br \/>\nEt nouveaut\u00e9, je vous laisse deux mois pour quilter votre ouvrage c&rsquo;est-\u00e0-dire, avril et mai.<br \/>\nLe 1er juin, vous devrez pr\u00e9senter votre quilt termin\u00e9 &#8230;.pour pouvoir participer au tirage au sort et gagner un lot.<br \/>\n<a href=\"http:\/\/patchworkinspirations.fr\/wp-content\/uploads\/2018\/10\/ligne-diviseur-de-fleurs-19231783.jpg\"><img loading=\"lazy\" decoding=\"async\" class=\"size-medium wp-image-3521 aligncenter\" src=\"http:\/\/patchworkinspirations.fr\/wp-content\/uploads\/2018\/10\/ligne-diviseur-de-fleurs-19231783-300x138.jpg\" alt=\"\" width=\"300\" height=\"138\" srcset=\"https:\/\/patchworkinspirations.fr\/wp-content\/uploads\/2018\/10\/ligne-diviseur-de-fleurs-19231783-300x138.jpg 300w, https:\/\/patchworkinspirations.fr\/wp-content\/uploads\/2018\/10\/ligne-diviseur-de-fleurs-19231783-768x353.jpg 768w, https:\/\/patchworkinspirations.fr\/wp-content\/uploads\/2018\/10\/ligne-diviseur-de-fleurs-19231783-1024x471.jpg 1024w, https:\/\/patchworkinspirations.fr\/wp-content\/uploads\/2018\/10\/ligne-diviseur-de-fleurs-19231783-500x230.jpg 500w, https:\/\/patchworkinspirations.fr\/wp-content\/uploads\/2018\/10\/ligne-diviseur-de-fleurs-19231783.jpg 1300w\" sizes=\"auto, (max-width: 300px) 100vw, 300px\" \/><\/a><\/p>\n<p>Nos sponsors nous sont toujours aussi fid\u00e8les et je les remercie du fond du c\u0153ur.<\/p>\n<p><a href=\"http:\/\/patchworkinspirations.fr\/wp-content\/uploads\/2017\/11\/AURIfil-logo.jpg\"><img loading=\"lazy\" decoding=\"async\" class=\"size-medium wp-image-2790 aligncenter\" src=\"http:\/\/patchworkinspirations.fr\/wp-content\/uploads\/2017\/11\/AURIfil-logo-300x117.jpg\" alt=\"\" width=\"300\" height=\"117\" srcset=\"https:\/\/patchworkinspirations.fr\/wp-content\/uploads\/2017\/11\/AURIfil-logo-300x117.jpg 300w, https:\/\/patchworkinspirations.fr\/wp-content\/uploads\/2017\/11\/AURIfil-logo.jpg 350w\" sizes=\"auto, (max-width: 300px) 100vw, 300px\" \/><\/a><br \/>\nGrazie mille Alex and thank you Alexander \ud83d\ude42<br \/>\n<a href=\"http:\/\/www.aurifil.com\/\">www.aurifil.com\/<\/a><\/p>\n<p><a href=\"http:\/\/patchworkinspirations.fr\/wp-content\/uploads\/2017\/11\/logo-modern-patchwork-carre.jpg\"><img loading=\"lazy\" decoding=\"async\" class=\"size-medium wp-image-2791 aligncenter\" src=\"http:\/\/patchworkinspirations.fr\/wp-content\/uploads\/2017\/11\/logo-modern-patchwork-carre-300x300.jpg\" alt=\"\" width=\"300\" height=\"300\" srcset=\"https:\/\/patchworkinspirations.fr\/wp-content\/uploads\/2017\/11\/logo-modern-patchwork-carre-300x300.jpg 300w, https:\/\/patchworkinspirations.fr\/wp-content\/uploads\/2017\/11\/logo-modern-patchwork-carre-150x150.jpg 150w, https:\/\/patchworkinspirations.fr\/wp-content\/uploads\/2017\/11\/logo-modern-patchwork-carre-768x768.jpg 768w, https:\/\/patchworkinspirations.fr\/wp-content\/uploads\/2017\/11\/logo-modern-patchwork-carre-1024x1024.jpg 1024w, https:\/\/patchworkinspirations.fr\/wp-content\/uploads\/2017\/11\/logo-modern-patchwork-carre-250x250.jpg 250w, https:\/\/patchworkinspirations.fr\/wp-content\/uploads\/2017\/11\/logo-modern-patchwork-carre.jpg 1200w\" sizes=\"auto, (max-width: 300px) 100vw, 300px\" \/><\/a><br \/>\nMerci S\u00e9bastien \ud83d\ude42<br \/>\n<a href=\"http:\/\/www.modernpatchwork.fr\/\">www.modernpatchwork.fr\/<\/a><\/p>\n<p><a href=\"http:\/\/patchworkinspirations.fr\/wp-content\/uploads\/2017\/11\/logo-quiltmania.jpg\"><img loading=\"lazy\" decoding=\"async\" class=\"size-medium wp-image-2792 aligncenter\" src=\"http:\/\/patchworkinspirations.fr\/wp-content\/uploads\/2017\/11\/logo-quiltmania-300x69.jpg\" alt=\"\" width=\"300\" height=\"69\" \/><\/a><br \/>\nMerci Sarah \ud83d\ude42<br \/>\n<a href=\"http:\/\/www.quiltmania.com\/\">www.quiltmania.com\/<\/a><\/p>\n<p>Je vous en dirai un peu plus concernant les lots dans le prochain post \ud83d\ude42<br \/>\n<a href=\"http:\/\/patchworkinspirations.fr\/wp-content\/uploads\/2018\/10\/fond-sans-couture-horizontal-avec-les-fleurs-color\u00e9es-de-gerbera-illustration-de-vecteur-43535881.jpg\"><img loading=\"lazy\" decoding=\"async\" class=\"size-medium wp-image-3520 aligncenter\" src=\"http:\/\/patchworkinspirations.fr\/wp-content\/uploads\/2018\/10\/fond-sans-couture-horizontal-avec-les-fleurs-color\u00e9es-de-gerbera-illustration-de-vecteur-43535881-300x126.jpg\" alt=\"\" width=\"300\" height=\"126\" srcset=\"https:\/\/patchworkinspirations.fr\/wp-content\/uploads\/2018\/10\/fond-sans-couture-horizontal-avec-les-fleurs-color\u00e9es-de-gerbera-illustration-de-vecteur-43535881-300x126.jpg 300w, https:\/\/patchworkinspirations.fr\/wp-content\/uploads\/2018\/10\/fond-sans-couture-horizontal-avec-les-fleurs-color\u00e9es-de-gerbera-illustration-de-vecteur-43535881-768x322.jpg 768w, https:\/\/patchworkinspirations.fr\/wp-content\/uploads\/2018\/10\/fond-sans-couture-horizontal-avec-les-fleurs-color\u00e9es-de-gerbera-illustration-de-vecteur-43535881-1024x429.jpg 1024w, https:\/\/patchworkinspirations.fr\/wp-content\/uploads\/2018\/10\/fond-sans-couture-horizontal-avec-les-fleurs-color\u00e9es-de-gerbera-illustration-de-vecteur-43535881-500x210.jpg 500w, https:\/\/patchworkinspirations.fr\/wp-content\/uploads\/2018\/10\/fond-sans-couture-horizontal-avec-les-fleurs-color\u00e9es-de-gerbera-illustration-de-vecteur-43535881.jpg 1300w\" sizes=\"auto, (max-width: 300px) 100vw, 300px\" \/><\/a><\/p>\n<p>Si vous avez des questions, n&rsquo;h\u00e9sitez pas \u00e0 les poser, ici ou sur notre groupe Facebook <a href=\"https:\/\/www.facebook.com\/groups\/225377351208928\/?ref=bookmarks\">https:\/\/www.facebook.com\/groups\/225377351208928\/?ref=bookmarks<\/a><br \/>\nSi vous n&rsquo;avez pas de blog, si vous n&rsquo;\u00eates pas inscrite sur FB, pas de soucis, faites moi parvenir vos photos, je les mettrai sur mon blog.<\/p>\n<p>Prenez le temps de choisir vos dessins et vos tissus. C&rsquo;est pour cette raison que je vous donne le th\u00e8me en avance car d\u00e9cembre est pris dans le tourbillon des f\u00eates de fin d&rsquo;ann\u00e9e et personnellement, je ne vois pas passer ce mois !<br \/>\nInscrivez-vous ici ou sur le groupe FB ! Merci ! Et j&rsquo;esp\u00e8re \u00e0 bient\u00f4t \ud83d\ude42<br \/>\n<a href=\"http:\/\/patchworkinspirations.fr\/wp-content\/uploads\/2018\/10\/0_bb811_f94f0c_XL.png\"><img loading=\"lazy\" decoding=\"async\" class=\"size-medium wp-image-3525 aligncenter\" src=\"http:\/\/patchworkinspirations.fr\/wp-content\/uploads\/2018\/10\/0_bb811_f94f0c_XL-300x89.png\" alt=\"\" width=\"300\" height=\"89\" srcset=\"https:\/\/patchworkinspirations.fr\/wp-content\/uploads\/2018\/10\/0_bb811_f94f0c_XL-300x89.png 300w, https:\/\/patchworkinspirations.fr\/wp-content\/uploads\/2018\/10\/0_bb811_f94f0c_XL-768x228.png 768w, https:\/\/patchworkinspirations.fr\/wp-content\/uploads\/2018\/10\/0_bb811_f94f0c_XL-500x149.png 500w, https:\/\/patchworkinspirations.fr\/wp-content\/uploads\/2018\/10\/0_bb811_f94f0c_XL.png 800w\" sizes=\"auto, (max-width: 300px) 100vw, 300px\" \/><\/a><\/p>\n<p>Je vous remercie pour vos visites.<br \/>\nHappy quilting !<br \/>\nC\u00e9cile<\/p>\n","protected":false},"excerpt":{"rendered":"<p>Bonjour ! Tout d&rsquo;abord, je vous remercie de tous vos gentils commentaires sur le mini quilt Sajou ! Comme c&rsquo;\u00e9tait bien !! Ce SAL \u00e9tait organis\u00e9 par la talentueuse Lori de Jarnatt du blog humblequilts.blogspot.com\/. Si vous d\u00e9sirez admirer les &hellip; <a href=\"https:\/\/patchworkinspirations.fr\/?p=3512\">Continuer la lecture <span class=\"meta-nav\">&rarr;<\/span><\/a><\/p>\n","protected":false},"author":1,"featured_media":0,"comment_status":"open","ping_status":"open","sticky":false,"template":"","format":"standard","meta":{"footnotes":""},"categories":[1],"tags":[],"class_list":["post-3512","post","type-post","status-publish","format-standard","hentry","category-non-classe"],"_links":{"self":[{"href":"https:\/\/patchworkinspirations.fr\/index.php?rest_route=\/wp\/v2\/posts\/3512","targetHints":{"allow":["GET"]}}],"collection":[{"href":"https:\/\/patchworkinspirations.fr\/index.php?rest_route=\/wp\/v2\/posts"}],"about":[{"href":"https:\/\/patchworkinspirations.fr\/index.php?rest_route=\/wp\/v2\/types\/post"}],"author":[{"embeddable":true,"href":"https:\/\/patchworkinspirations.fr\/index.php?rest_route=\/wp\/v2\/users\/1"}],"replies":[{"embeddable":true,"href":"https:\/\/patchworkinspirations.fr\/index.php?rest_route=%2Fwp%2Fv2%2Fcomments&post=3512"}],"version-history":[{"count":10,"href":"https:\/\/patchworkinspirations.fr\/index.php?rest_route=\/wp\/v2\/posts\/3512\/revisions"}],"predecessor-version":[{"id":3527,"href":"https:\/\/patchworkinspirations.fr\/index.php?rest_route=\/wp\/v2\/posts\/3512\/revisions\/3527"}],"wp:attachment":[{"href":"https:\/\/patchworkinspirations.fr\/index.php?rest_route=%2Fwp%2Fv2%2Fmedia&parent=3512"}],"wp:term":[{"taxonomy":"category","embeddable":true,"href":"https:\/\/patchworkinspirations.fr\/index.php?rest_route=%2Fwp%2Fv2%2Fcategories&post=3512"},{"taxonomy":"post_tag","embeddable":true,"href":"https:\/\/patchworkinspirations.fr\/index.php?rest_route=%2Fwp%2Fv2%2Ftags&post=3512"}],"curies":[{"name":"wp","href":"https:\/\/api.w.org\/{rel}","templated":true}]}}