{"id":3505,"date":"2018-10-23T14:57:12","date_gmt":"2018-10-23T13:57:12","guid":{"rendered":"http:\/\/patchworkinspirations.fr\/?p=3505"},"modified":"2018-10-23T14:57:12","modified_gmt":"2018-10-23T13:57:12","slug":"sal-sajou","status":"publish","type":"post","link":"https:\/\/patchworkinspirations.fr\/?p=3505","title":{"rendered":"SAL Sajou !"},"content":{"rendered":"<div class=\"fcbkbttn_buttons_block\" id=\"fcbkbttn_left\"><div class=\"fcbkbttn_button\">\n\t\t\t\t\t<a href=\"https:\/\/www.facebook.com\/http:\/\/facebook.com\/patchworkinspirations\" target=\"_blank\">\n\t\t\t\t\t\t<img decoding=\"async\" src=\"https:\/\/patchworkinspirations.fr\/wp-content\/plugins\/facebook-button-plugin\/images\/standard-facebook-ico.png\" alt=\"Fb-Button\" \/>\n\t\t\t\t\t<\/a>\n\t\t\t\t<\/div><div class=\"fcbkbttn_like \"><fb:like href=\"https:\/\/patchworkinspirations.fr\/?p=3505\" action=\"like\" colorscheme=\"light\" layout=\"button_count\"  size=\"small\"><\/fb:like><\/div><div class=\"fb-share-button  \" data-href=\"https:\/\/patchworkinspirations.fr\/?p=3505\" data-type=\"button_count\" data-size=\"small\"><\/div><\/div><p>Bonjour !<\/p>\n<p>Comme chaque ann\u00e9e, je participe au Sew-a-Long de Lori <a href=\"http:\/\/humblequilts.blogspot.com\/\">humblequilts.blogspot.com\/<\/a> et cette ann\u00e9e nous avons travaill\u00e9 sur un petit quilt fait en l&rsquo;espace de trois semaines, donc relativement rapide !<br \/>\nLori nous laisse gentiment le choix des couleurs et des tissus bien qu&rsquo;elle ait propos\u00e9 de prendre en priorit\u00e9 des tissus French General, petit clin d&rsquo;oeil \u00e0 la maison Sajou qui se situe \u00e0 Paris ! \ud83d\ude09<br \/>\nJ&rsquo;ai des tissus FG mais les miens \u00e9taient plut\u00f4t dans les rouges, aussi j&rsquo;ai d\u00e9vi\u00e9 sa proposition et suivi mes envies !<\/p>\n<p><a href=\"http:\/\/patchworkinspirations.fr\/wp-content\/uploads\/2018\/10\/IMG_0873.jpg\"><img loading=\"lazy\" decoding=\"async\" class=\"size-medium wp-image-3503 aligncenter\" src=\"http:\/\/patchworkinspirations.fr\/wp-content\/uploads\/2018\/10\/IMG_0873-300x225.jpg\" alt=\"\" width=\"300\" height=\"225\" srcset=\"https:\/\/patchworkinspirations.fr\/wp-content\/uploads\/2018\/10\/IMG_0873-300x225.jpg 300w, https:\/\/patchworkinspirations.fr\/wp-content\/uploads\/2018\/10\/IMG_0873-768x576.jpg 768w, https:\/\/patchworkinspirations.fr\/wp-content\/uploads\/2018\/10\/IMG_0873-1024x768.jpg 1024w, https:\/\/patchworkinspirations.fr\/wp-content\/uploads\/2018\/10\/IMG_0873-400x300.jpg 400w, https:\/\/patchworkinspirations.fr\/wp-content\/uploads\/2018\/10\/IMG_0873.jpg 1200w\" sizes=\"auto, (max-width: 300px) 100vw, 300px\" \/><\/a><\/p>\n<p>Mon quilt mesure 18&Prime; (46 cm) de c\u00f4t\u00e9. Clic sur les photos pour les agrandir !<\/p>\n<p><a href=\"http:\/\/patchworkinspirations.fr\/wp-content\/uploads\/2018\/10\/IMG_0874.jpg\"><img loading=\"lazy\" decoding=\"async\" class=\"size-medium wp-image-3504 aligncenter\" src=\"http:\/\/patchworkinspirations.fr\/wp-content\/uploads\/2018\/10\/IMG_0874-300x225.jpg\" alt=\"\" width=\"300\" height=\"225\" srcset=\"https:\/\/patchworkinspirations.fr\/wp-content\/uploads\/2018\/10\/IMG_0874-300x225.jpg 300w, https:\/\/patchworkinspirations.fr\/wp-content\/uploads\/2018\/10\/IMG_0874-768x576.jpg 768w, https:\/\/patchworkinspirations.fr\/wp-content\/uploads\/2018\/10\/IMG_0874-1024x768.jpg 1024w, https:\/\/patchworkinspirations.fr\/wp-content\/uploads\/2018\/10\/IMG_0874-400x300.jpg 400w, https:\/\/patchworkinspirations.fr\/wp-content\/uploads\/2018\/10\/IMG_0874.jpg 1200w\" sizes=\"auto, (max-width: 300px) 100vw, 300px\" \/><\/a><\/p>\n<p>J&rsquo;ai r\u00e9alis\u00e9 un quilting assez succinct &#8230; mais on le distingue mieux sur l&rsquo;envers.<\/p>\n<p>Merci pour cette belle id\u00e9e Lori ! Rendez-vous sur son blog vendredi apr\u00e9s-midi car nous allons poster nos photos ! Et vous pourrez y admirer toutes les versions possibles de ce petit quilt mais je peux vous dire d&rsquo;ors et d\u00e9j\u00e0 qu&rsquo;il n&rsquo;y aura que des merveilles &#8230;.<\/p>\n<p>Si vous n&rsquo;habitez pas tr\u00e8s loin de la Sarthe, voil\u00e0 un autre rendez-vous \u00e0 ne pas manquer !<\/p>\n<p><a href=\"http:\/\/patchworkinspirations.fr\/wp-content\/uploads\/2018\/10\/image1.jpg\"><img loading=\"lazy\" decoding=\"async\" class=\"size-medium wp-image-3499 aligncenter\" src=\"http:\/\/patchworkinspirations.fr\/wp-content\/uploads\/2018\/10\/image1-206x300.jpg\" alt=\"\" width=\"206\" height=\"300\" srcset=\"https:\/\/patchworkinspirations.fr\/wp-content\/uploads\/2018\/10\/image1-206x300.jpg 206w, https:\/\/patchworkinspirations.fr\/wp-content\/uploads\/2018\/10\/image1.jpg 440w\" sizes=\"auto, (max-width: 206px) 100vw, 206px\" \/><\/a><\/p>\n<p><a href=\"http:\/\/patchworkinspirations.fr\/wp-content\/uploads\/2018\/10\/image2.jpg\"><img loading=\"lazy\" decoding=\"async\" class=\"size-medium wp-image-3500 aligncenter\" src=\"http:\/\/patchworkinspirations.fr\/wp-content\/uploads\/2018\/10\/image2-300x284.jpg\" alt=\"\" width=\"300\" height=\"284\" srcset=\"https:\/\/patchworkinspirations.fr\/wp-content\/uploads\/2018\/10\/image2-300x284.jpg 300w, https:\/\/patchworkinspirations.fr\/wp-content\/uploads\/2018\/10\/image2-317x300.jpg 317w, https:\/\/patchworkinspirations.fr\/wp-content\/uploads\/2018\/10\/image2-24x24.jpg 24w, https:\/\/patchworkinspirations.fr\/wp-content\/uploads\/2018\/10\/image2.jpg 601w\" sizes=\"auto, (max-width: 300px) 100vw, 300px\" \/><\/a><\/p>\n<p>Je vais essayer de trouver un moment pour y aller mais mes vacances sont un peu charg\u00e9es&#8230;<\/p>\n<p>Et voici un oiseau que j&rsquo;ai trouv\u00e9 dans le fond de mon jardin la semaine derni\u00e8re&#8230; C&rsquo;est un faisan de Colchyde (une femelle).<\/p>\n<p><a href=\"http:\/\/patchworkinspirations.fr\/wp-content\/uploads\/2018\/10\/IMG_0864.jpg\"><img loading=\"lazy\" decoding=\"async\" class=\"size-medium wp-image-3501 aligncenter\" src=\"http:\/\/patchworkinspirations.fr\/wp-content\/uploads\/2018\/10\/IMG_0864-300x225.jpg\" alt=\"\" width=\"300\" height=\"225\" srcset=\"https:\/\/patchworkinspirations.fr\/wp-content\/uploads\/2018\/10\/IMG_0864-300x225.jpg 300w, https:\/\/patchworkinspirations.fr\/wp-content\/uploads\/2018\/10\/IMG_0864-768x576.jpg 768w, https:\/\/patchworkinspirations.fr\/wp-content\/uploads\/2018\/10\/IMG_0864-1024x768.jpg 1024w, https:\/\/patchworkinspirations.fr\/wp-content\/uploads\/2018\/10\/IMG_0864-400x300.jpg 400w, https:\/\/patchworkinspirations.fr\/wp-content\/uploads\/2018\/10\/IMG_0864.jpg 1200w\" sizes=\"auto, (max-width: 300px) 100vw, 300px\" \/><\/a><br \/>\n<a href=\"http:\/\/patchworkinspirations.fr\/wp-content\/uploads\/2018\/10\/IMG_0871.jpg\"><img loading=\"lazy\" decoding=\"async\" class=\"size-medium wp-image-3502 aligncenter\" src=\"http:\/\/patchworkinspirations.fr\/wp-content\/uploads\/2018\/10\/IMG_0871-300x225.jpg\" alt=\"\" width=\"300\" height=\"225\" srcset=\"https:\/\/patchworkinspirations.fr\/wp-content\/uploads\/2018\/10\/IMG_0871-300x225.jpg 300w, https:\/\/patchworkinspirations.fr\/wp-content\/uploads\/2018\/10\/IMG_0871-768x576.jpg 768w, https:\/\/patchworkinspirations.fr\/wp-content\/uploads\/2018\/10\/IMG_0871-1024x768.jpg 1024w, https:\/\/patchworkinspirations.fr\/wp-content\/uploads\/2018\/10\/IMG_0871-400x300.jpg 400w, https:\/\/patchworkinspirations.fr\/wp-content\/uploads\/2018\/10\/IMG_0871.jpg 1200w\" sizes=\"auto, (max-width: 300px) 100vw, 300px\" \/><\/a><\/p>\n<p>Nous habitons \u00e0 c\u00f4t\u00e9 d&rsquo;une petite for\u00eat et vu que nous sommes en p\u00e9riode de chasse.. hum &#8230; bref elle est rest\u00e9e dans le jardin une bonne partie de l&rsquo;apr\u00e8s-midi et bien s\u00fbr je ne l&rsquo;ai pas d\u00e9rang\u00e9e. J&rsquo;esp\u00e8re qu&rsquo;elle a pu retrouver un endroit tranquille depuis.<\/p>\n<p>Je vous donne enfin rendez-vous la premi\u00e8re semaine de novembre au cours de laquelle je vous d\u00e9voilerai le th\u00e8me du Quilt-a-Long qui d\u00e9marrera le 1er janvier !<\/p>\n<p>Je vous remercie de vos visites.<br \/>\nHappy quilting !<br \/>\nC\u00e9cile<\/p>\n","protected":false},"excerpt":{"rendered":"<p>Bonjour ! Comme chaque ann\u00e9e, je participe au Sew-a-Long de Lori humblequilts.blogspot.com\/ et cette ann\u00e9e nous avons travaill\u00e9 sur un petit quilt fait en l&rsquo;espace de trois semaines, donc relativement rapide ! Lori nous laisse gentiment le choix des couleurs &hellip; <a href=\"https:\/\/patchworkinspirations.fr\/?p=3505\">Continuer la lecture <span class=\"meta-nav\">&rarr;<\/span><\/a><\/p>\n","protected":false},"author":1,"featured_media":0,"comment_status":"open","ping_status":"open","sticky":false,"template":"","format":"standard","meta":{"footnotes":""},"categories":[1],"tags":[],"class_list":["post-3505","post","type-post","status-publish","format-standard","hentry","category-non-classe"],"_links":{"self":[{"href":"https:\/\/patchworkinspirations.fr\/index.php?rest_route=\/wp\/v2\/posts\/3505","targetHints":{"allow":["GET"]}}],"collection":[{"href":"https:\/\/patchworkinspirations.fr\/index.php?rest_route=\/wp\/v2\/posts"}],"about":[{"href":"https:\/\/patchworkinspirations.fr\/index.php?rest_route=\/wp\/v2\/types\/post"}],"author":[{"embeddable":true,"href":"https:\/\/patchworkinspirations.fr\/index.php?rest_route=\/wp\/v2\/users\/1"}],"replies":[{"embeddable":true,"href":"https:\/\/patchworkinspirations.fr\/index.php?rest_route=%2Fwp%2Fv2%2Fcomments&post=3505"}],"version-history":[{"count":5,"href":"https:\/\/patchworkinspirations.fr\/index.php?rest_route=\/wp\/v2\/posts\/3505\/revisions"}],"predecessor-version":[{"id":3510,"href":"https:\/\/patchworkinspirations.fr\/index.php?rest_route=\/wp\/v2\/posts\/3505\/revisions\/3510"}],"wp:attachment":[{"href":"https:\/\/patchworkinspirations.fr\/index.php?rest_route=%2Fwp%2Fv2%2Fmedia&parent=3505"}],"wp:term":[{"taxonomy":"category","embeddable":true,"href":"https:\/\/patchworkinspirations.fr\/index.php?rest_route=%2Fwp%2Fv2%2Fcategories&post=3505"},{"taxonomy":"post_tag","embeddable":true,"href":"https:\/\/patchworkinspirations.fr\/index.php?rest_route=%2Fwp%2Fv2%2Ftags&post=3505"}],"curies":[{"name":"wp","href":"https:\/\/api.w.org\/{rel}","templated":true}]}}