{"id":3451,"date":"2018-08-25T11:19:21","date_gmt":"2018-08-25T10:19:21","guid":{"rendered":"http:\/\/patchworkinspirations.fr\/?p=3451"},"modified":"2018-08-25T11:19:21","modified_gmt":"2018-08-25T10:19:21","slug":"hello","status":"publish","type":"post","link":"https:\/\/patchworkinspirations.fr\/?p=3451","title":{"rendered":"Hello !!"},"content":{"rendered":"<div class=\"fcbkbttn_buttons_block\" id=\"fcbkbttn_left\"><div class=\"fcbkbttn_button\">\n\t\t\t\t\t<a href=\"https:\/\/www.facebook.com\/http:\/\/facebook.com\/patchworkinspirations\" target=\"_blank\">\n\t\t\t\t\t\t<img decoding=\"async\" src=\"https:\/\/patchworkinspirations.fr\/wp-content\/plugins\/facebook-button-plugin\/images\/standard-facebook-ico.png\" alt=\"Fb-Button\" \/>\n\t\t\t\t\t<\/a>\n\t\t\t\t<\/div><div class=\"fcbkbttn_like \"><fb:like href=\"https:\/\/patchworkinspirations.fr\/?p=3451\" action=\"like\" colorscheme=\"light\" layout=\"button_count\"  size=\"small\"><\/fb:like><\/div><div class=\"fb-share-button  \" data-href=\"https:\/\/patchworkinspirations.fr\/?p=3451\" data-type=\"button_count\" data-size=\"small\"><\/div><\/div><p>Bonjour !<\/p>\n<p>Et oui, la coupure estivale prend fin aujourd&rsquo;hui.<br \/>\nJ&rsquo;esp\u00e8re que vous avez pass\u00e9 de bonnes vacances et pour celles et ceux qui y sont encore, profitez bien !<br \/>\nPour ma part, ces vacances sont pass\u00e9es tel un TGV mais j&rsquo;ai quand m\u00eame pu en profiter&#8230; 15 jours dans mes ch\u00e8res montagnes et une semaine \u00e0 faire le tour du Sud-Ouest avec mon DH ! Ahhh, c&rsquo;\u00e9tait bien ! \ud83d\ude42<\/p>\n<p>J&rsquo;ai quand m\u00eame pu apporter quelques travaux d&rsquo;aiguilles avec moi.<br \/>\nPour la petite histoire, j&rsquo;\u00e9tais all\u00e9e \u00e0 Paris, \u00e0 l&rsquo;AEF en 2012 ou 2013 avec une amie. Devant le stand de Nathalie M\u00e9ance, alias <a href=\"http:\/\/www.lafeepirouette-laboutique.com\/\">www.lafeepirouette-laboutique.com\/<\/a> j&rsquo;\u00e9tais tomb\u00e9e en admiration devant un de ses quilts et \u00e9videmment, je m&rsquo;\u00e9tais laiss\u00e9e tenter&#8230;<br \/>\nEn arrivant chez moi, je m&rsquo;\u00e9tais dit que tout cela \u00e9tait bien compliqu\u00e9 et je l&rsquo;avais mis de c\u00f4t\u00e9 en attendant des jours meilleurs.<br \/>\nJ&rsquo;ai pris mon temps me direz-vous car en avril 2018 !! \u00e0 Nantes je lui ai rachet\u00e9 un petit kit pour m&rsquo;exercer correctement et dompter certains points de broderie !! \ud83d\ude42 \ud83d\ude42 \ud83d\ude42<\/p>\n<p>Et bien tout n&rsquo;est pas \u00ab\u00a0parfaitement parfait\u00a0\u00bb, mais je suis tomb\u00e9e dedans, je l&rsquo;avoue ! J&rsquo;ai ador\u00e9 !<br \/>\n<a href=\"http:\/\/patchworkinspirations.fr\/wp-content\/uploads\/2018\/08\/20180820_174031.jpg\"><img loading=\"lazy\" decoding=\"async\" class=\"size-medium wp-image-3458 aligncenter\" src=\"http:\/\/patchworkinspirations.fr\/wp-content\/uploads\/2018\/08\/20180820_174031-300x169.jpg\" alt=\"\" width=\"300\" height=\"169\" srcset=\"https:\/\/patchworkinspirations.fr\/wp-content\/uploads\/2018\/08\/20180820_174031-300x169.jpg 300w, https:\/\/patchworkinspirations.fr\/wp-content\/uploads\/2018\/08\/20180820_174031-768x432.jpg 768w, https:\/\/patchworkinspirations.fr\/wp-content\/uploads\/2018\/08\/20180820_174031-1024x576.jpg 1024w, https:\/\/patchworkinspirations.fr\/wp-content\/uploads\/2018\/08\/20180820_174031-500x281.jpg 500w, https:\/\/patchworkinspirations.fr\/wp-content\/uploads\/2018\/08\/20180820_174031.jpg 1200w\" sizes=\"auto, (max-width: 300px) 100vw, 300px\" \/><\/a><\/p>\n<p>Donc, je me suis command\u00e9e \u00e0 sa boutique de quoi faire deux autres fleurs pour r\u00e9aliser un mini quilt carr\u00e9 !<br \/>\n<a href=\"http:\/\/patchworkinspirations.fr\/wp-content\/uploads\/2018\/08\/IMG_0803.jpg\"><img loading=\"lazy\" decoding=\"async\" class=\"size-medium wp-image-3456 aligncenter\" src=\"http:\/\/patchworkinspirations.fr\/wp-content\/uploads\/2018\/08\/IMG_0803-300x225.jpg\" alt=\"\" width=\"300\" height=\"225\" srcset=\"https:\/\/patchworkinspirations.fr\/wp-content\/uploads\/2018\/08\/IMG_0803-300x225.jpg 300w, https:\/\/patchworkinspirations.fr\/wp-content\/uploads\/2018\/08\/IMG_0803-768x576.jpg 768w, https:\/\/patchworkinspirations.fr\/wp-content\/uploads\/2018\/08\/IMG_0803-1024x768.jpg 1024w, https:\/\/patchworkinspirations.fr\/wp-content\/uploads\/2018\/08\/IMG_0803-400x300.jpg 400w, https:\/\/patchworkinspirations.fr\/wp-content\/uploads\/2018\/08\/IMG_0803.jpg 1200w\" sizes=\"auto, (max-width: 300px) 100vw, 300px\" \/><\/a><\/p>\n<p>Sauf que&#8230;en recevant mes articles, j&rsquo;ai r\u00e9alis\u00e9 que j&rsquo;avais command\u00e9 du coton perl\u00e9 n\u00b08 et qu&rsquo;il me fallait du n\u00b05&#8230;j&rsquo;ai encore beaucoup de progr\u00e8s \u00e0 faire et je vois bien que je suis une vraie d\u00e9butante !!<br \/>\nAlors petite question aux pro : puis-je doubler mon fil pour faire mes feuilles ?<br \/>\nLa suite au prochain num\u00e9ro ! \ud83d\ude09<\/p>\n<p>J&rsquo;ai aussi entrepris d&rsquo;\u00e9cluser mes chutes de tissus gr\u00e2ce \u00e0 un \u00ab\u00a0summer spread QAL\u00a0\u00bb de Barb du blog <a href=\"http:\/\/funwithbarbandmary.blogspot.com\/\">funwithbarbandmary.blogspot.com\/<\/a>. Tout le monde peut encore y participer ! Pour ma part j&rsquo;ai choisi des chutes mi-claires, mi-fonc\u00e9es pour faire un dessus de lit pour un de mes fils.<br \/>\nChaque bloc mesure 8 1\/2&Prime; (MCC) et les bandes font 2&Prime;. J&rsquo;en ai pour l&rsquo;instant 36.<br \/>\n<a href=\"http:\/\/patchworkinspirations.fr\/wp-content\/uploads\/2018\/08\/20180823_140824.jpg\"><img loading=\"lazy\" decoding=\"async\" class=\"size-medium wp-image-3457 aligncenter\" src=\"http:\/\/patchworkinspirations.fr\/wp-content\/uploads\/2018\/08\/20180823_140824-300x169.jpg\" alt=\"\" width=\"300\" height=\"169\" srcset=\"https:\/\/patchworkinspirations.fr\/wp-content\/uploads\/2018\/08\/20180823_140824-300x169.jpg 300w, https:\/\/patchworkinspirations.fr\/wp-content\/uploads\/2018\/08\/20180823_140824-768x432.jpg 768w, https:\/\/patchworkinspirations.fr\/wp-content\/uploads\/2018\/08\/20180823_140824-1024x576.jpg 1024w, https:\/\/patchworkinspirations.fr\/wp-content\/uploads\/2018\/08\/20180823_140824-500x281.jpg 500w, https:\/\/patchworkinspirations.fr\/wp-content\/uploads\/2018\/08\/20180823_140824.jpg 1200w\" sizes=\"auto, (max-width: 300px) 100vw, 300px\" \/><\/a><\/p>\n<p>Il faut que je fasse encore au minimum un rang en haut et un autre en bas.<br \/>\nNous n&rsquo;incorporerons pas de ouatine au milieu car c&rsquo;est un dessus de lit estival !<\/p>\n<p>Dans deux mois j&rsquo;annoncerai le th\u00e8me du futur Quilt-a-Long que nous organiserons B\u00e9a et moi-m\u00eame \u00e0 partir du 1er janvier&#8230; tenez-vous pr\u00eats ! \ud83d\ude42<\/p>\n<p>J&rsquo;en profite pour remercier les nouvelles adh\u00e9rentes qui se sont inscrites au groupe Facebook <a href=\"http:\/\/www.facebook.com\/groups\/225377351208928\/?ref=group_header\">www.facebook.com\/groups\/225377351208928\/?ref=group_header<\/a>! C&rsquo;est encore un petit groupe (245 membres) mais qui ne cesse de cro\u00eetre ce dont nous vous remercions !<\/p>\n<p>Je vous remercie pour vos visites.<br \/>\nHappy Quilting !<br \/>\nC\u00e9cile<\/p>\n","protected":false},"excerpt":{"rendered":"<p>Bonjour ! Et oui, la coupure estivale prend fin aujourd&rsquo;hui. J&rsquo;esp\u00e8re que vous avez pass\u00e9 de bonnes vacances et pour celles et ceux qui y sont encore, profitez bien ! Pour ma part, ces vacances sont pass\u00e9es tel un TGV &hellip; <a href=\"https:\/\/patchworkinspirations.fr\/?p=3451\">Continuer la lecture <span class=\"meta-nav\">&rarr;<\/span><\/a><\/p>\n","protected":false},"author":1,"featured_media":0,"comment_status":"open","ping_status":"open","sticky":false,"template":"","format":"standard","meta":{"footnotes":""},"categories":[1],"tags":[],"class_list":["post-3451","post","type-post","status-publish","format-standard","hentry","category-non-classe"],"_links":{"self":[{"href":"https:\/\/patchworkinspirations.fr\/index.php?rest_route=\/wp\/v2\/posts\/3451","targetHints":{"allow":["GET"]}}],"collection":[{"href":"https:\/\/patchworkinspirations.fr\/index.php?rest_route=\/wp\/v2\/posts"}],"about":[{"href":"https:\/\/patchworkinspirations.fr\/index.php?rest_route=\/wp\/v2\/types\/post"}],"author":[{"embeddable":true,"href":"https:\/\/patchworkinspirations.fr\/index.php?rest_route=\/wp\/v2\/users\/1"}],"replies":[{"embeddable":true,"href":"https:\/\/patchworkinspirations.fr\/index.php?rest_route=%2Fwp%2Fv2%2Fcomments&post=3451"}],"version-history":[{"count":6,"href":"https:\/\/patchworkinspirations.fr\/index.php?rest_route=\/wp\/v2\/posts\/3451\/revisions"}],"predecessor-version":[{"id":3460,"href":"https:\/\/patchworkinspirations.fr\/index.php?rest_route=\/wp\/v2\/posts\/3451\/revisions\/3460"}],"wp:attachment":[{"href":"https:\/\/patchworkinspirations.fr\/index.php?rest_route=%2Fwp%2Fv2%2Fmedia&parent=3451"}],"wp:term":[{"taxonomy":"category","embeddable":true,"href":"https:\/\/patchworkinspirations.fr\/index.php?rest_route=%2Fwp%2Fv2%2Fcategories&post=3451"},{"taxonomy":"post_tag","embeddable":true,"href":"https:\/\/patchworkinspirations.fr\/index.php?rest_route=%2Fwp%2Fv2%2Ftags&post=3451"}],"curies":[{"name":"wp","href":"https:\/\/api.w.org\/{rel}","templated":true}]}}