{"id":3396,"date":"2018-07-04T16:04:35","date_gmt":"2018-07-04T15:04:35","guid":{"rendered":"http:\/\/patchworkinspirations.fr\/?p=3396"},"modified":"2018-07-04T16:04:35","modified_gmt":"2018-07-04T15:04:35","slug":"rangement-de-latelier","status":"publish","type":"post","link":"https:\/\/patchworkinspirations.fr\/?p=3396","title":{"rendered":"Rangement de l&rsquo;atelier !"},"content":{"rendered":"<div class=\"fcbkbttn_buttons_block\" id=\"fcbkbttn_left\"><div class=\"fcbkbttn_button\">\n\t\t\t\t\t<a href=\"https:\/\/www.facebook.com\/http:\/\/facebook.com\/patchworkinspirations\" target=\"_blank\">\n\t\t\t\t\t\t<img decoding=\"async\" src=\"https:\/\/patchworkinspirations.fr\/wp-content\/plugins\/facebook-button-plugin\/images\/standard-facebook-ico.png\" alt=\"Fb-Button\" \/>\n\t\t\t\t\t<\/a>\n\t\t\t\t<\/div><div class=\"fcbkbttn_like \"><fb:like href=\"https:\/\/patchworkinspirations.fr\/?p=3396\" action=\"like\" colorscheme=\"light\" layout=\"button_count\"  size=\"small\"><\/fb:like><\/div><div class=\"fb-share-button  \" data-href=\"https:\/\/patchworkinspirations.fr\/?p=3396\" data-type=\"button_count\" data-size=\"small\"><\/div><\/div><p>Bonjour !<\/p>\n<p>J&rsquo;avais d\u00e9cid\u00e9 il y a quelques mois, que durant l&rsquo;\u00e9t\u00e9, je rangerai ma \u00ab\u00a0happy place\u00a0\u00bb. Il faut dire qu&rsquo;il le fallait&#8230;.<br \/>\nJ&rsquo;ai des tissus partout, tellement que je passe \u00e0 c\u00f4t\u00e9 de certaines belles combinaisons !<\/p>\n<p><a href=\"http:\/\/patchworkinspirations.fr\/wp-content\/uploads\/2018\/07\/IMG_0778.jpg\"><img loading=\"lazy\" decoding=\"async\" class=\"size-medium wp-image-3387 aligncenter\" src=\"http:\/\/patchworkinspirations.fr\/wp-content\/uploads\/2018\/07\/IMG_0778-300x225.jpg\" alt=\"\" width=\"300\" height=\"225\" srcset=\"https:\/\/patchworkinspirations.fr\/wp-content\/uploads\/2018\/07\/IMG_0778-300x225.jpg 300w, https:\/\/patchworkinspirations.fr\/wp-content\/uploads\/2018\/07\/IMG_0778-768x576.jpg 768w, https:\/\/patchworkinspirations.fr\/wp-content\/uploads\/2018\/07\/IMG_0778-1024x768.jpg 1024w, https:\/\/patchworkinspirations.fr\/wp-content\/uploads\/2018\/07\/IMG_0778-400x300.jpg 400w, https:\/\/patchworkinspirations.fr\/wp-content\/uploads\/2018\/07\/IMG_0778.jpg 1200w\" sizes=\"auto, (max-width: 300px) 100vw, 300px\" \/><\/a><\/p>\n<p>A l&rsquo;origine, j&rsquo;avais class\u00e9 mes tissus par couleurs dans des tiroirs mais l\u00e0, \u00e7a d\u00e9borde !! \ud83d\ude42<\/p>\n<p><a href=\"http:\/\/patchworkinspirations.fr\/wp-content\/uploads\/2018\/07\/IMG_0776.jpg\"><img loading=\"lazy\" decoding=\"async\" class=\"size-medium wp-image-3385 aligncenter\" src=\"http:\/\/patchworkinspirations.fr\/wp-content\/uploads\/2018\/07\/IMG_0776-300x225.jpg\" alt=\"\" width=\"300\" height=\"225\" srcset=\"https:\/\/patchworkinspirations.fr\/wp-content\/uploads\/2018\/07\/IMG_0776-300x225.jpg 300w, https:\/\/patchworkinspirations.fr\/wp-content\/uploads\/2018\/07\/IMG_0776-768x576.jpg 768w, https:\/\/patchworkinspirations.fr\/wp-content\/uploads\/2018\/07\/IMG_0776-1024x768.jpg 1024w, https:\/\/patchworkinspirations.fr\/wp-content\/uploads\/2018\/07\/IMG_0776-400x300.jpg 400w, https:\/\/patchworkinspirations.fr\/wp-content\/uploads\/2018\/07\/IMG_0776.jpg 1200w\" sizes=\"auto, (max-width: 300px) 100vw, 300px\" \/><\/a><\/p>\n<p><a href=\"http:\/\/patchworkinspirations.fr\/wp-content\/uploads\/2018\/07\/IMG_0774.jpg\"><img loading=\"lazy\" decoding=\"async\" class=\"size-medium wp-image-3383 aligncenter\" src=\"http:\/\/patchworkinspirations.fr\/wp-content\/uploads\/2018\/07\/IMG_0774-300x225.jpg\" alt=\"\" width=\"300\" height=\"225\" srcset=\"https:\/\/patchworkinspirations.fr\/wp-content\/uploads\/2018\/07\/IMG_0774-300x225.jpg 300w, https:\/\/patchworkinspirations.fr\/wp-content\/uploads\/2018\/07\/IMG_0774-768x576.jpg 768w, https:\/\/patchworkinspirations.fr\/wp-content\/uploads\/2018\/07\/IMG_0774-1024x768.jpg 1024w, https:\/\/patchworkinspirations.fr\/wp-content\/uploads\/2018\/07\/IMG_0774-400x300.jpg 400w, https:\/\/patchworkinspirations.fr\/wp-content\/uploads\/2018\/07\/IMG_0774.jpg 1200w\" sizes=\"auto, (max-width: 300px) 100vw, 300px\" \/><\/a><\/p>\n<p><a href=\"http:\/\/patchworkinspirations.fr\/wp-content\/uploads\/2018\/07\/IMG_0777.jpg\"><img loading=\"lazy\" decoding=\"async\" class=\"size-medium wp-image-3386 aligncenter\" src=\"http:\/\/patchworkinspirations.fr\/wp-content\/uploads\/2018\/07\/IMG_0777-300x225.jpg\" alt=\"\" width=\"300\" height=\"225\" srcset=\"https:\/\/patchworkinspirations.fr\/wp-content\/uploads\/2018\/07\/IMG_0777-300x225.jpg 300w, https:\/\/patchworkinspirations.fr\/wp-content\/uploads\/2018\/07\/IMG_0777-768x576.jpg 768w, https:\/\/patchworkinspirations.fr\/wp-content\/uploads\/2018\/07\/IMG_0777-1024x768.jpg 1024w, https:\/\/patchworkinspirations.fr\/wp-content\/uploads\/2018\/07\/IMG_0777-400x300.jpg 400w, https:\/\/patchworkinspirations.fr\/wp-content\/uploads\/2018\/07\/IMG_0777.jpg 1200w\" sizes=\"auto, (max-width: 300px) 100vw, 300px\" \/><\/a><\/p>\n<p><a href=\"http:\/\/patchworkinspirations.fr\/wp-content\/uploads\/2018\/07\/IMG_0775.jpg\"><img loading=\"lazy\" decoding=\"async\" class=\"size-medium wp-image-3384 aligncenter\" src=\"http:\/\/patchworkinspirations.fr\/wp-content\/uploads\/2018\/07\/IMG_0775-300x225.jpg\" alt=\"\" width=\"300\" height=\"225\" srcset=\"https:\/\/patchworkinspirations.fr\/wp-content\/uploads\/2018\/07\/IMG_0775-300x225.jpg 300w, https:\/\/patchworkinspirations.fr\/wp-content\/uploads\/2018\/07\/IMG_0775-768x576.jpg 768w, https:\/\/patchworkinspirations.fr\/wp-content\/uploads\/2018\/07\/IMG_0775-1024x768.jpg 1024w, https:\/\/patchworkinspirations.fr\/wp-content\/uploads\/2018\/07\/IMG_0775-400x300.jpg 400w, https:\/\/patchworkinspirations.fr\/wp-content\/uploads\/2018\/07\/IMG_0775.jpg 1200w\" sizes=\"auto, (max-width: 300px) 100vw, 300px\" \/><\/a><\/p>\n<p>Ce n&rsquo;\u00e9tait pas s\u00e9rieux mais alors, pas du tout !<\/p>\n<p>J&rsquo;ai une grande armoire qui servait pour ranger les manteaux l&rsquo;hiver mais comme nous avons un grand dressing au rez-de-chauss\u00e9e, dedans il n&rsquo;y avait que cela&#8230;.<\/p>\n<p><a href=\"http:\/\/patchworkinspirations.fr\/wp-content\/uploads\/2018\/07\/IMG_0779.jpg\"><img loading=\"lazy\" decoding=\"async\" class=\"size-medium wp-image-3388 aligncenter\" src=\"http:\/\/patchworkinspirations.fr\/wp-content\/uploads\/2018\/07\/IMG_0779-300x225.jpg\" alt=\"\" width=\"300\" height=\"225\" srcset=\"https:\/\/patchworkinspirations.fr\/wp-content\/uploads\/2018\/07\/IMG_0779-300x225.jpg 300w, https:\/\/patchworkinspirations.fr\/wp-content\/uploads\/2018\/07\/IMG_0779-768x576.jpg 768w, https:\/\/patchworkinspirations.fr\/wp-content\/uploads\/2018\/07\/IMG_0779-1024x768.jpg 1024w, https:\/\/patchworkinspirations.fr\/wp-content\/uploads\/2018\/07\/IMG_0779-400x300.jpg 400w, https:\/\/patchworkinspirations.fr\/wp-content\/uploads\/2018\/07\/IMG_0779.jpg 1200w\" sizes=\"auto, (max-width: 300px) 100vw, 300px\" \/><\/a><\/p>\n<p>Donc, je suis all\u00e9e faire faire des \u00e9tag\u00e8res dans le magasin du coin &#8230;<\/p>\n<p><a href=\"http:\/\/patchworkinspirations.fr\/wp-content\/uploads\/2018\/07\/IMG_0780.jpg\"><img loading=\"lazy\" decoding=\"async\" class=\"size-medium wp-image-3389 aligncenter\" src=\"http:\/\/patchworkinspirations.fr\/wp-content\/uploads\/2018\/07\/IMG_0780-300x225.jpg\" alt=\"\" width=\"300\" height=\"225\" srcset=\"https:\/\/patchworkinspirations.fr\/wp-content\/uploads\/2018\/07\/IMG_0780-300x225.jpg 300w, https:\/\/patchworkinspirations.fr\/wp-content\/uploads\/2018\/07\/IMG_0780-768x576.jpg 768w, https:\/\/patchworkinspirations.fr\/wp-content\/uploads\/2018\/07\/IMG_0780-1024x768.jpg 1024w, https:\/\/patchworkinspirations.fr\/wp-content\/uploads\/2018\/07\/IMG_0780-400x300.jpg 400w, https:\/\/patchworkinspirations.fr\/wp-content\/uploads\/2018\/07\/IMG_0780.jpg 1200w\" sizes=\"auto, (max-width: 300px) 100vw, 300px\" \/><\/a><\/p>\n<p>Et l\u00e0&#8230;. \u00f4 joie !<\/p>\n<p><a href=\"http:\/\/patchworkinspirations.fr\/wp-content\/uploads\/2018\/07\/la-femme-joyeuse-saute-au-champ-dans-le-printemps-67415701.jpg\"><img loading=\"lazy\" decoding=\"async\" class=\"size-medium wp-image-3400 aligncenter\" src=\"http:\/\/patchworkinspirations.fr\/wp-content\/uploads\/2018\/07\/la-femme-joyeuse-saute-au-champ-dans-le-printemps-67415701-300x221.jpg\" alt=\"\" width=\"300\" height=\"221\" srcset=\"https:\/\/patchworkinspirations.fr\/wp-content\/uploads\/2018\/07\/la-femme-joyeuse-saute-au-champ-dans-le-printemps-67415701-300x221.jpg 300w, https:\/\/patchworkinspirations.fr\/wp-content\/uploads\/2018\/07\/la-femme-joyeuse-saute-au-champ-dans-le-printemps-67415701-768x565.jpg 768w, https:\/\/patchworkinspirations.fr\/wp-content\/uploads\/2018\/07\/la-femme-joyeuse-saute-au-champ-dans-le-printemps-67415701-1024x754.jpg 1024w, https:\/\/patchworkinspirations.fr\/wp-content\/uploads\/2018\/07\/la-femme-joyeuse-saute-au-champ-dans-le-printemps-67415701-408x300.jpg 408w, https:\/\/patchworkinspirations.fr\/wp-content\/uploads\/2018\/07\/la-femme-joyeuse-saute-au-champ-dans-le-printemps-67415701.jpg 1300w\" sizes=\"auto, (max-width: 300px) 100vw, 300px\" \/><\/a><\/p>\n<p><a href=\"http:\/\/patchworkinspirations.fr\/wp-content\/uploads\/2018\/07\/IMG_0787-e1530713366852.jpg\"><img loading=\"lazy\" decoding=\"async\" class=\"size-medium wp-image-3390 aligncenter\" src=\"http:\/\/patchworkinspirations.fr\/wp-content\/uploads\/2018\/07\/IMG_0787-e1530713366852-225x300.jpg\" alt=\"\" width=\"225\" height=\"300\" srcset=\"https:\/\/patchworkinspirations.fr\/wp-content\/uploads\/2018\/07\/IMG_0787-e1530713366852-225x300.jpg 225w, https:\/\/patchworkinspirations.fr\/wp-content\/uploads\/2018\/07\/IMG_0787-e1530713366852-768x1024.jpg 768w, https:\/\/patchworkinspirations.fr\/wp-content\/uploads\/2018\/07\/IMG_0787-e1530713366852.jpg 900w\" sizes=\"auto, (max-width: 225px) 100vw, 225px\" \/><\/a><\/p>\n<p>J&rsquo;ai pu ranger tous mes tissus traditionnels ! (enfin presque tous !&#8230;j&rsquo;en retrouve encore !)<\/p>\n<p><a href=\"http:\/\/patchworkinspirations.fr\/wp-content\/uploads\/2018\/07\/IMG_0785.jpg\"><img loading=\"lazy\" decoding=\"async\" class=\"size-medium wp-image-3391 aligncenter\" src=\"http:\/\/patchworkinspirations.fr\/wp-content\/uploads\/2018\/07\/IMG_0785-300x225.jpg\" alt=\"\" width=\"300\" height=\"225\" srcset=\"https:\/\/patchworkinspirations.fr\/wp-content\/uploads\/2018\/07\/IMG_0785-300x225.jpg 300w, https:\/\/patchworkinspirations.fr\/wp-content\/uploads\/2018\/07\/IMG_0785-768x576.jpg 768w, https:\/\/patchworkinspirations.fr\/wp-content\/uploads\/2018\/07\/IMG_0785-1024x768.jpg 1024w, https:\/\/patchworkinspirations.fr\/wp-content\/uploads\/2018\/07\/IMG_0785-400x300.jpg 400w, https:\/\/patchworkinspirations.fr\/wp-content\/uploads\/2018\/07\/IMG_0785.jpg 1200w\" sizes=\"auto, (max-width: 300px) 100vw, 300px\" \/><\/a><\/p>\n<p><a href=\"http:\/\/patchworkinspirations.fr\/wp-content\/uploads\/2018\/07\/IMG_0786.jpg\"><img loading=\"lazy\" decoding=\"async\" class=\"size-medium wp-image-3392 aligncenter\" src=\"http:\/\/patchworkinspirations.fr\/wp-content\/uploads\/2018\/07\/IMG_0786-300x225.jpg\" alt=\"\" width=\"300\" height=\"225\" srcset=\"https:\/\/patchworkinspirations.fr\/wp-content\/uploads\/2018\/07\/IMG_0786-300x225.jpg 300w, https:\/\/patchworkinspirations.fr\/wp-content\/uploads\/2018\/07\/IMG_0786-768x576.jpg 768w, https:\/\/patchworkinspirations.fr\/wp-content\/uploads\/2018\/07\/IMG_0786-1024x768.jpg 1024w, https:\/\/patchworkinspirations.fr\/wp-content\/uploads\/2018\/07\/IMG_0786-400x300.jpg 400w, https:\/\/patchworkinspirations.fr\/wp-content\/uploads\/2018\/07\/IMG_0786.jpg 1200w\" sizes=\"auto, (max-width: 300px) 100vw, 300px\" \/><\/a><br \/>\nTout en bas, j&rsquo;ai pu classer des unis, des grandes largeurs de beiges, des kits, des bundles, des Layer Cake&#8230;..<\/p>\n<p>Mais je n&rsquo;ai pas termin\u00e9 ! Il me faut \u00e0 pr\u00e9sent classer les japonais, les tissus \u00e9cossais, les modernes &#8230;&#8230;&#8230;.. si si ! pour celles qui en doutent j&rsquo;ai des tissus modernes ! Pas beaucoup mais ils iront dans un tiroir, et j&rsquo;ai aussi mis de c\u00f4t\u00e9 les tissus hollandais. Promis je vous montrerai l&rsquo;atelier d\u00e9finitivement rang\u00e9 &#8230;un peu plus tard ! \ud83d\ude42<\/p>\n<p>Je participe au sewalong de Barb du blog <a href=\"http:\/\/funwithbarbandmary.blogspot.com\/\">funwithbarbandmary.blogspot.com\/<\/a> ! Nous faisons des blocs de Log Cabin mais c&rsquo;est tr\u00e8s libre, nous choisissons les couleurs et le nombre que l&rsquo;on veut ! Voil\u00e0 une bonne raison d&rsquo;\u00e9cluser nos chutes ! Barb l&rsquo;a propos\u00e9 sur son Instagram.<br \/>\n<a href=\"http:\/\/patchworkinspirations.fr\/wp-content\/uploads\/2018\/07\/IMG_0788.jpg\"><img loading=\"lazy\" decoding=\"async\" class=\"size-medium wp-image-3393 aligncenter\" src=\"http:\/\/patchworkinspirations.fr\/wp-content\/uploads\/2018\/07\/IMG_0788-300x225.jpg\" alt=\"\" width=\"300\" height=\"225\" srcset=\"https:\/\/patchworkinspirations.fr\/wp-content\/uploads\/2018\/07\/IMG_0788-300x225.jpg 300w, https:\/\/patchworkinspirations.fr\/wp-content\/uploads\/2018\/07\/IMG_0788-768x576.jpg 768w, https:\/\/patchworkinspirations.fr\/wp-content\/uploads\/2018\/07\/IMG_0788-1024x768.jpg 1024w, https:\/\/patchworkinspirations.fr\/wp-content\/uploads\/2018\/07\/IMG_0788-400x300.jpg 400w, https:\/\/patchworkinspirations.fr\/wp-content\/uploads\/2018\/07\/IMG_0788.jpg 1200w\" sizes=\"auto, (max-width: 300px) 100vw, 300px\" \/><\/a><\/p>\n<p>Les dimensions du carr\u00e9 central est de 2 1\/2&Prime; et les bandes sont \u00e0 2&Prime; ! Facile non ? J&rsquo;en r\u00e9alise un par jour.<\/p>\n<p><a href=\"http:\/\/patchworkinspirations.fr\/wp-content\/uploads\/2018\/07\/IMG_0789.jpg\"><img loading=\"lazy\" decoding=\"async\" class=\"size-medium wp-image-3394 aligncenter\" src=\"http:\/\/patchworkinspirations.fr\/wp-content\/uploads\/2018\/07\/IMG_0789-300x225.jpg\" alt=\"\" width=\"300\" height=\"225\" srcset=\"https:\/\/patchworkinspirations.fr\/wp-content\/uploads\/2018\/07\/IMG_0789-300x225.jpg 300w, https:\/\/patchworkinspirations.fr\/wp-content\/uploads\/2018\/07\/IMG_0789-768x576.jpg 768w, https:\/\/patchworkinspirations.fr\/wp-content\/uploads\/2018\/07\/IMG_0789-1024x768.jpg 1024w, https:\/\/patchworkinspirations.fr\/wp-content\/uploads\/2018\/07\/IMG_0789-400x300.jpg 400w, https:\/\/patchworkinspirations.fr\/wp-content\/uploads\/2018\/07\/IMG_0789.jpg 1200w\" sizes=\"auto, (max-width: 300px) 100vw, 300px\" \/><\/a><br \/>\n<a href=\"http:\/\/patchworkinspirations.fr\/wp-content\/uploads\/2018\/07\/IMG_0790-e1530713322575.jpg\"><img loading=\"lazy\" decoding=\"async\" class=\"size-medium wp-image-3395 aligncenter\" src=\"http:\/\/patchworkinspirations.fr\/wp-content\/uploads\/2018\/07\/IMG_0790-e1530713322575-225x300.jpg\" alt=\"\" width=\"225\" height=\"300\" srcset=\"https:\/\/patchworkinspirations.fr\/wp-content\/uploads\/2018\/07\/IMG_0790-e1530713322575-225x300.jpg 225w, https:\/\/patchworkinspirations.fr\/wp-content\/uploads\/2018\/07\/IMG_0790-e1530713322575-768x1024.jpg 768w, https:\/\/patchworkinspirations.fr\/wp-content\/uploads\/2018\/07\/IMG_0790-e1530713322575.jpg 900w\" sizes=\"auto, (max-width: 225px) 100vw, 225px\" \/><\/a><\/p>\n<p>Happy 4th of July to my american friends !!<\/p>\n<p>Bonnes vacances d&rsquo;\u00e9t\u00e9 \u00e0 toutes et \u00e0 tous !<\/p>\n<p>Je vous remercie de vos visites.<br \/>\nHappy quilting !<br \/>\nC\u00e9cile<\/p>\n","protected":false},"excerpt":{"rendered":"<p>Bonjour ! J&rsquo;avais d\u00e9cid\u00e9 il y a quelques mois, que durant l&rsquo;\u00e9t\u00e9, je rangerai ma \u00ab\u00a0happy place\u00a0\u00bb. Il faut dire qu&rsquo;il le fallait&#8230;. J&rsquo;ai des tissus partout, tellement que je passe \u00e0 c\u00f4t\u00e9 de certaines belles combinaisons ! A l&rsquo;origine, &hellip; <a href=\"https:\/\/patchworkinspirations.fr\/?p=3396\">Continuer la lecture <span class=\"meta-nav\">&rarr;<\/span><\/a><\/p>\n","protected":false},"author":1,"featured_media":0,"comment_status":"open","ping_status":"open","sticky":false,"template":"","format":"standard","meta":{"footnotes":""},"categories":[1],"tags":[],"class_list":["post-3396","post","type-post","status-publish","format-standard","hentry","category-non-classe"],"_links":{"self":[{"href":"https:\/\/patchworkinspirations.fr\/index.php?rest_route=\/wp\/v2\/posts\/3396","targetHints":{"allow":["GET"]}}],"collection":[{"href":"https:\/\/patchworkinspirations.fr\/index.php?rest_route=\/wp\/v2\/posts"}],"about":[{"href":"https:\/\/patchworkinspirations.fr\/index.php?rest_route=\/wp\/v2\/types\/post"}],"author":[{"embeddable":true,"href":"https:\/\/patchworkinspirations.fr\/index.php?rest_route=\/wp\/v2\/users\/1"}],"replies":[{"embeddable":true,"href":"https:\/\/patchworkinspirations.fr\/index.php?rest_route=%2Fwp%2Fv2%2Fcomments&post=3396"}],"version-history":[{"count":8,"href":"https:\/\/patchworkinspirations.fr\/index.php?rest_route=\/wp\/v2\/posts\/3396\/revisions"}],"predecessor-version":[{"id":3405,"href":"https:\/\/patchworkinspirations.fr\/index.php?rest_route=\/wp\/v2\/posts\/3396\/revisions\/3405"}],"wp:attachment":[{"href":"https:\/\/patchworkinspirations.fr\/index.php?rest_route=%2Fwp%2Fv2%2Fmedia&parent=3396"}],"wp:term":[{"taxonomy":"category","embeddable":true,"href":"https:\/\/patchworkinspirations.fr\/index.php?rest_route=%2Fwp%2Fv2%2Fcategories&post=3396"},{"taxonomy":"post_tag","embeddable":true,"href":"https:\/\/patchworkinspirations.fr\/index.php?rest_route=%2Fwp%2Fv2%2Ftags&post=3396"}],"curies":[{"name":"wp","href":"https:\/\/api.w.org\/{rel}","templated":true}]}}