{"id":3140,"date":"2018-04-16T09:05:32","date_gmt":"2018-04-16T08:05:32","guid":{"rendered":"http:\/\/patchworkinspirations.fr\/?p=3140"},"modified":"2018-04-19T08:31:46","modified_gmt":"2018-04-19T07:31:46","slug":"finale-du-quilt-a-long","status":"publish","type":"post","link":"https:\/\/patchworkinspirations.fr\/?p=3140","title":{"rendered":"Finale du Quilt-a-Long"},"content":{"rendered":"<div class=\"fcbkbttn_buttons_block\" id=\"fcbkbttn_left\"><div class=\"fcbkbttn_button\">\n\t\t\t\t\t<a href=\"https:\/\/www.facebook.com\/http:\/\/facebook.com\/patchworkinspirations\" target=\"_blank\">\n\t\t\t\t\t\t<img decoding=\"async\" src=\"https:\/\/patchworkinspirations.fr\/wp-content\/plugins\/facebook-button-plugin\/images\/standard-facebook-ico.png\" alt=\"Fb-Button\" \/>\n\t\t\t\t\t<\/a>\n\t\t\t\t<\/div><div class=\"fcbkbttn_like \"><fb:like href=\"https:\/\/patchworkinspirations.fr\/?p=3140\" action=\"like\" colorscheme=\"light\" layout=\"button_count\"  size=\"small\"><\/fb:like><\/div><div class=\"fb-share-button  \" data-href=\"https:\/\/patchworkinspirations.fr\/?p=3140\" data-type=\"button_count\" data-size=\"small\"><\/div><\/div><p>Bonjour,<\/p>\n<p>Hier 15 avril \u00e9tait la date qui cl\u00f4turait notre quilt-a-long&#8230; Vous avez \u00e9t\u00e9 tr\u00e8s courageuses, volontaires, rigoureuses et surtout, surtout, tr\u00e8s cr\u00e9atrices&#8230; Vous savez que c&rsquo;est le but de ce challenge ! Alors je vous f\u00e9licite chaleureusement et vous dis du fond du coeur \u00ab\u00a0Bravo\u00a0\u00bb !<br \/>\nSans plus attendre voici vos quilts termin\u00e9s ! (sans ordre particuliers!)<\/p>\n<p>Je vous invite vivement \u00e0 cliquer sur les photos pour voir les d\u00e9tails des finitions ! \ud83d\ude09<\/p>\n<p><a href=\"http:\/\/patchworkinspirations.fr\/wp-content\/uploads\/2018\/04\/Muriel-Gendreau.jpg\"><img loading=\"lazy\" decoding=\"async\" class=\"size-medium wp-image-3137 aligncenter\" src=\"http:\/\/patchworkinspirations.fr\/wp-content\/uploads\/2018\/04\/Muriel-Gendreau-300x291.jpg\" alt=\"\" width=\"300\" height=\"291\" srcset=\"https:\/\/patchworkinspirations.fr\/wp-content\/uploads\/2018\/04\/Muriel-Gendreau-300x291.jpg 300w, https:\/\/patchworkinspirations.fr\/wp-content\/uploads\/2018\/04\/Muriel-Gendreau-768x744.jpg 768w, https:\/\/patchworkinspirations.fr\/wp-content\/uploads\/2018\/04\/Muriel-Gendreau-310x300.jpg 310w, https:\/\/patchworkinspirations.fr\/wp-content\/uploads\/2018\/04\/Muriel-Gendreau.jpg 793w\" sizes=\"auto, (max-width: 300px) 100vw, 300px\" \/><\/a><a href=\"http:\/\/patchworkinspirations.fr\/wp-content\/uploads\/2018\/04\/Muriell-Gendreau.jpg\"><img loading=\"lazy\" decoding=\"async\" class=\"size-medium wp-image-3138 aligncenter\" src=\"http:\/\/patchworkinspirations.fr\/wp-content\/uploads\/2018\/04\/Muriell-Gendreau-260x300.jpg\" alt=\"\" width=\"260\" height=\"300\" srcset=\"https:\/\/patchworkinspirations.fr\/wp-content\/uploads\/2018\/04\/Muriell-Gendreau-260x300.jpg 260w, https:\/\/patchworkinspirations.fr\/wp-content\/uploads\/2018\/04\/Muriell-Gendreau.jpg 768w\" sizes=\"auto, (max-width: 260px) 100vw, 260px\" \/><\/a><\/p>\n<p>Les 16 blocs de Muriel qui les a transform\u00e9 en un tr\u00e8s joli sac !<br \/>\n<a href=\"http:\/\/verveineetlin.canalblog.com\/\">verveineetlin.canalblog.com\/<\/a><\/p>\n<p><a href=\"http:\/\/patchworkinspirations.fr\/wp-content\/uploads\/2018\/04\/Marie-Christine.jpg\"><img loading=\"lazy\" decoding=\"async\" class=\"size-medium wp-image-3136 aligncenter\" src=\"http:\/\/patchworkinspirations.fr\/wp-content\/uploads\/2018\/04\/Marie-Christine-223x300.jpg\" alt=\"\" width=\"223\" height=\"300\" srcset=\"https:\/\/patchworkinspirations.fr\/wp-content\/uploads\/2018\/04\/Marie-Christine-223x300.jpg 223w, https:\/\/patchworkinspirations.fr\/wp-content\/uploads\/2018\/04\/Marie-Christine.jpg 714w\" sizes=\"auto, (max-width: 223px) 100vw, 223px\" \/><\/a><\/p>\n<p>Le quilt de Marie-Christine !<br \/>\n<a href=\"http:\/\/carrementcrazy2.canalblog.com\/\">carrementcrazy2.canalblog.com\/<\/a><\/p>\n<p><a href=\"http:\/\/patchworkinspirations.fr\/wp-content\/uploads\/2018\/04\/Annick-Bonnenfant.jpg\"><img loading=\"lazy\" decoding=\"async\" class=\"size-medium wp-image-3135 aligncenter\" src=\"http:\/\/patchworkinspirations.fr\/wp-content\/uploads\/2018\/04\/Annick-Bonnenfant-300x225.jpg\" alt=\"\" width=\"300\" height=\"225\" srcset=\"https:\/\/patchworkinspirations.fr\/wp-content\/uploads\/2018\/04\/Annick-Bonnenfant-300x225.jpg 300w, https:\/\/patchworkinspirations.fr\/wp-content\/uploads\/2018\/04\/Annick-Bonnenfant-768x576.jpg 768w, https:\/\/patchworkinspirations.fr\/wp-content\/uploads\/2018\/04\/Annick-Bonnenfant-1024x768.jpg 1024w, https:\/\/patchworkinspirations.fr\/wp-content\/uploads\/2018\/04\/Annick-Bonnenfant-400x300.jpg 400w, https:\/\/patchworkinspirations.fr\/wp-content\/uploads\/2018\/04\/Annick-Bonnenfant.jpg 1440w\" sizes=\"auto, (max-width: 300px) 100vw, 300px\" \/><\/a><\/p>\n<p>Le quilt d&rsquo;Annick !<br \/>\n<a href=\"http:\/\/lacocottedekiev.over-blog.fr\/\">lacocottedekiev.over-blog.fr\/<\/a><\/p>\n<p><a href=\"http:\/\/patchworkinspirations.fr\/wp-content\/uploads\/2018\/04\/Val\u00e9rie-Anderluzzi.jpg\"><img loading=\"lazy\" decoding=\"async\" class=\"size-medium wp-image-3134 aligncenter\" src=\"http:\/\/patchworkinspirations.fr\/wp-content\/uploads\/2018\/04\/Val\u00e9rie-Anderluzzi-225x300.jpg\" alt=\"\" width=\"225\" height=\"300\" srcset=\"https:\/\/patchworkinspirations.fr\/wp-content\/uploads\/2018\/04\/Val\u00e9rie-Anderluzzi-225x300.jpg 225w, https:\/\/patchworkinspirations.fr\/wp-content\/uploads\/2018\/04\/Val\u00e9rie-Anderluzzi-768x1024.jpg 768w, https:\/\/patchworkinspirations.fr\/wp-content\/uploads\/2018\/04\/Val\u00e9rie-Anderluzzi.jpg 810w\" sizes=\"auto, (max-width: 225px) 100vw, 225px\" \/><\/a><\/p>\n<p>Le quilt de Val\u00e9rie !<\/p>\n<p><a href=\"http:\/\/patchworkinspirations.fr\/wp-content\/uploads\/2018\/04\/V\u00e9ro-Patch.jpg\"><img loading=\"lazy\" decoding=\"async\" class=\"size-medium wp-image-3133 aligncenter\" src=\"http:\/\/patchworkinspirations.fr\/wp-content\/uploads\/2018\/04\/V\u00e9ro-Patch-300x300.jpg\" alt=\"\" width=\"300\" height=\"300\" srcset=\"https:\/\/patchworkinspirations.fr\/wp-content\/uploads\/2018\/04\/V\u00e9ro-Patch-300x300.jpg 300w, https:\/\/patchworkinspirations.fr\/wp-content\/uploads\/2018\/04\/V\u00e9ro-Patch-150x150.jpg 150w, https:\/\/patchworkinspirations.fr\/wp-content\/uploads\/2018\/04\/V\u00e9ro-Patch-768x765.jpg 768w, https:\/\/patchworkinspirations.fr\/wp-content\/uploads\/2018\/04\/V\u00e9ro-Patch-301x300.jpg 301w, https:\/\/patchworkinspirations.fr\/wp-content\/uploads\/2018\/04\/V\u00e9ro-Patch-250x250.jpg 250w, https:\/\/patchworkinspirations.fr\/wp-content\/uploads\/2018\/04\/V\u00e9ro-Patch.jpg 960w\" sizes=\"auto, (max-width: 300px) 100vw, 300px\" \/><\/a><\/p>\n<p>Le quilt de V\u00e9ro Patch !<\/p>\n<p><a href=\"http:\/\/patchworkinspirations.fr\/wp-content\/uploads\/2018\/04\/Monique-Magron.jpg\"><img loading=\"lazy\" decoding=\"async\" class=\"size-medium wp-image-3132 aligncenter\" src=\"http:\/\/patchworkinspirations.fr\/wp-content\/uploads\/2018\/04\/Monique-Magron-300x256.jpg\" alt=\"\" width=\"300\" height=\"256\" srcset=\"https:\/\/patchworkinspirations.fr\/wp-content\/uploads\/2018\/04\/Monique-Magron-300x256.jpg 300w, https:\/\/patchworkinspirations.fr\/wp-content\/uploads\/2018\/04\/Monique-Magron.jpg 331w\" sizes=\"auto, (max-width: 300px) 100vw, 300px\" \/><\/a><\/p>\n<p>Le quilt de Monique!<br \/>\n<a href=\"http:\/\/monique28.canalblog.com\/\">monique28.canalblog.com\/<\/a><\/p>\n<p><a href=\"http:\/\/patchworkinspirations.fr\/wp-content\/uploads\/2018\/04\/Fr\u00e9d\u00e9rique-Proust.jpg\"><img loading=\"lazy\" decoding=\"async\" class=\"size-medium wp-image-3131 aligncenter\" src=\"http:\/\/patchworkinspirations.fr\/wp-content\/uploads\/2018\/04\/Fr\u00e9d\u00e9rique-Proust-225x300.jpg\" alt=\"\" width=\"225\" height=\"300\" srcset=\"https:\/\/patchworkinspirations.fr\/wp-content\/uploads\/2018\/04\/Fr\u00e9d\u00e9rique-Proust-225x300.jpg 225w, https:\/\/patchworkinspirations.fr\/wp-content\/uploads\/2018\/04\/Fr\u00e9d\u00e9rique-Proust.jpg 720w\" sizes=\"auto, (max-width: 225px) 100vw, 225px\" \/><\/a><\/p>\n<p>Le quilt de Fr\u00e9d\u00e9rique !<br \/>\n<a href=\"http:\/\/patchdours.wordpress.com\/\">patchdours.wordpress.com\/<\/a><\/p>\n<p><a href=\"http:\/\/patchworkinspirations.fr\/wp-content\/uploads\/2018\/04\/Fran-Gabrielle-Bonfanti.jpg\"><img loading=\"lazy\" decoding=\"async\" class=\"size-medium wp-image-3130 aligncenter\" src=\"http:\/\/patchworkinspirations.fr\/wp-content\/uploads\/2018\/04\/Fran-Gabrielle-Bonfanti-300x252.jpg\" alt=\"\" width=\"300\" height=\"252\" srcset=\"https:\/\/patchworkinspirations.fr\/wp-content\/uploads\/2018\/04\/Fran-Gabrielle-Bonfanti-300x252.jpg 300w, https:\/\/patchworkinspirations.fr\/wp-content\/uploads\/2018\/04\/Fran-Gabrielle-Bonfanti-768x645.jpg 768w, https:\/\/patchworkinspirations.fr\/wp-content\/uploads\/2018\/04\/Fran-Gabrielle-Bonfanti-357x300.jpg 357w, https:\/\/patchworkinspirations.fr\/wp-content\/uploads\/2018\/04\/Fran-Gabrielle-Bonfanti.jpg 960w\" sizes=\"auto, (max-width: 300px) 100vw, 300px\" \/><\/a><\/p>\n<p>Le quilt de Fran\u00e7oise-Gabrielle !<br \/>\n<a href=\"http:\/\/lejardinderegina.blogspot.fr\/\">lejardinderegina.blogspot.fr\/<\/a><\/p>\n<p><a href=\"http:\/\/patchworkinspirations.fr\/wp-content\/uploads\/2018\/04\/Florence-Schneider.jpg\"><img loading=\"lazy\" decoding=\"async\" class=\"size-medium wp-image-3129 aligncenter\" src=\"http:\/\/patchworkinspirations.fr\/wp-content\/uploads\/2018\/04\/Florence-Schneider-300x261.jpg\" alt=\"\" width=\"300\" height=\"261\" srcset=\"https:\/\/patchworkinspirations.fr\/wp-content\/uploads\/2018\/04\/Florence-Schneider-300x261.jpg 300w, https:\/\/patchworkinspirations.fr\/wp-content\/uploads\/2018\/04\/Florence-Schneider-768x669.jpg 768w, https:\/\/patchworkinspirations.fr\/wp-content\/uploads\/2018\/04\/Florence-Schneider-344x300.jpg 344w, https:\/\/patchworkinspirations.fr\/wp-content\/uploads\/2018\/04\/Florence-Schneider.jpg 960w\" sizes=\"auto, (max-width: 300px) 100vw, 300px\" \/><\/a><\/p>\n<p>Le quilt de Florence !<br \/>\n<a href=\"http:\/\/chezprincessenounouche.blogspot.fr\/\">chezprincessenounouche.blogspot.fr\/<\/a><\/p>\n<p><a href=\"http:\/\/patchworkinspirations.fr\/wp-content\/uploads\/2018\/04\/Cathy-Busson.jpg\"><img loading=\"lazy\" decoding=\"async\" class=\"size-medium wp-image-3128 aligncenter\" src=\"http:\/\/patchworkinspirations.fr\/wp-content\/uploads\/2018\/04\/Cathy-Busson-199x300.jpg\" alt=\"\" width=\"199\" height=\"300\" srcset=\"https:\/\/patchworkinspirations.fr\/wp-content\/uploads\/2018\/04\/Cathy-Busson-199x300.jpg 199w, https:\/\/patchworkinspirations.fr\/wp-content\/uploads\/2018\/04\/Cathy-Busson.jpg 637w\" sizes=\"auto, (max-width: 199px) 100vw, 199px\" \/><\/a><\/p>\n<p>Le quilt de Cathy !<br \/>\n<a href=\"http:\/\/hobbiesdecat.canalblog.com\/\">hobbiesdecat.canalblog.com\/<\/a><\/p>\n<p><a href=\"http:\/\/patchworkinspirations.fr\/wp-content\/uploads\/2018\/04\/Carole-David.jpg\"><img loading=\"lazy\" decoding=\"async\" class=\"size-medium wp-image-3127 aligncenter\" src=\"http:\/\/patchworkinspirations.fr\/wp-content\/uploads\/2018\/04\/Carole-David-285x300.jpg\" alt=\"\" width=\"285\" height=\"300\" srcset=\"https:\/\/patchworkinspirations.fr\/wp-content\/uploads\/2018\/04\/Carole-David-285x300.jpg 285w, https:\/\/patchworkinspirations.fr\/wp-content\/uploads\/2018\/04\/Carole-David-768x809.jpg 768w, https:\/\/patchworkinspirations.fr\/wp-content\/uploads\/2018\/04\/Carole-David.jpg 911w\" sizes=\"auto, (max-width: 285px) 100vw, 285px\" \/><\/a><\/p>\n<p>Le quilt de Carole !<\/p>\n<p><a href=\"http:\/\/patchworkinspirations.fr\/wp-content\/uploads\/2018\/03\/Wendy.jpg\"><img loading=\"lazy\" decoding=\"async\" class=\"size-medium wp-image-3039 aligncenter\" src=\"http:\/\/patchworkinspirations.fr\/wp-content\/uploads\/2018\/03\/Wendy-300x300.jpg\" alt=\"\" width=\"300\" height=\"300\" srcset=\"https:\/\/patchworkinspirations.fr\/wp-content\/uploads\/2018\/03\/Wendy-300x300.jpg 300w, https:\/\/patchworkinspirations.fr\/wp-content\/uploads\/2018\/03\/Wendy-150x150.jpg 150w, https:\/\/patchworkinspirations.fr\/wp-content\/uploads\/2018\/03\/Wendy-768x768.jpg 768w, https:\/\/patchworkinspirations.fr\/wp-content\/uploads\/2018\/03\/Wendy-1024x1024.jpg 1024w, https:\/\/patchworkinspirations.fr\/wp-content\/uploads\/2018\/03\/Wendy-250x250.jpg 250w, https:\/\/patchworkinspirations.fr\/wp-content\/uploads\/2018\/03\/Wendy.jpg 1600w\" sizes=\"auto, (max-width: 300px) 100vw, 300px\" \/><\/a><\/p>\n<p>Le quilt de Wendy !<br \/>\n<a href=\"http:\/\/theconstantquilter.blogspot.fr\/\">theconstantquilter.blogspot.fr\/<\/a><\/p>\n<p><a href=\"http:\/\/patchworkinspirations.fr\/wp-content\/uploads\/2018\/03\/Karen-Martin.jpg\"><img loading=\"lazy\" decoding=\"async\" class=\"size-medium wp-image-3033 aligncenter\" src=\"http:\/\/patchworkinspirations.fr\/wp-content\/uploads\/2018\/03\/Karen-Martin-225x300.jpg\" alt=\"\" width=\"225\" height=\"300\" srcset=\"https:\/\/patchworkinspirations.fr\/wp-content\/uploads\/2018\/03\/Karen-Martin-225x300.jpg 225w, https:\/\/patchworkinspirations.fr\/wp-content\/uploads\/2018\/03\/Karen-Martin-768x1024.jpg 768w, https:\/\/patchworkinspirations.fr\/wp-content\/uploads\/2018\/03\/Karen-Martin.jpg 900w\" sizes=\"auto, (max-width: 225px) 100vw, 225px\" \/><\/a><\/p>\n<p>Le quilt de Karen !<br \/>\n<a href=\"moosebaymuses.blogspot.fr\/\">moosebaymuses.blogspot.fr\/<\/a><\/p>\n<p><a href=\"http:\/\/patchworkinspirations.fr\/wp-content\/uploads\/2018\/03\/Adele-Rytter.jpg\"><img loading=\"lazy\" decoding=\"async\" class=\"size-medium wp-image-3030 aligncenter\" src=\"http:\/\/patchworkinspirations.fr\/wp-content\/uploads\/2018\/03\/Adele-Rytter-300x225.jpg\" alt=\"\" width=\"300\" height=\"225\" srcset=\"https:\/\/patchworkinspirations.fr\/wp-content\/uploads\/2018\/03\/Adele-Rytter-300x225.jpg 300w, https:\/\/patchworkinspirations.fr\/wp-content\/uploads\/2018\/03\/Adele-Rytter-768x576.jpg 768w, https:\/\/patchworkinspirations.fr\/wp-content\/uploads\/2018\/03\/Adele-Rytter-1024x768.jpg 1024w, https:\/\/patchworkinspirations.fr\/wp-content\/uploads\/2018\/03\/Adele-Rytter-400x300.jpg 400w, https:\/\/patchworkinspirations.fr\/wp-content\/uploads\/2018\/03\/Adele-Rytter.jpg 1200w\" sizes=\"auto, (max-width: 300px) 100vw, 300px\" \/><\/a><\/p>\n<p>Le quilt d&rsquo;Ad\u00e8le !<\/p>\n<p><a href=\"http:\/\/patchworkinspirations.fr\/wp-content\/uploads\/2018\/03\/Liselotte.jpg\"><img loading=\"lazy\" decoding=\"async\" class=\"size-medium wp-image-3068 aligncenter\" src=\"http:\/\/patchworkinspirations.fr\/wp-content\/uploads\/2018\/03\/Liselotte-300x200.jpg\" alt=\"\" width=\"300\" height=\"200\" srcset=\"https:\/\/patchworkinspirations.fr\/wp-content\/uploads\/2018\/03\/Liselotte-300x200.jpg 300w, https:\/\/patchworkinspirations.fr\/wp-content\/uploads\/2018\/03\/Liselotte-768x512.jpg 768w, https:\/\/patchworkinspirations.fr\/wp-content\/uploads\/2018\/03\/Liselotte-1024x682.jpg 1024w, https:\/\/patchworkinspirations.fr\/wp-content\/uploads\/2018\/03\/Liselotte-450x300.jpg 450w, https:\/\/patchworkinspirations.fr\/wp-content\/uploads\/2018\/03\/Liselotte.jpg 1600w\" sizes=\"auto, (max-width: 300px) 100vw, 300px\" \/><\/a><\/p>\n<p>Les blocs de Liselotte transform\u00e9s en bo\u00eete !<br \/>\n<a href=\"http:\/\/le-blog-de-liselotte.blogspot.fr\/\">le-blog-de-liselotte.blogspot.fr\/<\/a><\/p>\n<p><a href=\"http:\/\/patchworkinspirations.fr\/wp-content\/uploads\/2018\/04\/Michelle-Kleber.jpg\"><img loading=\"lazy\" decoding=\"async\" class=\"size-medium wp-image-3145 aligncenter\" src=\"http:\/\/patchworkinspirations.fr\/wp-content\/uploads\/2018\/04\/Michelle-Kleber-300x300.jpg\" alt=\"\" width=\"300\" height=\"300\" srcset=\"https:\/\/patchworkinspirations.fr\/wp-content\/uploads\/2018\/04\/Michelle-Kleber-300x300.jpg 300w, https:\/\/patchworkinspirations.fr\/wp-content\/uploads\/2018\/04\/Michelle-Kleber-150x150.jpg 150w, https:\/\/patchworkinspirations.fr\/wp-content\/uploads\/2018\/04\/Michelle-Kleber-768x770.jpg 768w, https:\/\/patchworkinspirations.fr\/wp-content\/uploads\/2018\/04\/Michelle-Kleber-299x300.jpg 299w, https:\/\/patchworkinspirations.fr\/wp-content\/uploads\/2018\/04\/Michelle-Kleber-250x250.jpg 250w, https:\/\/patchworkinspirations.fr\/wp-content\/uploads\/2018\/04\/Michelle-Kleber.jpg 957w\" sizes=\"auto, (max-width: 300px) 100vw, 300px\" \/><\/a><\/p>\n<p>Le quilt de Michelle !<\/p>\n<p><a href=\"http:\/\/patchworkinspirations.fr\/wp-content\/uploads\/2018\/04\/Sandrine-Lagorce.jpg\"><img loading=\"lazy\" decoding=\"async\" class=\"size-medium wp-image-3144 aligncenter\" src=\"http:\/\/patchworkinspirations.fr\/wp-content\/uploads\/2018\/04\/Sandrine-Lagorce-300x243.jpg\" alt=\"\" width=\"300\" height=\"243\" srcset=\"https:\/\/patchworkinspirations.fr\/wp-content\/uploads\/2018\/04\/Sandrine-Lagorce-300x243.jpg 300w, https:\/\/patchworkinspirations.fr\/wp-content\/uploads\/2018\/04\/Sandrine-Lagorce-768x621.jpg 768w, https:\/\/patchworkinspirations.fr\/wp-content\/uploads\/2018\/04\/Sandrine-Lagorce-1024x828.jpg 1024w, https:\/\/patchworkinspirations.fr\/wp-content\/uploads\/2018\/04\/Sandrine-Lagorce-371x300.jpg 371w, https:\/\/patchworkinspirations.fr\/wp-content\/uploads\/2018\/04\/Sandrine-Lagorce.jpg 1768w\" sizes=\"auto, (max-width: 300px) 100vw, 300px\" \/><\/a><\/p>\n<p>Le quilt de Sandrine !<\/p>\n<p><a href=\"http:\/\/patchworkinspirations.fr\/wp-content\/uploads\/2018\/04\/Brigitte-Janin.jpg\"><img loading=\"lazy\" decoding=\"async\" class=\"size-medium wp-image-3143 aligncenter\" src=\"http:\/\/patchworkinspirations.fr\/wp-content\/uploads\/2018\/04\/Brigitte-Janin-300x300.jpg\" alt=\"\" width=\"300\" height=\"300\" srcset=\"https:\/\/patchworkinspirations.fr\/wp-content\/uploads\/2018\/04\/Brigitte-Janin-300x300.jpg 300w, https:\/\/patchworkinspirations.fr\/wp-content\/uploads\/2018\/04\/Brigitte-Janin-150x150.jpg 150w, https:\/\/patchworkinspirations.fr\/wp-content\/uploads\/2018\/04\/Brigitte-Janin-768x768.jpg 768w, https:\/\/patchworkinspirations.fr\/wp-content\/uploads\/2018\/04\/Brigitte-Janin-250x250.jpg 250w, https:\/\/patchworkinspirations.fr\/wp-content\/uploads\/2018\/04\/Brigitte-Janin.jpg 960w\" sizes=\"auto, (max-width: 300px) 100vw, 300px\" \/><\/a><\/p>\n<p>Le quilt de Brigitte !<\/p>\n<p><a href=\"http:\/\/patchworkinspirations.fr\/wp-content\/uploads\/2018\/04\/Randy-Danto.jpg\"><img loading=\"lazy\" decoding=\"async\" class=\"size-medium wp-image-3147 aligncenter\" src=\"http:\/\/patchworkinspirations.fr\/wp-content\/uploads\/2018\/04\/Randy-Danto-225x300.jpg\" alt=\"\" width=\"225\" height=\"300\" srcset=\"https:\/\/patchworkinspirations.fr\/wp-content\/uploads\/2018\/04\/Randy-Danto-225x300.jpg 225w, https:\/\/patchworkinspirations.fr\/wp-content\/uploads\/2018\/04\/Randy-Danto.jpg 720w\" sizes=\"auto, (max-width: 225px) 100vw, 225px\" \/><\/a><\/p>\n<p>Le quilt de Randy !<br \/>\n<a href=\"http:\/\/barristersblock.blogspot.fr\/\">barristersblock.blogspot.fr\/<\/a><\/p>\n<p><a href=\"http:\/\/patchworkinspirations.fr\/wp-content\/uploads\/2018\/04\/Brigitte-de-Saint-Germain.jpg\"><img loading=\"lazy\" decoding=\"async\" class=\"size-medium wp-image-3163 aligncenter\" src=\"http:\/\/patchworkinspirations.fr\/wp-content\/uploads\/2018\/04\/Brigitte-de-Saint-Germain-300x300.jpg\" alt=\"\" width=\"300\" height=\"300\" srcset=\"https:\/\/patchworkinspirations.fr\/wp-content\/uploads\/2018\/04\/Brigitte-de-Saint-Germain-300x300.jpg 300w, https:\/\/patchworkinspirations.fr\/wp-content\/uploads\/2018\/04\/Brigitte-de-Saint-Germain-150x150.jpg 150w, https:\/\/patchworkinspirations.fr\/wp-content\/uploads\/2018\/04\/Brigitte-de-Saint-Germain-768x768.jpg 768w, https:\/\/patchworkinspirations.fr\/wp-content\/uploads\/2018\/04\/Brigitte-de-Saint-Germain-250x250.jpg 250w, https:\/\/patchworkinspirations.fr\/wp-content\/uploads\/2018\/04\/Brigitte-de-Saint-Germain.jpg 960w\" sizes=\"auto, (max-width: 300px) 100vw, 300px\" \/><\/a><\/p>\n<p>Le quilt de Brigitte !<\/p>\n<p><a href=\"http:\/\/patchworkinspirations.fr\/wp-content\/uploads\/2018\/04\/Carole-Grimault.jpg\"><img loading=\"lazy\" decoding=\"async\" class=\"size-medium wp-image-3166 aligncenter\" src=\"http:\/\/patchworkinspirations.fr\/wp-content\/uploads\/2018\/04\/Carole-Grimault-261x300.jpg\" alt=\"\" width=\"261\" height=\"300\" srcset=\"https:\/\/patchworkinspirations.fr\/wp-content\/uploads\/2018\/04\/Carole-Grimault-261x300.jpg 261w, https:\/\/patchworkinspirations.fr\/wp-content\/uploads\/2018\/04\/Carole-Grimault-768x882.jpg 768w, https:\/\/patchworkinspirations.fr\/wp-content\/uploads\/2018\/04\/Carole-Grimault.jpg 836w\" sizes=\"auto, (max-width: 261px) 100vw, 261px\" \/><\/a><\/p>\n<p>Le quilt de Carole !<\/p>\n<p><a href=\"http:\/\/patchworkinspirations.fr\/wp-content\/uploads\/2018\/04\/Christy-Abbe.jpg\"><img loading=\"lazy\" decoding=\"async\" class=\"size-medium wp-image-3165 aligncenter\" src=\"http:\/\/patchworkinspirations.fr\/wp-content\/uploads\/2018\/04\/Christy-Abbe-283x300.jpg\" alt=\"\" width=\"283\" height=\"300\" srcset=\"https:\/\/patchworkinspirations.fr\/wp-content\/uploads\/2018\/04\/Christy-Abbe-283x300.jpg 283w, https:\/\/patchworkinspirations.fr\/wp-content\/uploads\/2018\/04\/Christy-Abbe-768x814.jpg 768w, https:\/\/patchworkinspirations.fr\/wp-content\/uploads\/2018\/04\/Christy-Abbe.jpg 906w\" sizes=\"auto, (max-width: 283px) 100vw, 283px\" \/><\/a><\/p>\n<p>Le quilt de Christy !<\/p>\n<p><a href=\"http:\/\/patchworkinspirations.fr\/wp-content\/uploads\/2018\/04\/119808626_o.jpg\"><img loading=\"lazy\" decoding=\"async\" class=\"size-medium wp-image-3171 aligncenter\" src=\"http:\/\/patchworkinspirations.fr\/wp-content\/uploads\/2018\/04\/119808626_o-225x300.jpg\" alt=\"\" width=\"225\" height=\"300\" srcset=\"https:\/\/patchworkinspirations.fr\/wp-content\/uploads\/2018\/04\/119808626_o-225x300.jpg 225w, https:\/\/patchworkinspirations.fr\/wp-content\/uploads\/2018\/04\/119808626_o.jpg 750w\" sizes=\"auto, (max-width: 225px) 100vw, 225px\" \/><\/a><\/p>\n<p>Le quilt de V\u00e9ronique !<br \/>\n<a href=\"http:\/\/atelierlamasure.canalblog.com\/\">atelierlamasure.canalblog.com\/<\/a><\/p>\n<p><a href=\"http:\/\/patchworkinspirations.fr\/wp-content\/uploads\/2018\/04\/IMG_0713.jpg\"><img loading=\"lazy\" decoding=\"async\" class=\"size-medium wp-image-3160 aligncenter\" src=\"http:\/\/patchworkinspirations.fr\/wp-content\/uploads\/2018\/04\/IMG_0713-300x225.jpg\" alt=\"\" width=\"300\" height=\"225\" srcset=\"https:\/\/patchworkinspirations.fr\/wp-content\/uploads\/2018\/04\/IMG_0713-300x225.jpg 300w, https:\/\/patchworkinspirations.fr\/wp-content\/uploads\/2018\/04\/IMG_0713-768x576.jpg 768w, https:\/\/patchworkinspirations.fr\/wp-content\/uploads\/2018\/04\/IMG_0713-1024x768.jpg 1024w, https:\/\/patchworkinspirations.fr\/wp-content\/uploads\/2018\/04\/IMG_0713-400x300.jpg 400w, https:\/\/patchworkinspirations.fr\/wp-content\/uploads\/2018\/04\/IMG_0713.jpg 1200w\" sizes=\"auto, (max-width: 300px) 100vw, 300px\" \/><\/a><br \/>\nEnfin le mien !<\/p>\n<p>Nous remercions aussi nos sponsors qui nous ont aid\u00e9 dans cette belle aventure..<br \/>\n<a href=\"http:\/\/patchworkinspirations.fr\/wp-content\/uploads\/2017\/11\/logo-quiltmania.jpg\"><img loading=\"lazy\" decoding=\"async\" class=\"size-medium wp-image-2792 aligncenter\" src=\"http:\/\/patchworkinspirations.fr\/wp-content\/uploads\/2017\/11\/logo-quiltmania-300x69.jpg\" alt=\"\" width=\"300\" height=\"69\" \/><\/a><br \/>\nJe remercie Sarah pour les 5 livres offerts de Yoko Sa\u00efto \u00ab\u00a0les mod\u00e8les traditionnels\u00a0\u00bb ainsi qu&rsquo;un abonnement de un an \u00e0 Quiltmania pour une personne.<\/p>\n<p><a href=\"http:\/\/patchworkinspirations.fr\/wp-content\/uploads\/2017\/11\/logo-modern-patchwork-carre.jpg\"><img loading=\"lazy\" decoding=\"async\" class=\"size-medium wp-image-2791 aligncenter\" src=\"http:\/\/patchworkinspirations.fr\/wp-content\/uploads\/2017\/11\/logo-modern-patchwork-carre-300x300.jpg\" alt=\"\" width=\"300\" height=\"300\" srcset=\"https:\/\/patchworkinspirations.fr\/wp-content\/uploads\/2017\/11\/logo-modern-patchwork-carre-300x300.jpg 300w, https:\/\/patchworkinspirations.fr\/wp-content\/uploads\/2017\/11\/logo-modern-patchwork-carre-150x150.jpg 150w, https:\/\/patchworkinspirations.fr\/wp-content\/uploads\/2017\/11\/logo-modern-patchwork-carre-768x768.jpg 768w, https:\/\/patchworkinspirations.fr\/wp-content\/uploads\/2017\/11\/logo-modern-patchwork-carre-1024x1024.jpg 1024w, https:\/\/patchworkinspirations.fr\/wp-content\/uploads\/2017\/11\/logo-modern-patchwork-carre-250x250.jpg 250w, https:\/\/patchworkinspirations.fr\/wp-content\/uploads\/2017\/11\/logo-modern-patchwork-carre.jpg 1200w\" sizes=\"auto, (max-width: 300px) 100vw, 300px\" \/><\/a><br \/>\n<a href=\"http:\/\/patchworkinspirations.fr\/wp-content\/uploads\/2017\/12\/IMG_0345.jpg\"><img loading=\"lazy\" decoding=\"async\" class=\"size-medium wp-image-2825 aligncenter\" src=\"http:\/\/patchworkinspirations.fr\/wp-content\/uploads\/2017\/12\/IMG_0345-300x225.jpg\" alt=\"\" width=\"300\" height=\"225\" srcset=\"https:\/\/patchworkinspirations.fr\/wp-content\/uploads\/2017\/12\/IMG_0345-300x225.jpg 300w, https:\/\/patchworkinspirations.fr\/wp-content\/uploads\/2017\/12\/IMG_0345-768x576.jpg 768w, https:\/\/patchworkinspirations.fr\/wp-content\/uploads\/2017\/12\/IMG_0345-1024x768.jpg 1024w, https:\/\/patchworkinspirations.fr\/wp-content\/uploads\/2017\/12\/IMG_0345-400x300.jpg 400w, https:\/\/patchworkinspirations.fr\/wp-content\/uploads\/2017\/12\/IMG_0345.jpg 1200w\" sizes=\"auto, (max-width: 300px) 100vw, 300px\" \/><\/a><br \/>\nJe remercie aussi S\u00e9bastien pour ce joli lot de tissus et 4 bons de r\u00e9duction de 25 euros ! Notez que S\u00e9bastien et son \u00e9quipe seront pr\u00e9sents au PAF de Nantes !<\/p>\n<p><a href=\"http:\/\/patchworkinspirations.fr\/wp-content\/uploads\/2017\/11\/AURIfil-logo.jpg\"><img loading=\"lazy\" decoding=\"async\" class=\"size-medium wp-image-2790 aligncenter\" src=\"http:\/\/patchworkinspirations.fr\/wp-content\/uploads\/2017\/11\/AURIfil-logo-300x117.jpg\" alt=\"\" width=\"300\" height=\"117\" srcset=\"https:\/\/patchworkinspirations.fr\/wp-content\/uploads\/2017\/11\/AURIfil-logo-300x117.jpg 300w, https:\/\/patchworkinspirations.fr\/wp-content\/uploads\/2017\/11\/AURIfil-logo.jpg 350w\" sizes=\"auto, (max-width: 300px) 100vw, 300px\" \/><\/a><br \/>\n<a href=\"http:\/\/patchworkinspirations.fr\/wp-content\/uploads\/2017\/12\/IMG_0344.jpg\"><img loading=\"lazy\" decoding=\"async\" class=\"size-medium wp-image-2824 aligncenter\" src=\"http:\/\/patchworkinspirations.fr\/wp-content\/uploads\/2017\/12\/IMG_0344-300x225.jpg\" alt=\"\" width=\"300\" height=\"225\" srcset=\"https:\/\/patchworkinspirations.fr\/wp-content\/uploads\/2017\/12\/IMG_0344-300x225.jpg 300w, https:\/\/patchworkinspirations.fr\/wp-content\/uploads\/2017\/12\/IMG_0344-768x576.jpg 768w, https:\/\/patchworkinspirations.fr\/wp-content\/uploads\/2017\/12\/IMG_0344-1024x768.jpg 1024w, https:\/\/patchworkinspirations.fr\/wp-content\/uploads\/2017\/12\/IMG_0344-400x300.jpg 400w, https:\/\/patchworkinspirations.fr\/wp-content\/uploads\/2017\/12\/IMG_0344.jpg 1200w\" sizes=\"auto, (max-width: 300px) 100vw, 300px\" \/><\/a><br \/>\nEnfin, je remercie Alex Veronelli pour ce superbe coffret de fils qui sera divis\u00e9 en 3 parties.<\/p>\n<p>Alors voil\u00e0, le moment est arriv\u00e9 de d\u00e9signer les gagnantes mais avant tout, je voudrais prendre le temps de f\u00e9liciter chacune d&rsquo;entre vous pour le merveilleux travail effectu\u00e9 depuis le 1er janvier ! Comme vous le savez, nous encourageons, B\u00e9a et moi-m\u00eame la cr\u00e9ativit\u00e9 et l\u00e0, franchement, vous nous avez scotch\u00e9es &#8230;. Faire un choix aurait \u00e9t\u00e9 tr\u00e8s difficile et je suis heureuse que Random fasse le travail pour nous !! \ud83d\ude42 Il y aura certainement des d\u00e9\u00e7ues suite au tirage au sort mais ne le soyez pas trop&#8230;soyez avant tout tr\u00e8s fi\u00e8re de votre travail !<br \/>\nMille bravos \u00e0 vous toutes et surtout, un \u00e9norme merci pour votre participation ! Et puisque j&rsquo;en suis aux remerciements, le groupe Facebook compte \u00e0 pr\u00e9sent, 223 inscrites !<br \/>\n<a href=\"B\u00e9a et C\u00e9cile Quilt-a-Long\">B\u00e9a et C\u00e9cile Quilt-a-Long<\/a><br \/>\nAlors bienvenue aux nouveaux membres et merci pour votre adh\u00e9sion ! \ud83d\ude42<\/p>\n<p>ROULEMENT DE TAMBOUR !!!!!<br \/>\nLes gagnantes de l&rsquo;ann\u00e9e 2018 sont &#8230;.<\/p>\n<p>Pour les livres de Yoko Sa\u00efto de chez Quiltmania :<\/p>\n<ul>\n<li>Val\u00e9rie Anderluzzi<\/li>\n<li>Monique Magron<\/li>\n<li>Muriel Gendreau<\/li>\n<li>Sandrine Lagorce<\/li>\n<li>Ad\u00e8le Rytter<\/li>\n<\/ul>\n<p>Pour les lots de tissus Modern Patchwork :<\/p>\n<ul>\n<li>Fr\u00e9d\u00e9rique Proust<\/li>\n<\/ul>\n<p>Pour les bons de 25 euros de chez Moderne Patchwork :<\/p>\n<ul>\n<li>Carole David<\/li>\n<li>Annick Bonnenfant<\/li>\n<li>Fran\u00e7oise-Gabrielle Fonfanti<\/li>\n<li>Brigitte Janin<\/li>\n<\/ul>\n<p>Pour les bobines Aurifil :<\/p>\n<ul>\n<li>Carole Grimault<\/li>\n<li>Randy Danto<\/li>\n<li>Cathy Busson<\/li>\n<\/ul>\n<p>Et le gros lot final, l&rsquo;abonnement de un an au magasine Quiltmania :<\/p>\n<ul>\n<li>Wendy Reed !<\/li>\n<\/ul>\n<p>Bravo \u00e0 vous toutes mesdames !! Donnez moi vos adresses s&rsquo;il vous pla\u00eet je vous enverrai tout cela ! Je transmettrai vos adresses \u00e0 Sarah qui vous fera parvenir vos livres. Pour celles qui vont \u00e0 Nantes, je peux peut-\u00eatre vous remettre en main propre votre lot. J&rsquo;y serai les jeudi et vendredi ! A voir avec moi !<br \/>\nA l&rsquo;ann\u00e9e prochaine pour un nouveau d\u00e9fi !<\/p>\n<p>Tr\u00e8s bonne semaine \u00e0 tous !<\/p>\n<p>Happy quilting !<\/p>\n<p>C\u00e9cile<\/p>\n<p>&nbsp;<\/p>\n<p>&nbsp;<\/p>\n<p>&nbsp;<\/p>\n","protected":false},"excerpt":{"rendered":"<p>Bonjour, Hier 15 avril \u00e9tait la date qui cl\u00f4turait notre quilt-a-long&#8230; Vous avez \u00e9t\u00e9 tr\u00e8s courageuses, volontaires, rigoureuses et surtout, surtout, tr\u00e8s cr\u00e9atrices&#8230; Vous savez que c&rsquo;est le but de ce challenge ! Alors je vous f\u00e9licite chaleureusement et vous &hellip; <a href=\"https:\/\/patchworkinspirations.fr\/?p=3140\">Continuer la lecture <span class=\"meta-nav\">&rarr;<\/span><\/a><\/p>\n","protected":false},"author":1,"featured_media":0,"comment_status":"open","ping_status":"open","sticky":false,"template":"","format":"standard","meta":{"footnotes":""},"categories":[1],"tags":[],"class_list":["post-3140","post","type-post","status-publish","format-standard","hentry","category-non-classe"],"_links":{"self":[{"href":"https:\/\/patchworkinspirations.fr\/index.php?rest_route=\/wp\/v2\/posts\/3140","targetHints":{"allow":["GET"]}}],"collection":[{"href":"https:\/\/patchworkinspirations.fr\/index.php?rest_route=\/wp\/v2\/posts"}],"about":[{"href":"https:\/\/patchworkinspirations.fr\/index.php?rest_route=\/wp\/v2\/types\/post"}],"author":[{"embeddable":true,"href":"https:\/\/patchworkinspirations.fr\/index.php?rest_route=\/wp\/v2\/users\/1"}],"replies":[{"embeddable":true,"href":"https:\/\/patchworkinspirations.fr\/index.php?rest_route=%2Fwp%2Fv2%2Fcomments&post=3140"}],"version-history":[{"count":22,"href":"https:\/\/patchworkinspirations.fr\/index.php?rest_route=\/wp\/v2\/posts\/3140\/revisions"}],"predecessor-version":[{"id":3173,"href":"https:\/\/patchworkinspirations.fr\/index.php?rest_route=\/wp\/v2\/posts\/3140\/revisions\/3173"}],"wp:attachment":[{"href":"https:\/\/patchworkinspirations.fr\/index.php?rest_route=%2Fwp%2Fv2%2Fmedia&parent=3140"}],"wp:term":[{"taxonomy":"category","embeddable":true,"href":"https:\/\/patchworkinspirations.fr\/index.php?rest_route=%2Fwp%2Fv2%2Fcategories&post=3140"},{"taxonomy":"post_tag","embeddable":true,"href":"https:\/\/patchworkinspirations.fr\/index.php?rest_route=%2Fwp%2Fv2%2Ftags&post=3140"}],"curies":[{"name":"wp","href":"https:\/\/api.w.org\/{rel}","templated":true}]}}