{"id":3037,"date":"2018-03-15T11:28:30","date_gmt":"2018-03-15T10:28:30","guid":{"rendered":"http:\/\/patchworkinspirations.fr\/?p=3037"},"modified":"2018-03-21T10:53:29","modified_gmt":"2018-03-21T09:53:29","slug":"avant-derniere-etape-du-qal","status":"publish","type":"post","link":"https:\/\/patchworkinspirations.fr\/?p=3037","title":{"rendered":"Avant derni\u00e8re \u00e9tape du QAL"},"content":{"rendered":"<div class=\"fcbkbttn_buttons_block\" id=\"fcbkbttn_left\"><div class=\"fcbkbttn_button\">\n\t\t\t\t\t<a href=\"https:\/\/www.facebook.com\/http:\/\/facebook.com\/patchworkinspirations\" target=\"_blank\">\n\t\t\t\t\t\t<img decoding=\"async\" src=\"https:\/\/patchworkinspirations.fr\/wp-content\/plugins\/facebook-button-plugin\/images\/standard-facebook-ico.png\" alt=\"Fb-Button\" \/>\n\t\t\t\t\t<\/a>\n\t\t\t\t<\/div><div class=\"fcbkbttn_like \"><fb:like href=\"https:\/\/patchworkinspirations.fr\/?p=3037\" action=\"like\" colorscheme=\"light\" layout=\"button_count\"  size=\"small\"><\/fb:like><\/div><div class=\"fb-share-button  \" data-href=\"https:\/\/patchworkinspirations.fr\/?p=3037\" data-type=\"button_count\" data-size=\"small\"><\/div><\/div><p>Bonjour !<\/p>\n<p>Aujourd&rsquo;hui 15 mars correspond \u00e0 l&rsquo;\u00e9tape du top termin\u00e9 ! Normalement vous devriez me montrer votre top avec un minimum de 16 blocs assembl\u00e9s !<br \/>\nCertaines ont pris de l&rsquo;avance et ont d\u00e9j\u00e0 quilt\u00e9 leur ouvrage ! Wow !!<br \/>\nJe vous conseille vivement de prendre un th\u00e9 et de vous installer confortablement&#8230;vous pouvez cliquer sur les photos pour les agrandir !<\/p>\n<p>Petit floril\u00e8ge de quilts termin\u00e9s !<\/p>\n<p><a href=\"http:\/\/patchworkinspirations.fr\/wp-content\/uploads\/2018\/03\/Adele-Rytter.jpg\"><img loading=\"lazy\" decoding=\"async\" class=\"size-medium wp-image-3030 aligncenter\" src=\"http:\/\/patchworkinspirations.fr\/wp-content\/uploads\/2018\/03\/Adele-Rytter-300x225.jpg\" alt=\"\" width=\"300\" height=\"225\" srcset=\"https:\/\/patchworkinspirations.fr\/wp-content\/uploads\/2018\/03\/Adele-Rytter-300x225.jpg 300w, https:\/\/patchworkinspirations.fr\/wp-content\/uploads\/2018\/03\/Adele-Rytter-768x576.jpg 768w, https:\/\/patchworkinspirations.fr\/wp-content\/uploads\/2018\/03\/Adele-Rytter-1024x768.jpg 1024w, https:\/\/patchworkinspirations.fr\/wp-content\/uploads\/2018\/03\/Adele-Rytter-400x300.jpg 400w, https:\/\/patchworkinspirations.fr\/wp-content\/uploads\/2018\/03\/Adele-Rytter.jpg 1200w\" sizes=\"auto, (max-width: 300px) 100vw, 300px\" \/><\/a><br \/>\nCelui d&rsquo;Ad\u00e8le Rytter.<\/p>\n<p><a href=\"http:\/\/patchworkinspirations.fr\/wp-content\/uploads\/2018\/03\/29250179_10216302367859785_2162361607986872320_n.jpg\"><img loading=\"lazy\" decoding=\"async\" class=\"size-medium wp-image-3071 aligncenter\" src=\"http:\/\/patchworkinspirations.fr\/wp-content\/uploads\/2018\/03\/29250179_10216302367859785_2162361607986872320_n-234x300.jpg\" alt=\"\" width=\"234\" height=\"300\" srcset=\"https:\/\/patchworkinspirations.fr\/wp-content\/uploads\/2018\/03\/29250179_10216302367859785_2162361607986872320_n-234x300.jpg 234w, https:\/\/patchworkinspirations.fr\/wp-content\/uploads\/2018\/03\/29250179_10216302367859785_2162361607986872320_n.jpg 749w\" sizes=\"auto, (max-width: 234px) 100vw, 234px\" \/><\/a><br \/>\nCelui de Karen Martin du blog <a href=\"http:\/\/moosebaymuses.blogspot.fr\/\">moosebaymuses.blogspot.fr\/<\/a><\/p>\n<p><a href=\"http:\/\/patchworkinspirations.fr\/wp-content\/uploads\/2018\/03\/Wendy.jpg\"><img loading=\"lazy\" decoding=\"async\" class=\"size-medium wp-image-3039 aligncenter\" src=\"http:\/\/patchworkinspirations.fr\/wp-content\/uploads\/2018\/03\/Wendy-300x300.jpg\" alt=\"\" width=\"300\" height=\"300\" srcset=\"https:\/\/patchworkinspirations.fr\/wp-content\/uploads\/2018\/03\/Wendy-300x300.jpg 300w, https:\/\/patchworkinspirations.fr\/wp-content\/uploads\/2018\/03\/Wendy-150x150.jpg 150w, https:\/\/patchworkinspirations.fr\/wp-content\/uploads\/2018\/03\/Wendy-768x768.jpg 768w, https:\/\/patchworkinspirations.fr\/wp-content\/uploads\/2018\/03\/Wendy-1024x1024.jpg 1024w, https:\/\/patchworkinspirations.fr\/wp-content\/uploads\/2018\/03\/Wendy-250x250.jpg 250w, https:\/\/patchworkinspirations.fr\/wp-content\/uploads\/2018\/03\/Wendy.jpg 1600w\" sizes=\"auto, (max-width: 300px) 100vw, 300px\" \/><\/a><br \/>\nCelui de Wendy Reed du blog <a href=\"http:\/\/theconstantquilter.blogspot.fr\/\">theconstantquilter.blogspot.fr\/<\/a><\/p>\n<p><a href=\"http:\/\/patchworkinspirations.fr\/wp-content\/uploads\/2018\/03\/Liselotte.jpg\"><img loading=\"lazy\" decoding=\"async\" class=\"size-medium wp-image-3068 aligncenter\" src=\"http:\/\/patchworkinspirations.fr\/wp-content\/uploads\/2018\/03\/Liselotte-300x200.jpg\" alt=\"\" width=\"300\" height=\"200\" srcset=\"https:\/\/patchworkinspirations.fr\/wp-content\/uploads\/2018\/03\/Liselotte-300x200.jpg 300w, https:\/\/patchworkinspirations.fr\/wp-content\/uploads\/2018\/03\/Liselotte-768x512.jpg 768w, https:\/\/patchworkinspirations.fr\/wp-content\/uploads\/2018\/03\/Liselotte-1024x682.jpg 1024w, https:\/\/patchworkinspirations.fr\/wp-content\/uploads\/2018\/03\/Liselotte-450x300.jpg 450w, https:\/\/patchworkinspirations.fr\/wp-content\/uploads\/2018\/03\/Liselotte.jpg 1600w\" sizes=\"auto, (max-width: 300px) 100vw, 300px\" \/><\/a><br \/>\nCelui de Liselotte du blog <a href=\"http:\/\/le-blog-de-liselotte.blogspot.fr\/\">le-blog-de-liselotte.blogspot.fr\/<\/a><\/p>\n<p>Voici des tops termin\u00e9s en attente d&rsquo;\u00eatre quilt\u00e9s &#8230;<\/p>\n<p><a href=\"http:\/\/patchworkinspirations.fr\/wp-content\/uploads\/2018\/03\/V\u00e9ro-la-masure.jpg\"><img loading=\"lazy\" decoding=\"async\" class=\"size-medium wp-image-3036 aligncenter\" src=\"http:\/\/patchworkinspirations.fr\/wp-content\/uploads\/2018\/03\/V\u00e9ro-la-masure-271x300.jpg\" alt=\"\" width=\"271\" height=\"300\" srcset=\"https:\/\/patchworkinspirations.fr\/wp-content\/uploads\/2018\/03\/V\u00e9ro-la-masure-271x300.jpg 271w, https:\/\/patchworkinspirations.fr\/wp-content\/uploads\/2018\/03\/V\u00e9ro-la-masure.jpg 662w\" sizes=\"auto, (max-width: 271px) 100vw, 271px\" \/><\/a><br \/>\nCelui de V\u00e9ronique Prat du blog <a href=\"http:\/\/atelierlamasure.canalblog.com\/\">atelierlamasure.canalblog.com\/<\/a><\/p>\n<p><a href=\"http:\/\/patchworkinspirations.fr\/wp-content\/uploads\/2018\/03\/Michelle-Kleber.jpg\"><img loading=\"lazy\" decoding=\"async\" class=\"size-medium wp-image-3035 aligncenter\" src=\"http:\/\/patchworkinspirations.fr\/wp-content\/uploads\/2018\/03\/Michelle-Kleber-300x296.jpg\" alt=\"\" width=\"300\" height=\"296\" srcset=\"https:\/\/patchworkinspirations.fr\/wp-content\/uploads\/2018\/03\/Michelle-Kleber-300x296.jpg 300w, https:\/\/patchworkinspirations.fr\/wp-content\/uploads\/2018\/03\/Michelle-Kleber-768x758.jpg 768w, https:\/\/patchworkinspirations.fr\/wp-content\/uploads\/2018\/03\/Michelle-Kleber-304x300.jpg 304w, https:\/\/patchworkinspirations.fr\/wp-content\/uploads\/2018\/03\/Michelle-Kleber.jpg 960w\" sizes=\"auto, (max-width: 300px) 100vw, 300px\" \/><\/a><br \/>\nCelui de Michelle Kl\u00e9ber<\/p>\n<p><a href=\"http:\/\/patchworkinspirations.fr\/wp-content\/uploads\/2018\/03\/Marie-Christine.jpg\"><img loading=\"lazy\" decoding=\"async\" class=\"size-medium wp-image-3034 aligncenter\" src=\"http:\/\/patchworkinspirations.fr\/wp-content\/uploads\/2018\/03\/Marie-Christine-223x300.jpg\" alt=\"\" width=\"223\" height=\"300\" srcset=\"https:\/\/patchworkinspirations.fr\/wp-content\/uploads\/2018\/03\/Marie-Christine-223x300.jpg 223w, https:\/\/patchworkinspirations.fr\/wp-content\/uploads\/2018\/03\/Marie-Christine.jpg 714w\" sizes=\"auto, (max-width: 223px) 100vw, 223px\" \/><\/a><br \/>\nCelui de Marie-Christine Chasseraud du blog <a href=\"http:\/\/carrementcrazy2.canalblog.com\/\">carrementcrazy2.canalblog.com\/<\/a><\/p>\n<p><a href=\"http:\/\/patchworkinspirations.fr\/wp-content\/uploads\/2018\/03\/Cathy-Busson.jpg\"><img loading=\"lazy\" decoding=\"async\" class=\"size-medium wp-image-3032 aligncenter\" src=\"http:\/\/patchworkinspirations.fr\/wp-content\/uploads\/2018\/03\/Cathy-Busson-248x300.jpg\" alt=\"\" width=\"248\" height=\"300\" srcset=\"https:\/\/patchworkinspirations.fr\/wp-content\/uploads\/2018\/03\/Cathy-Busson-248x300.jpg 248w, https:\/\/patchworkinspirations.fr\/wp-content\/uploads\/2018\/03\/Cathy-Busson-768x931.jpg 768w, https:\/\/patchworkinspirations.fr\/wp-content\/uploads\/2018\/03\/Cathy-Busson.jpg 792w\" sizes=\"auto, (max-width: 248px) 100vw, 248px\" \/><\/a><br \/>\nCelui de Cathy Busson du blog <a href=\"http:\/\/hobbiesdecat.canalblog.com\/\">hobbiesdecat.canalblog.com\/<\/a><\/p>\n<p><a href=\"http:\/\/patchworkinspirations.fr\/wp-content\/uploads\/2018\/03\/Annick-Bonnenfant.jpg\"><img loading=\"lazy\" decoding=\"async\" class=\"size-medium wp-image-3031 aligncenter\" src=\"http:\/\/patchworkinspirations.fr\/wp-content\/uploads\/2018\/03\/Annick-Bonnenfant-300x225.jpg\" alt=\"\" width=\"300\" height=\"225\" srcset=\"https:\/\/patchworkinspirations.fr\/wp-content\/uploads\/2018\/03\/Annick-Bonnenfant-300x225.jpg 300w, https:\/\/patchworkinspirations.fr\/wp-content\/uploads\/2018\/03\/Annick-Bonnenfant-768x576.jpg 768w, https:\/\/patchworkinspirations.fr\/wp-content\/uploads\/2018\/03\/Annick-Bonnenfant-1024x768.jpg 1024w, https:\/\/patchworkinspirations.fr\/wp-content\/uploads\/2018\/03\/Annick-Bonnenfant-400x300.jpg 400w, https:\/\/patchworkinspirations.fr\/wp-content\/uploads\/2018\/03\/Annick-Bonnenfant.jpg 1200w\" sizes=\"auto, (max-width: 300px) 100vw, 300px\" \/><\/a><br \/>\nCelui d&rsquo;Annick Bonnenfant du blog <a href=\"http:\/\/lacocottedekiev.over-blog.fr\/\">lacocottedekiev.over-blog.fr\/<\/a><\/p>\n<p><a href=\"http:\/\/patchworkinspirations.fr\/wp-content\/uploads\/2018\/03\/Val\u00e9rie-Anderluzzi-e1520857468598.jpg\"><img loading=\"lazy\" decoding=\"async\" class=\"size-medium wp-image-3041 aligncenter\" src=\"http:\/\/patchworkinspirations.fr\/wp-content\/uploads\/2018\/03\/Val\u00e9rie-Anderluzzi-e1520857468598-300x225.jpg\" alt=\"\" width=\"300\" height=\"225\" srcset=\"https:\/\/patchworkinspirations.fr\/wp-content\/uploads\/2018\/03\/Val\u00e9rie-Anderluzzi-e1520857468598-300x225.jpg 300w, https:\/\/patchworkinspirations.fr\/wp-content\/uploads\/2018\/03\/Val\u00e9rie-Anderluzzi-e1520857468598-768x576.jpg 768w, https:\/\/patchworkinspirations.fr\/wp-content\/uploads\/2018\/03\/Val\u00e9rie-Anderluzzi-e1520857468598-1024x768.jpg 1024w, https:\/\/patchworkinspirations.fr\/wp-content\/uploads\/2018\/03\/Val\u00e9rie-Anderluzzi-e1520857468598-400x300.jpg 400w, https:\/\/patchworkinspirations.fr\/wp-content\/uploads\/2018\/03\/Val\u00e9rie-Anderluzzi-e1520857468598.jpg 1200w\" sizes=\"auto, (max-width: 300px) 100vw, 300px\" \/><\/a><br \/>\nCelui de Val\u00e9rie Anderluzzi.<\/p>\n<p><a href=\"http:\/\/patchworkinspirations.fr\/wp-content\/uploads\/2018\/03\/Sandrine-Lagorce.jpg\"><img loading=\"lazy\" decoding=\"async\" class=\"size-medium wp-image-3046 aligncenter\" src=\"http:\/\/patchworkinspirations.fr\/wp-content\/uploads\/2018\/03\/Sandrine-Lagorce-300x225.jpg\" alt=\"\" width=\"300\" height=\"225\" srcset=\"https:\/\/patchworkinspirations.fr\/wp-content\/uploads\/2018\/03\/Sandrine-Lagorce-300x225.jpg 300w, https:\/\/patchworkinspirations.fr\/wp-content\/uploads\/2018\/03\/Sandrine-Lagorce-768x576.jpg 768w, https:\/\/patchworkinspirations.fr\/wp-content\/uploads\/2018\/03\/Sandrine-Lagorce-1024x768.jpg 1024w, https:\/\/patchworkinspirations.fr\/wp-content\/uploads\/2018\/03\/Sandrine-Lagorce-400x300.jpg 400w, https:\/\/patchworkinspirations.fr\/wp-content\/uploads\/2018\/03\/Sandrine-Lagorce.jpg 1200w\" sizes=\"auto, (max-width: 300px) 100vw, 300px\" \/><\/a><br \/>\nCelui de Sandrine Lagorce.<\/p>\n<p><a href=\"http:\/\/patchworkinspirations.fr\/wp-content\/uploads\/2018\/03\/Muriel-Gendreau.jpg\"><img loading=\"lazy\" decoding=\"async\" class=\"size-medium wp-image-3045 aligncenter\" src=\"http:\/\/patchworkinspirations.fr\/wp-content\/uploads\/2018\/03\/Muriel-Gendreau-300x270.jpg\" alt=\"\" width=\"300\" height=\"270\" srcset=\"https:\/\/patchworkinspirations.fr\/wp-content\/uploads\/2018\/03\/Muriel-Gendreau-300x270.jpg 300w, https:\/\/patchworkinspirations.fr\/wp-content\/uploads\/2018\/03\/Muriel-Gendreau-768x692.jpg 768w, https:\/\/patchworkinspirations.fr\/wp-content\/uploads\/2018\/03\/Muriel-Gendreau-333x300.jpg 333w, https:\/\/patchworkinspirations.fr\/wp-content\/uploads\/2018\/03\/Muriel-Gendreau.jpg 852w\" sizes=\"auto, (max-width: 300px) 100vw, 300px\" \/><\/a><br \/>\nCelui de Muriel Gendreau du blog <a href=\"http:\/\/verveineetlin.canalblog.com\/\">verveineetlin.canalblog.com\/<\/a><\/p>\n<p><a href=\"http:\/\/patchworkinspirations.fr\/wp-content\/uploads\/2018\/03\/Carole-David.jpg\"><img loading=\"lazy\" decoding=\"async\" class=\"size-medium wp-image-3044 aligncenter\" src=\"http:\/\/patchworkinspirations.fr\/wp-content\/uploads\/2018\/03\/Carole-David-300x278.jpg\" alt=\"\" width=\"300\" height=\"278\" srcset=\"https:\/\/patchworkinspirations.fr\/wp-content\/uploads\/2018\/03\/Carole-David-300x278.jpg 300w, https:\/\/patchworkinspirations.fr\/wp-content\/uploads\/2018\/03\/Carole-David-768x710.jpg 768w, https:\/\/patchworkinspirations.fr\/wp-content\/uploads\/2018\/03\/Carole-David-324x300.jpg 324w, https:\/\/patchworkinspirations.fr\/wp-content\/uploads\/2018\/03\/Carole-David.jpg 960w\" sizes=\"auto, (max-width: 300px) 100vw, 300px\" \/><\/a><br \/>\nCelui de Carole David.<\/p>\n<p><a href=\"http:\/\/patchworkinspirations.fr\/wp-content\/uploads\/2018\/03\/Brigitte-Janin.jpg\"><img loading=\"lazy\" decoding=\"async\" class=\"size-medium wp-image-3043 aligncenter\" src=\"http:\/\/patchworkinspirations.fr\/wp-content\/uploads\/2018\/03\/Brigitte-Janin-300x268.jpg\" alt=\"\" width=\"300\" height=\"268\" srcset=\"https:\/\/patchworkinspirations.fr\/wp-content\/uploads\/2018\/03\/Brigitte-Janin-300x268.jpg 300w, https:\/\/patchworkinspirations.fr\/wp-content\/uploads\/2018\/03\/Brigitte-Janin-768x686.jpg 768w, https:\/\/patchworkinspirations.fr\/wp-content\/uploads\/2018\/03\/Brigitte-Janin-336x300.jpg 336w, https:\/\/patchworkinspirations.fr\/wp-content\/uploads\/2018\/03\/Brigitte-Janin.jpg 960w\" sizes=\"auto, (max-width: 300px) 100vw, 300px\" \/><\/a><br \/>\nCelui de Brigitte Janin.<\/p>\n<p><a href=\"http:\/\/patchworkinspirations.fr\/wp-content\/uploads\/2018\/03\/V\u00e9ro-patch.jpg\"><img loading=\"lazy\" decoding=\"async\" class=\"size-medium wp-image-3052 aligncenter\" src=\"http:\/\/patchworkinspirations.fr\/wp-content\/uploads\/2018\/03\/V\u00e9ro-patch-300x300.jpg\" alt=\"\" width=\"300\" height=\"300\" srcset=\"https:\/\/patchworkinspirations.fr\/wp-content\/uploads\/2018\/03\/V\u00e9ro-patch-300x300.jpg 300w, https:\/\/patchworkinspirations.fr\/wp-content\/uploads\/2018\/03\/V\u00e9ro-patch-150x150.jpg 150w, https:\/\/patchworkinspirations.fr\/wp-content\/uploads\/2018\/03\/V\u00e9ro-patch-768x765.jpg 768w, https:\/\/patchworkinspirations.fr\/wp-content\/uploads\/2018\/03\/V\u00e9ro-patch-301x300.jpg 301w, https:\/\/patchworkinspirations.fr\/wp-content\/uploads\/2018\/03\/V\u00e9ro-patch-250x250.jpg 250w, https:\/\/patchworkinspirations.fr\/wp-content\/uploads\/2018\/03\/V\u00e9ro-patch.jpg 960w\" sizes=\"auto, (max-width: 300px) 100vw, 300px\" \/><\/a><br \/>\nCelui de V\u00e9ro patch.<\/p>\n<p><a href=\"http:\/\/patchworkinspirations.fr\/wp-content\/uploads\/2018\/03\/Florence-Schneider.jpg\"><img loading=\"lazy\" decoding=\"async\" class=\"size-medium wp-image-3054 aligncenter\" src=\"http:\/\/patchworkinspirations.fr\/wp-content\/uploads\/2018\/03\/Florence-Schneider-300x274.jpg\" alt=\"\" width=\"300\" height=\"274\" srcset=\"https:\/\/patchworkinspirations.fr\/wp-content\/uploads\/2018\/03\/Florence-Schneider-300x274.jpg 300w, https:\/\/patchworkinspirations.fr\/wp-content\/uploads\/2018\/03\/Florence-Schneider-768x701.jpg 768w, https:\/\/patchworkinspirations.fr\/wp-content\/uploads\/2018\/03\/Florence-Schneider-329x300.jpg 329w, https:\/\/patchworkinspirations.fr\/wp-content\/uploads\/2018\/03\/Florence-Schneider.jpg 960w\" sizes=\"auto, (max-width: 300px) 100vw, 300px\" \/><\/a><br \/>\nCelui de Florence Schneider du blog <a href=\"http:\/\/chezprincessenounouche.blogspot.fr\/\">chezprincessenounouche.blogspot.fr\/<\/a><\/p>\n<p><a href=\"http:\/\/patchworkinspirations.fr\/wp-content\/uploads\/2018\/03\/Marie-Gabrielle-Bonfanti.jpg\"><img loading=\"lazy\" decoding=\"async\" class=\"size-medium wp-image-3056 aligncenter\" src=\"http:\/\/patchworkinspirations.fr\/wp-content\/uploads\/2018\/03\/Marie-Gabrielle-Bonfanti-300x294.jpg\" alt=\"\" width=\"300\" height=\"294\" srcset=\"https:\/\/patchworkinspirations.fr\/wp-content\/uploads\/2018\/03\/Marie-Gabrielle-Bonfanti-300x294.jpg 300w, https:\/\/patchworkinspirations.fr\/wp-content\/uploads\/2018\/03\/Marie-Gabrielle-Bonfanti-768x752.jpg 768w, https:\/\/patchworkinspirations.fr\/wp-content\/uploads\/2018\/03\/Marie-Gabrielle-Bonfanti-306x300.jpg 306w, https:\/\/patchworkinspirations.fr\/wp-content\/uploads\/2018\/03\/Marie-Gabrielle-Bonfanti.jpg 960w\" sizes=\"auto, (max-width: 300px) 100vw, 300px\" \/><\/a><br \/>\nLe top de Marie-Gabrielle Bonfanti du blog <a href=\"http:\/\/lejardinderegina.blogspot.fr\/\">lejardinderegina.blogspot.fr\/<\/a><\/p>\n<p><a href=\"http:\/\/patchworkinspirations.fr\/wp-content\/uploads\/2018\/03\/Brigitte-de-St-Germain.jpg\"><img loading=\"lazy\" decoding=\"async\" class=\"size-medium wp-image-3058 aligncenter\" src=\"http:\/\/patchworkinspirations.fr\/wp-content\/uploads\/2018\/03\/Brigitte-de-St-Germain-300x300.jpg\" alt=\"\" width=\"300\" height=\"300\" srcset=\"https:\/\/patchworkinspirations.fr\/wp-content\/uploads\/2018\/03\/Brigitte-de-St-Germain-300x300.jpg 300w, https:\/\/patchworkinspirations.fr\/wp-content\/uploads\/2018\/03\/Brigitte-de-St-Germain-150x150.jpg 150w, https:\/\/patchworkinspirations.fr\/wp-content\/uploads\/2018\/03\/Brigitte-de-St-Germain-768x771.jpg 768w, https:\/\/patchworkinspirations.fr\/wp-content\/uploads\/2018\/03\/Brigitte-de-St-Germain-299x300.jpg 299w, https:\/\/patchworkinspirations.fr\/wp-content\/uploads\/2018\/03\/Brigitte-de-St-Germain-250x250.jpg 250w, https:\/\/patchworkinspirations.fr\/wp-content\/uploads\/2018\/03\/Brigitte-de-St-Germain.jpg 956w\" sizes=\"auto, (max-width: 300px) 100vw, 300px\" \/><\/a><br \/>\nBrigitte de Saint Germain<\/p>\n<p><a href=\"http:\/\/patchworkinspirations.fr\/wp-content\/uploads\/2018\/03\/Roxanne.jpeg\"><img loading=\"lazy\" decoding=\"async\" class=\"size-medium wp-image-3061 aligncenter\" src=\"http:\/\/patchworkinspirations.fr\/wp-content\/uploads\/2018\/03\/Roxanne-300x288.jpeg\" alt=\"\" width=\"300\" height=\"288\" srcset=\"https:\/\/patchworkinspirations.fr\/wp-content\/uploads\/2018\/03\/Roxanne-300x288.jpeg 300w, https:\/\/patchworkinspirations.fr\/wp-content\/uploads\/2018\/03\/Roxanne-313x300.jpeg 313w, https:\/\/patchworkinspirations.fr\/wp-content\/uploads\/2018\/03\/Roxanne.jpeg 640w\" sizes=\"auto, (max-width: 300px) 100vw, 300px\" \/><\/a><br \/>\nCelui de Roxanne Hooper<\/p>\n<p><a href=\"http:\/\/patchworkinspirations.fr\/wp-content\/uploads\/2018\/03\/Pascale-Cordier.jpg\"><img loading=\"lazy\" decoding=\"async\" class=\"size-medium wp-image-3062 aligncenter\" src=\"http:\/\/patchworkinspirations.fr\/wp-content\/uploads\/2018\/03\/Pascale-Cordier-300x200.jpg\" alt=\"\" width=\"300\" height=\"200\" srcset=\"https:\/\/patchworkinspirations.fr\/wp-content\/uploads\/2018\/03\/Pascale-Cordier-300x200.jpg 300w, https:\/\/patchworkinspirations.fr\/wp-content\/uploads\/2018\/03\/Pascale-Cordier-768x512.jpg 768w, https:\/\/patchworkinspirations.fr\/wp-content\/uploads\/2018\/03\/Pascale-Cordier-1024x682.jpg 1024w, https:\/\/patchworkinspirations.fr\/wp-content\/uploads\/2018\/03\/Pascale-Cordier-450x300.jpg 450w\" sizes=\"auto, (max-width: 300px) 100vw, 300px\" \/><\/a><br \/>\nCelui de Pascale Corcy<\/p>\n<p><a href=\"http:\/\/patchworkinspirations.fr\/wp-content\/uploads\/2018\/03\/Randy.jpg\"><img loading=\"lazy\" decoding=\"async\" class=\"size-medium wp-image-3063 aligncenter\" src=\"http:\/\/patchworkinspirations.fr\/wp-content\/uploads\/2018\/03\/Randy-225x300.jpg\" alt=\"\" width=\"225\" height=\"300\" srcset=\"https:\/\/patchworkinspirations.fr\/wp-content\/uploads\/2018\/03\/Randy-225x300.jpg 225w, https:\/\/patchworkinspirations.fr\/wp-content\/uploads\/2018\/03\/Randy.jpg 720w\" sizes=\"auto, (max-width: 225px) 100vw, 225px\" \/><\/a><br \/>\nCelui de Randy Danto du blog <a href=\"http:\/\/barristersblock.blogspot.fr\/\">barristersblock.blogspot.fr\/<\/a><\/p>\n<p><a href=\"http:\/\/patchworkinspirations.fr\/wp-content\/uploads\/2018\/03\/bas-2.jpg\"><img loading=\"lazy\" decoding=\"async\" class=\"size-medium wp-image-3073 aligncenter\" src=\"http:\/\/patchworkinspirations.fr\/wp-content\/uploads\/2018\/03\/bas-2-300x300.jpg\" alt=\"\" width=\"300\" height=\"300\" srcset=\"https:\/\/patchworkinspirations.fr\/wp-content\/uploads\/2018\/03\/bas-2-300x300.jpg 300w, https:\/\/patchworkinspirations.fr\/wp-content\/uploads\/2018\/03\/bas-2-150x150.jpg 150w, https:\/\/patchworkinspirations.fr\/wp-content\/uploads\/2018\/03\/bas-2-768x769.jpg 768w, https:\/\/patchworkinspirations.fr\/wp-content\/uploads\/2018\/03\/bas-2-1024x1024.jpg 1024w, https:\/\/patchworkinspirations.fr\/wp-content\/uploads\/2018\/03\/bas-2-250x250.jpg 250w, https:\/\/patchworkinspirations.fr\/wp-content\/uploads\/2018\/03\/bas-2.jpg 1121w\" sizes=\"auto, (max-width: 300px) 100vw, 300px\" \/><\/a><br \/>\nVoici les blocs de Chantal du blog <a href=\"http:\/\/atthecornerofscrapandquilts.blogspot.fr\/\">atthecornerofscrapandquilts.blogspot.fr\/<\/a><\/p>\n<p><a href=\"http:\/\/patchworkinspirations.fr\/wp-content\/uploads\/2018\/03\/Chrystie.jpg\"><img loading=\"lazy\" decoding=\"async\" class=\"size-medium wp-image-3075 aligncenter\" src=\"http:\/\/patchworkinspirations.fr\/wp-content\/uploads\/2018\/03\/Chrystie-288x300.jpg\" alt=\"\" width=\"288\" height=\"300\" srcset=\"https:\/\/patchworkinspirations.fr\/wp-content\/uploads\/2018\/03\/Chrystie-288x300.jpg 288w, https:\/\/patchworkinspirations.fr\/wp-content\/uploads\/2018\/03\/Chrystie-768x801.jpg 768w, https:\/\/patchworkinspirations.fr\/wp-content\/uploads\/2018\/03\/Chrystie.jpg 921w\" sizes=\"auto, (max-width: 288px) 100vw, 288px\" \/><\/a><br \/>\nCelui de Chrystie Abbe<\/p>\n<p><a href=\"http:\/\/patchworkinspirations.fr\/wp-content\/uploads\/2018\/03\/Fr\u00e9d\u00e9rique-Proust.jpg\"><img loading=\"lazy\" decoding=\"async\" class=\"size-medium wp-image-3076 aligncenter\" src=\"http:\/\/patchworkinspirations.fr\/wp-content\/uploads\/2018\/03\/Fr\u00e9d\u00e9rique-Proust-169x300.jpg\" alt=\"\" width=\"169\" height=\"300\" srcset=\"https:\/\/patchworkinspirations.fr\/wp-content\/uploads\/2018\/03\/Fr\u00e9d\u00e9rique-Proust-169x300.jpg 169w, https:\/\/patchworkinspirations.fr\/wp-content\/uploads\/2018\/03\/Fr\u00e9d\u00e9rique-Proust.jpg 540w\" sizes=\"auto, (max-width: 169px) 100vw, 169px\" \/><\/a><br \/>\nCelui de Fr\u00e9d\u00e9rique Proust du blog <a href=\"http:\/\/patchdours.wordpress.com\/\">patchdours.wordpress.com\/<\/a><\/p>\n<p><a href=\"http:\/\/patchworkinspirations.fr\/wp-content\/uploads\/2018\/03\/montage-4.jpg\"><img loading=\"lazy\" decoding=\"async\" class=\"size-full wp-image-3078 aligncenter\" src=\"http:\/\/patchworkinspirations.fr\/wp-content\/uploads\/2018\/03\/montage-4.jpg\" alt=\"\" width=\"255\" height=\"214\" \/><\/a><br \/>\nCelui de Monique Magron<\/p>\n<p>N&rsquo;h\u00e9sitez pas \u00e0 m&rsquo;envoyer vos photos pour celles qui n&rsquo;ont pas encore termin\u00e9. Je les rajouterai avec plaisir.<\/p>\n<p>Je remercie par ailleurs les sponsors et leurs cadeaux<\/p>\n<p><a href=\"http:\/\/patchworkinspirations.fr\/wp-content\/uploads\/2017\/12\/IMG_0345.jpg\"><img loading=\"lazy\" decoding=\"async\" class=\"size-medium wp-image-2825 aligncenter\" src=\"http:\/\/patchworkinspirations.fr\/wp-content\/uploads\/2017\/12\/IMG_0345-300x225.jpg\" alt=\"\" width=\"300\" height=\"225\" srcset=\"https:\/\/patchworkinspirations.fr\/wp-content\/uploads\/2017\/12\/IMG_0345-300x225.jpg 300w, https:\/\/patchworkinspirations.fr\/wp-content\/uploads\/2017\/12\/IMG_0345-768x576.jpg 768w, https:\/\/patchworkinspirations.fr\/wp-content\/uploads\/2017\/12\/IMG_0345-1024x768.jpg 1024w, https:\/\/patchworkinspirations.fr\/wp-content\/uploads\/2017\/12\/IMG_0345-400x300.jpg 400w, https:\/\/patchworkinspirations.fr\/wp-content\/uploads\/2017\/12\/IMG_0345.jpg 1200w\" sizes=\"auto, (max-width: 300px) 100vw, 300px\" \/><\/a><br \/>\n<a href=\"http:\/\/patchworkinspirations.fr\/wp-content\/uploads\/2017\/11\/logo-modern-patchwork-carre.jpg\"><img loading=\"lazy\" decoding=\"async\" class=\"size-medium wp-image-2791 aligncenter\" src=\"http:\/\/patchworkinspirations.fr\/wp-content\/uploads\/2017\/11\/logo-modern-patchwork-carre-300x300.jpg\" alt=\"\" width=\"300\" height=\"300\" srcset=\"https:\/\/patchworkinspirations.fr\/wp-content\/uploads\/2017\/11\/logo-modern-patchwork-carre-300x300.jpg 300w, https:\/\/patchworkinspirations.fr\/wp-content\/uploads\/2017\/11\/logo-modern-patchwork-carre-150x150.jpg 150w, https:\/\/patchworkinspirations.fr\/wp-content\/uploads\/2017\/11\/logo-modern-patchwork-carre-768x768.jpg 768w, https:\/\/patchworkinspirations.fr\/wp-content\/uploads\/2017\/11\/logo-modern-patchwork-carre-1024x1024.jpg 1024w, https:\/\/patchworkinspirations.fr\/wp-content\/uploads\/2017\/11\/logo-modern-patchwork-carre-250x250.jpg 250w, https:\/\/patchworkinspirations.fr\/wp-content\/uploads\/2017\/11\/logo-modern-patchwork-carre.jpg 1200w\" sizes=\"auto, (max-width: 300px) 100vw, 300px\" \/><\/a><br \/>\nMerci beaucoup S\u00e9bastien ! \ud83d\ude42<\/p>\n<p><a href=\"http:\/\/patchworkinspirations.fr\/wp-content\/uploads\/2017\/12\/IMG_0344.jpg\"><img loading=\"lazy\" decoding=\"async\" class=\"size-medium wp-image-2824 aligncenter\" src=\"http:\/\/patchworkinspirations.fr\/wp-content\/uploads\/2017\/12\/IMG_0344-300x225.jpg\" alt=\"\" width=\"300\" height=\"225\" srcset=\"https:\/\/patchworkinspirations.fr\/wp-content\/uploads\/2017\/12\/IMG_0344-300x225.jpg 300w, https:\/\/patchworkinspirations.fr\/wp-content\/uploads\/2017\/12\/IMG_0344-768x576.jpg 768w, https:\/\/patchworkinspirations.fr\/wp-content\/uploads\/2017\/12\/IMG_0344-1024x768.jpg 1024w, https:\/\/patchworkinspirations.fr\/wp-content\/uploads\/2017\/12\/IMG_0344-400x300.jpg 400w, https:\/\/patchworkinspirations.fr\/wp-content\/uploads\/2017\/12\/IMG_0344.jpg 1200w\" sizes=\"auto, (max-width: 300px) 100vw, 300px\" \/><\/a><br \/>\n<a href=\"http:\/\/patchworkinspirations.fr\/wp-content\/uploads\/2017\/11\/AURIfil-logo.jpg\"><img loading=\"lazy\" decoding=\"async\" class=\"size-medium wp-image-2790 aligncenter\" src=\"http:\/\/patchworkinspirations.fr\/wp-content\/uploads\/2017\/11\/AURIfil-logo-300x117.jpg\" alt=\"\" width=\"300\" height=\"117\" srcset=\"https:\/\/patchworkinspirations.fr\/wp-content\/uploads\/2017\/11\/AURIfil-logo-300x117.jpg 300w, https:\/\/patchworkinspirations.fr\/wp-content\/uploads\/2017\/11\/AURIfil-logo.jpg 350w\" sizes=\"auto, (max-width: 300px) 100vw, 300px\" \/><\/a><br \/>\nGrazie mille Alex ! \ud83d\ude42<\/p>\n<p><a href=\"http:\/\/patchworkinspirations.fr\/wp-content\/uploads\/2017\/11\/logo-quiltmania.jpg\"><img loading=\"lazy\" decoding=\"async\" class=\"size-medium wp-image-2792 aligncenter\" src=\"http:\/\/patchworkinspirations.fr\/wp-content\/uploads\/2017\/11\/logo-quiltmania-300x69.jpg\" alt=\"\" width=\"300\" height=\"69\" \/><\/a><br \/>\n5 livres de Yoko Sa\u00efto \u00a0\u00bb Les mod\u00e8les traditionnels\u00a0\u00bb ainsi qu&rsquo;un abonnement d&rsquo;une ann\u00e9e pour une personne.<br \/>\nMerci beaucoup Sarah ! \ud83d\ude42<\/p>\n<p>A pr\u00e9sent place au quilting ! Je vous laisse un mois (jusqu&rsquo;au 15 avril) pour me pr\u00e9senter votre ouvrage termin\u00e9. En voyant toutes ces belles r\u00e9alisations, je suis heureuse de ne pas avoir \u00e0 choisir pour les cadeaux mais qu&rsquo;un tirage au sort tranche pour moi&#8230;. j&rsquo;aurais \u00e9t\u00e9 bien incapable de faire un choix tellement vous avez bien travaill\u00e9&#8230;.<br \/>\nF\u00e9licitations \u00e0 vous toutes !<\/p>\n<p>Je vous remercie pour vos visites.<br \/>\nHappy quilting !<br \/>\nC\u00e9cile<\/p>\n","protected":false},"excerpt":{"rendered":"<p>Bonjour ! Aujourd&rsquo;hui 15 mars correspond \u00e0 l&rsquo;\u00e9tape du top termin\u00e9 ! Normalement vous devriez me montrer votre top avec un minimum de 16 blocs assembl\u00e9s ! Certaines ont pris de l&rsquo;avance et ont d\u00e9j\u00e0 quilt\u00e9 leur ouvrage ! Wow &hellip; <a href=\"https:\/\/patchworkinspirations.fr\/?p=3037\">Continuer la lecture <span class=\"meta-nav\">&rarr;<\/span><\/a><\/p>\n","protected":false},"author":1,"featured_media":0,"comment_status":"open","ping_status":"open","sticky":false,"template":"","format":"standard","meta":{"footnotes":""},"categories":[1],"tags":[],"class_list":["post-3037","post","type-post","status-publish","format-standard","hentry","category-non-classe"],"_links":{"self":[{"href":"https:\/\/patchworkinspirations.fr\/index.php?rest_route=\/wp\/v2\/posts\/3037","targetHints":{"allow":["GET"]}}],"collection":[{"href":"https:\/\/patchworkinspirations.fr\/index.php?rest_route=\/wp\/v2\/posts"}],"about":[{"href":"https:\/\/patchworkinspirations.fr\/index.php?rest_route=\/wp\/v2\/types\/post"}],"author":[{"embeddable":true,"href":"https:\/\/patchworkinspirations.fr\/index.php?rest_route=\/wp\/v2\/users\/1"}],"replies":[{"embeddable":true,"href":"https:\/\/patchworkinspirations.fr\/index.php?rest_route=%2Fwp%2Fv2%2Fcomments&post=3037"}],"version-history":[{"count":22,"href":"https:\/\/patchworkinspirations.fr\/index.php?rest_route=\/wp\/v2\/posts\/3037\/revisions"}],"predecessor-version":[{"id":3079,"href":"https:\/\/patchworkinspirations.fr\/index.php?rest_route=\/wp\/v2\/posts\/3037\/revisions\/3079"}],"wp:attachment":[{"href":"https:\/\/patchworkinspirations.fr\/index.php?rest_route=%2Fwp%2Fv2%2Fmedia&parent=3037"}],"wp:term":[{"taxonomy":"category","embeddable":true,"href":"https:\/\/patchworkinspirations.fr\/index.php?rest_route=%2Fwp%2Fv2%2Fcategories&post=3037"},{"taxonomy":"post_tag","embeddable":true,"href":"https:\/\/patchworkinspirations.fr\/index.php?rest_route=%2Fwp%2Fv2%2Ftags&post=3037"}],"curies":[{"name":"wp","href":"https:\/\/api.w.org\/{rel}","templated":true}]}}