{"id":2962,"date":"2018-02-24T11:16:54","date_gmt":"2018-02-24T10:16:54","guid":{"rendered":"http:\/\/patchworkinspirations.fr\/?p=2962"},"modified":"2018-02-24T11:16:54","modified_gmt":"2018-02-24T10:16:54","slug":"ja-de-france-patchwork-national","status":"publish","type":"post","link":"https:\/\/patchworkinspirations.fr\/?p=2962","title":{"rendered":"JA de France Patchwork National"},"content":{"rendered":"<div class=\"fcbkbttn_buttons_block\" id=\"fcbkbttn_left\"><div class=\"fcbkbttn_button\">\n\t\t\t\t\t<a href=\"https:\/\/www.facebook.com\/http:\/\/facebook.com\/patchworkinspirations\" target=\"_blank\">\n\t\t\t\t\t\t<img decoding=\"async\" src=\"https:\/\/patchworkinspirations.fr\/wp-content\/plugins\/facebook-button-plugin\/images\/standard-facebook-ico.png\" alt=\"Fb-Button\" \/>\n\t\t\t\t\t<\/a>\n\t\t\t\t<\/div><div class=\"fcbkbttn_like \"><fb:like href=\"https:\/\/patchworkinspirations.fr\/?p=2962\" action=\"like\" colorscheme=\"light\" layout=\"button_count\"  size=\"small\"><\/fb:like><\/div><div class=\"fb-share-button  \" data-href=\"https:\/\/patchworkinspirations.fr\/?p=2962\" data-type=\"button_count\" data-size=\"small\"><\/div><\/div><p>Bonjour,<\/p>\n<p>Le mardi 20 mars, sera organis\u00e9e \u00e0 Saint Denis sur Loire pr\u00e9s de Blois dans le Loir-et-Cher une journ\u00e9e de l&rsquo;amiti\u00e9 exceptionnelle de France Patchwork national !<br \/>\nCette journ\u00e9e s&rsquo;adresse bien \u00e9videmment aux adh\u00e9rentes de FP mais AUSSI aux NON-ADHERENTES !<\/p>\n<p>Vous y d\u00e9couvrirez un cours de Maryse Allard sur le Pojagi.<\/p>\n<p>VENEZ NOMBREUSES !!<\/p>\n<p>Je vous joints le bulletin d&rsquo;inscription \u00e0 retourner d\u00fbment compl\u00e9t\u00e9 avant le 15 mars. Merci !<\/p>\n<p><a href=\"http:\/\/patchworkinspirations.fr\/wp-content\/uploads\/2018\/02\/BULLETIN-JA-de-St-Denis-sur-Loire-.docx\">BULLETIN JA de St Denis sur Loire<\/a><\/p>\n<p>C&rsquo;est l&rsquo;occasion de d\u00e9couvrir notre formidable association et de passer une journ\u00e9e agr\u00e9able avec les passionn\u00e9es de patchwork et autres travaux d&rsquo;aiguille ! <\/p>\n<p>Bon week-end \u00e0 toutes !<br \/>\nC\u00e9cile<\/p>\n","protected":false},"excerpt":{"rendered":"<p>Bonjour, Le mardi 20 mars, sera organis\u00e9e \u00e0 Saint Denis sur Loire pr\u00e9s de Blois dans le Loir-et-Cher une journ\u00e9e de l&rsquo;amiti\u00e9 exceptionnelle de France Patchwork national ! Cette journ\u00e9e s&rsquo;adresse bien \u00e9videmment aux adh\u00e9rentes de FP mais AUSSI aux &hellip; <a href=\"https:\/\/patchworkinspirations.fr\/?p=2962\">Continuer la lecture <span class=\"meta-nav\">&rarr;<\/span><\/a><\/p>\n","protected":false},"author":1,"featured_media":0,"comment_status":"open","ping_status":"open","sticky":false,"template":"","format":"standard","meta":{"footnotes":""},"categories":[1],"tags":[],"class_list":["post-2962","post","type-post","status-publish","format-standard","hentry","category-non-classe"],"_links":{"self":[{"href":"https:\/\/patchworkinspirations.fr\/index.php?rest_route=\/wp\/v2\/posts\/2962","targetHints":{"allow":["GET"]}}],"collection":[{"href":"https:\/\/patchworkinspirations.fr\/index.php?rest_route=\/wp\/v2\/posts"}],"about":[{"href":"https:\/\/patchworkinspirations.fr\/index.php?rest_route=\/wp\/v2\/types\/post"}],"author":[{"embeddable":true,"href":"https:\/\/patchworkinspirations.fr\/index.php?rest_route=\/wp\/v2\/users\/1"}],"replies":[{"embeddable":true,"href":"https:\/\/patchworkinspirations.fr\/index.php?rest_route=%2Fwp%2Fv2%2Fcomments&post=2962"}],"version-history":[{"count":2,"href":"https:\/\/patchworkinspirations.fr\/index.php?rest_route=\/wp\/v2\/posts\/2962\/revisions"}],"predecessor-version":[{"id":2965,"href":"https:\/\/patchworkinspirations.fr\/index.php?rest_route=\/wp\/v2\/posts\/2962\/revisions\/2965"}],"wp:attachment":[{"href":"https:\/\/patchworkinspirations.fr\/index.php?rest_route=%2Fwp%2Fv2%2Fmedia&parent=2962"}],"wp:term":[{"taxonomy":"category","embeddable":true,"href":"https:\/\/patchworkinspirations.fr\/index.php?rest_route=%2Fwp%2Fv2%2Fcategories&post=2962"},{"taxonomy":"post_tag","embeddable":true,"href":"https:\/\/patchworkinspirations.fr\/index.php?rest_route=%2Fwp%2Fv2%2Ftags&post=2962"}],"curies":[{"name":"wp","href":"https:\/\/api.w.org\/{rel}","templated":true}]}}