{"id":2954,"date":"2018-02-15T10:31:48","date_gmt":"2018-02-15T09:31:48","guid":{"rendered":"http:\/\/patchworkinspirations.fr\/?p=2954"},"modified":"2018-02-15T10:31:48","modified_gmt":"2018-02-15T09:31:48","slug":"le-club-de-naveil","status":"publish","type":"post","link":"https:\/\/patchworkinspirations.fr\/?p=2954","title":{"rendered":"Le club de Naveil !"},"content":{"rendered":"<div class=\"fcbkbttn_buttons_block\" id=\"fcbkbttn_left\"><div class=\"fcbkbttn_button\">\n\t\t\t\t\t<a href=\"https:\/\/www.facebook.com\/http:\/\/facebook.com\/patchworkinspirations\" target=\"_blank\">\n\t\t\t\t\t\t<img decoding=\"async\" src=\"https:\/\/patchworkinspirations.fr\/wp-content\/plugins\/facebook-button-plugin\/images\/standard-facebook-ico.png\" alt=\"Fb-Button\" \/>\n\t\t\t\t\t<\/a>\n\t\t\t\t<\/div><div class=\"fcbkbttn_like \"><fb:like href=\"https:\/\/patchworkinspirations.fr\/?p=2954\" action=\"like\" colorscheme=\"light\" layout=\"button_count\"  size=\"small\"><\/fb:like><\/div><div class=\"fb-share-button  \" data-href=\"https:\/\/patchworkinspirations.fr\/?p=2954\" data-type=\"button_count\" data-size=\"small\"><\/div><\/div><p>Bonjour,<\/p>\n<p>Vous savez que depuis septembre, je fais partie du club de patch du village de Naveil. Et de temps en temps, je vous montre les travaux des quilteuses en cours&#8230;<br \/>\nAlors sans plus attendre voici un petit \u00ab\u00a0show and tell\u00a0\u00bb ..<\/p>\n<p>Un quilt de No\u00ebl d&rsquo;Eveline<br \/>\n<a href=\"http:\/\/patchworkinspirations.fr\/wp-content\/uploads\/2018\/02\/P1080959.jpg\"><img loading=\"lazy\" decoding=\"async\" class=\"size-medium wp-image-2943 aligncenter\" src=\"http:\/\/patchworkinspirations.fr\/wp-content\/uploads\/2018\/02\/P1080959-300x225.jpg\" alt=\"\" width=\"300\" height=\"225\" srcset=\"https:\/\/patchworkinspirations.fr\/wp-content\/uploads\/2018\/02\/P1080959-300x225.jpg 300w, https:\/\/patchworkinspirations.fr\/wp-content\/uploads\/2018\/02\/P1080959-768x576.jpg 768w, https:\/\/patchworkinspirations.fr\/wp-content\/uploads\/2018\/02\/P1080959-1024x768.jpg 1024w, https:\/\/patchworkinspirations.fr\/wp-content\/uploads\/2018\/02\/P1080959-400x300.jpg 400w, https:\/\/patchworkinspirations.fr\/wp-content\/uploads\/2018\/02\/P1080959.jpg 1200w\" sizes=\"auto, (max-width: 300px) 100vw, 300px\" \/><\/a><\/p>\n<p><a href=\"http:\/\/patchworkinspirations.fr\/wp-content\/uploads\/2018\/02\/P1080960-e1518526934589.jpg\"><img loading=\"lazy\" decoding=\"async\" class=\"size-medium wp-image-2944 aligncenter\" src=\"http:\/\/patchworkinspirations.fr\/wp-content\/uploads\/2018\/02\/P1080960-e1518526934589-225x300.jpg\" alt=\"\" width=\"225\" height=\"300\" srcset=\"https:\/\/patchworkinspirations.fr\/wp-content\/uploads\/2018\/02\/P1080960-e1518526934589-225x300.jpg 225w, https:\/\/patchworkinspirations.fr\/wp-content\/uploads\/2018\/02\/P1080960-e1518526934589-768x1024.jpg 768w, https:\/\/patchworkinspirations.fr\/wp-content\/uploads\/2018\/02\/P1080960-e1518526934589.jpg 900w\" sizes=\"auto, (max-width: 225px) 100vw, 225px\" \/><\/a><\/p>\n<p><a href=\"http:\/\/patchworkinspirations.fr\/wp-content\/uploads\/2018\/02\/P1080961-e1518526911784.jpg\"><img loading=\"lazy\" decoding=\"async\" class=\"size-medium wp-image-2945 aligncenter\" src=\"http:\/\/patchworkinspirations.fr\/wp-content\/uploads\/2018\/02\/P1080961-e1518526911784-225x300.jpg\" alt=\"\" width=\"225\" height=\"300\" srcset=\"https:\/\/patchworkinspirations.fr\/wp-content\/uploads\/2018\/02\/P1080961-e1518526911784-225x300.jpg 225w, https:\/\/patchworkinspirations.fr\/wp-content\/uploads\/2018\/02\/P1080961-e1518526911784-768x1024.jpg 768w, https:\/\/patchworkinspirations.fr\/wp-content\/uploads\/2018\/02\/P1080961-e1518526911784.jpg 900w\" sizes=\"auto, (max-width: 225px) 100vw, 225px\" \/><\/a><br \/>\nLes deux l\u00e0 sont des quilts pour enfants avec une \u00e9paisse ouatine. On le devine gr\u00e2ce aux n\u0153uds qui maintiennent les ensembles. Il y en avait un de Marie et un autre de Lysiane.<\/p>\n<p><a href=\"http:\/\/patchworkinspirations.fr\/wp-content\/uploads\/2018\/02\/P1080968.jpg\"><img loading=\"lazy\" decoding=\"async\" class=\"size-medium wp-image-2946 aligncenter\" src=\"http:\/\/patchworkinspirations.fr\/wp-content\/uploads\/2018\/02\/P1080968-300x225.jpg\" alt=\"\" width=\"300\" height=\"225\" srcset=\"https:\/\/patchworkinspirations.fr\/wp-content\/uploads\/2018\/02\/P1080968-300x225.jpg 300w, https:\/\/patchworkinspirations.fr\/wp-content\/uploads\/2018\/02\/P1080968-768x576.jpg 768w, https:\/\/patchworkinspirations.fr\/wp-content\/uploads\/2018\/02\/P1080968-1024x768.jpg 1024w, https:\/\/patchworkinspirations.fr\/wp-content\/uploads\/2018\/02\/P1080968-400x300.jpg 400w, https:\/\/patchworkinspirations.fr\/wp-content\/uploads\/2018\/02\/P1080968.jpg 1200w\" sizes=\"auto, (max-width: 300px) 100vw, 300px\" \/><\/a><br \/>\nCelui-ci a \u00e9t\u00e9 r\u00e9alis\u00e9 par Marie-Claire.<\/p>\n<p>Les deux suivants sont de Colette chez qui j&rsquo;\u00e9tais gentiment invit\u00e9e et j&rsquo;ai pu admirer deux de ses beaux quilts&#8230;<\/p>\n<p><a href=\"http:\/\/patchworkinspirations.fr\/wp-content\/uploads\/2018\/02\/P1080973-e1518526893411.jpg\"><img loading=\"lazy\" decoding=\"async\" class=\"size-medium wp-image-2947 aligncenter\" src=\"http:\/\/patchworkinspirations.fr\/wp-content\/uploads\/2018\/02\/P1080973-e1518526893411-225x300.jpg\" alt=\"\" width=\"225\" height=\"300\" srcset=\"https:\/\/patchworkinspirations.fr\/wp-content\/uploads\/2018\/02\/P1080973-e1518526893411-225x300.jpg 225w, https:\/\/patchworkinspirations.fr\/wp-content\/uploads\/2018\/02\/P1080973-e1518526893411-768x1024.jpg 768w, https:\/\/patchworkinspirations.fr\/wp-content\/uploads\/2018\/02\/P1080973-e1518526893411.jpg 900w\" sizes=\"auto, (max-width: 225px) 100vw, 225px\" \/><\/a><\/p>\n<p><a href=\"http:\/\/patchworkinspirations.fr\/wp-content\/uploads\/2018\/02\/P1080975.jpg\"><img loading=\"lazy\" decoding=\"async\" class=\"size-medium wp-image-2948 aligncenter\" src=\"http:\/\/patchworkinspirations.fr\/wp-content\/uploads\/2018\/02\/P1080975-300x225.jpg\" alt=\"\" width=\"300\" height=\"225\" srcset=\"https:\/\/patchworkinspirations.fr\/wp-content\/uploads\/2018\/02\/P1080975-300x225.jpg 300w, https:\/\/patchworkinspirations.fr\/wp-content\/uploads\/2018\/02\/P1080975-768x576.jpg 768w, https:\/\/patchworkinspirations.fr\/wp-content\/uploads\/2018\/02\/P1080975-1024x768.jpg 1024w, https:\/\/patchworkinspirations.fr\/wp-content\/uploads\/2018\/02\/P1080975-400x300.jpg 400w, https:\/\/patchworkinspirations.fr\/wp-content\/uploads\/2018\/02\/P1080975.jpg 1200w\" sizes=\"auto, (max-width: 300px) 100vw, 300px\" \/><\/a><\/p>\n<p>Celui-ci en cours, est de Fran\u00e7oise.<br \/>\n<a href=\"http:\/\/patchworkinspirations.fr\/wp-content\/uploads\/2018\/02\/P1090009.jpg\"><img loading=\"lazy\" decoding=\"async\" class=\"size-medium wp-image-2949 aligncenter\" src=\"http:\/\/patchworkinspirations.fr\/wp-content\/uploads\/2018\/02\/P1090009-300x225.jpg\" alt=\"\" width=\"300\" height=\"225\" srcset=\"https:\/\/patchworkinspirations.fr\/wp-content\/uploads\/2018\/02\/P1090009-300x225.jpg 300w, https:\/\/patchworkinspirations.fr\/wp-content\/uploads\/2018\/02\/P1090009-768x576.jpg 768w, https:\/\/patchworkinspirations.fr\/wp-content\/uploads\/2018\/02\/P1090009-1024x768.jpg 1024w, https:\/\/patchworkinspirations.fr\/wp-content\/uploads\/2018\/02\/P1090009-400x300.jpg 400w, https:\/\/patchworkinspirations.fr\/wp-content\/uploads\/2018\/02\/P1090009.jpg 1200w\" sizes=\"auto, (max-width: 300px) 100vw, 300px\" \/><\/a><\/p>\n<p>Eveline a aussi fait de la dentelle aux fuseaux et en voici quelques exemplaires&#8230; de toute beaut\u00e9 !<\/p>\n<p><a href=\"http:\/\/patchworkinspirations.fr\/wp-content\/uploads\/2018\/02\/P1090011.jpg\"><img loading=\"lazy\" decoding=\"async\" class=\"size-medium wp-image-2950 aligncenter\" src=\"http:\/\/patchworkinspirations.fr\/wp-content\/uploads\/2018\/02\/P1090011-300x225.jpg\" alt=\"\" width=\"300\" height=\"225\" srcset=\"https:\/\/patchworkinspirations.fr\/wp-content\/uploads\/2018\/02\/P1090011-300x225.jpg 300w, https:\/\/patchworkinspirations.fr\/wp-content\/uploads\/2018\/02\/P1090011-768x576.jpg 768w, https:\/\/patchworkinspirations.fr\/wp-content\/uploads\/2018\/02\/P1090011-1024x768.jpg 1024w, https:\/\/patchworkinspirations.fr\/wp-content\/uploads\/2018\/02\/P1090011-400x300.jpg 400w, https:\/\/patchworkinspirations.fr\/wp-content\/uploads\/2018\/02\/P1090011.jpg 1200w\" sizes=\"auto, (max-width: 300px) 100vw, 300px\" \/><\/a><br \/>\n<a href=\"http:\/\/patchworkinspirations.fr\/wp-content\/uploads\/2018\/02\/P1090014.jpg\"><img loading=\"lazy\" decoding=\"async\" class=\"size-medium wp-image-2951 aligncenter\" src=\"http:\/\/patchworkinspirations.fr\/wp-content\/uploads\/2018\/02\/P1090014-300x225.jpg\" alt=\"\" width=\"300\" height=\"225\" srcset=\"https:\/\/patchworkinspirations.fr\/wp-content\/uploads\/2018\/02\/P1090014-300x225.jpg 300w, https:\/\/patchworkinspirations.fr\/wp-content\/uploads\/2018\/02\/P1090014-768x576.jpg 768w, https:\/\/patchworkinspirations.fr\/wp-content\/uploads\/2018\/02\/P1090014-1024x768.jpg 1024w, https:\/\/patchworkinspirations.fr\/wp-content\/uploads\/2018\/02\/P1090014-400x300.jpg 400w, https:\/\/patchworkinspirations.fr\/wp-content\/uploads\/2018\/02\/P1090014.jpg 1200w\" sizes=\"auto, (max-width: 300px) 100vw, 300px\" \/><\/a><br \/>\n<a href=\"http:\/\/patchworkinspirations.fr\/wp-content\/uploads\/2018\/02\/P1090016.jpg\"><img loading=\"lazy\" decoding=\"async\" class=\"size-medium wp-image-2952 aligncenter\" src=\"http:\/\/patchworkinspirations.fr\/wp-content\/uploads\/2018\/02\/P1090016-300x225.jpg\" alt=\"\" width=\"300\" height=\"225\" srcset=\"https:\/\/patchworkinspirations.fr\/wp-content\/uploads\/2018\/02\/P1090016-300x225.jpg 300w, https:\/\/patchworkinspirations.fr\/wp-content\/uploads\/2018\/02\/P1090016-768x576.jpg 768w, https:\/\/patchworkinspirations.fr\/wp-content\/uploads\/2018\/02\/P1090016-1024x768.jpg 1024w, https:\/\/patchworkinspirations.fr\/wp-content\/uploads\/2018\/02\/P1090016-400x300.jpg 400w, https:\/\/patchworkinspirations.fr\/wp-content\/uploads\/2018\/02\/P1090016.jpg 1200w\" sizes=\"auto, (max-width: 300px) 100vw, 300px\" \/><\/a><br \/>\n<a href=\"http:\/\/patchworkinspirations.fr\/wp-content\/uploads\/2018\/02\/P1090017.jpg\"><img loading=\"lazy\" decoding=\"async\" class=\"size-medium wp-image-2953 aligncenter\" src=\"http:\/\/patchworkinspirations.fr\/wp-content\/uploads\/2018\/02\/P1090017-300x225.jpg\" alt=\"\" width=\"300\" height=\"225\" srcset=\"https:\/\/patchworkinspirations.fr\/wp-content\/uploads\/2018\/02\/P1090017-300x225.jpg 300w, https:\/\/patchworkinspirations.fr\/wp-content\/uploads\/2018\/02\/P1090017-768x576.jpg 768w, https:\/\/patchworkinspirations.fr\/wp-content\/uploads\/2018\/02\/P1090017-1024x768.jpg 1024w, https:\/\/patchworkinspirations.fr\/wp-content\/uploads\/2018\/02\/P1090017-400x300.jpg 400w, https:\/\/patchworkinspirations.fr\/wp-content\/uploads\/2018\/02\/P1090017.jpg 1200w\" sizes=\"auto, (max-width: 300px) 100vw, 300px\" \/><\/a><\/p>\n<p><em>Une date \u00e0 retenir !<\/em><\/p>\n<p>Si vous habitez la r\u00e9gion Centre-Val de Loire, notre club organise, comme chaque ann\u00e9e, sa journ\u00e9e d&rsquo;amiti\u00e9 le mardi 27 mars ! Naveil est un village limitrophe \u00e0 Vend\u00f4me, qui se situe au nord de Blois, \u00e0 environ 30 minutes en voiture !<br \/>\nVenez nombreuses ! Nous serons ravies de vous accueillir&#8230;l&rsquo;ann\u00e9e derni\u00e8re, vous \u00e9tiez plus de 160 \u00e0 avoir pass\u00e9 la journ\u00e9e en notre compagnie !<br \/>\nComme d&rsquo;habitude une tombola sera organis\u00e9e et de nombreux lots, confectionn\u00e9s par nous toutes vous attendront dont un quilt r\u00e9alis\u00e9 par le club (nous y travaillons depuis octobre !).<\/p>\n<p>Pour tous renseignements, contactez notre pr\u00e9sidente, Marie Braem \u00e0 l&rsquo;adresse internet suivante : maebrm@hotmail.fr<\/p>\n<p>Marie se fera un plaisir de vous donner tous les renseignements souhait\u00e9s.<\/p>\n<p>Je vous remercie de vos visites.<br \/>\nHappy quilting !<br \/>\nC\u00e9cile<\/p>\n","protected":false},"excerpt":{"rendered":"<p>Bonjour, Vous savez que depuis septembre, je fais partie du club de patch du village de Naveil. Et de temps en temps, je vous montre les travaux des quilteuses en cours&#8230; Alors sans plus attendre voici un petit \u00ab\u00a0show and &hellip; <a href=\"https:\/\/patchworkinspirations.fr\/?p=2954\">Continuer la lecture <span class=\"meta-nav\">&rarr;<\/span><\/a><\/p>\n","protected":false},"author":1,"featured_media":0,"comment_status":"open","ping_status":"open","sticky":false,"template":"","format":"standard","meta":{"footnotes":""},"categories":[1],"tags":[],"class_list":["post-2954","post","type-post","status-publish","format-standard","hentry","category-non-classe"],"_links":{"self":[{"href":"https:\/\/patchworkinspirations.fr\/index.php?rest_route=\/wp\/v2\/posts\/2954","targetHints":{"allow":["GET"]}}],"collection":[{"href":"https:\/\/patchworkinspirations.fr\/index.php?rest_route=\/wp\/v2\/posts"}],"about":[{"href":"https:\/\/patchworkinspirations.fr\/index.php?rest_route=\/wp\/v2\/types\/post"}],"author":[{"embeddable":true,"href":"https:\/\/patchworkinspirations.fr\/index.php?rest_route=\/wp\/v2\/users\/1"}],"replies":[{"embeddable":true,"href":"https:\/\/patchworkinspirations.fr\/index.php?rest_route=%2Fwp%2Fv2%2Fcomments&post=2954"}],"version-history":[{"count":6,"href":"https:\/\/patchworkinspirations.fr\/index.php?rest_route=\/wp\/v2\/posts\/2954\/revisions"}],"predecessor-version":[{"id":2960,"href":"https:\/\/patchworkinspirations.fr\/index.php?rest_route=\/wp\/v2\/posts\/2954\/revisions\/2960"}],"wp:attachment":[{"href":"https:\/\/patchworkinspirations.fr\/index.php?rest_route=%2Fwp%2Fv2%2Fmedia&parent=2954"}],"wp:term":[{"taxonomy":"category","embeddable":true,"href":"https:\/\/patchworkinspirations.fr\/index.php?rest_route=%2Fwp%2Fv2%2Fcategories&post=2954"},{"taxonomy":"post_tag","embeddable":true,"href":"https:\/\/patchworkinspirations.fr\/index.php?rest_route=%2Fwp%2Fv2%2Ftags&post=2954"}],"curies":[{"name":"wp","href":"https:\/\/api.w.org\/{rel}","templated":true}]}}