{"id":2802,"date":"2017-11-15T13:49:45","date_gmt":"2017-11-15T12:49:45","guid":{"rendered":"http:\/\/patchworkinspirations.fr\/?p=2802"},"modified":"2017-11-15T13:49:45","modified_gmt":"2017-11-15T12:49:45","slug":"deux-quilts-quiltes","status":"publish","type":"post","link":"https:\/\/patchworkinspirations.fr\/?p=2802","title":{"rendered":"Deux quilts &#8230;quilt\u00e9s !"},"content":{"rendered":"<div class=\"fcbkbttn_buttons_block\" id=\"fcbkbttn_left\"><div class=\"fcbkbttn_button\">\n\t\t\t\t\t<a href=\"https:\/\/www.facebook.com\/http:\/\/facebook.com\/patchworkinspirations\" target=\"_blank\">\n\t\t\t\t\t\t<img decoding=\"async\" src=\"https:\/\/patchworkinspirations.fr\/wp-content\/plugins\/facebook-button-plugin\/images\/standard-facebook-ico.png\" alt=\"Fb-Button\" \/>\n\t\t\t\t\t<\/a>\n\t\t\t\t<\/div><div class=\"fcbkbttn_like \"><fb:like href=\"https:\/\/patchworkinspirations.fr\/?p=2802\" action=\"like\" colorscheme=\"light\" layout=\"button_count\"  size=\"small\"><\/fb:like><\/div><div class=\"fb-share-button  \" data-href=\"https:\/\/patchworkinspirations.fr\/?p=2802\" data-type=\"button_count\" data-size=\"small\"><\/div><\/div><p>Bonjour,<\/p>\n<p>Cette ann\u00e9e je me suis attel\u00e9e \u00e0 la dure t\u00e2che de terminer certains de mes encours et surtout, de les quilter.<\/p>\n<p>J&rsquo;ai quand m\u00eame en attente encore cinq tops qui ne demandent qu&rsquo;\u00e0 \u00eatre expos\u00e9s&#8230; hum ! Mais je quilte \u00e0 la main, aussi le travail est fastidieux bien que tr\u00e8s agr\u00e9able&#8230;<\/p>\n<p>Malgr\u00e9 tout, je vous montre les deux derniers !<\/p>\n<p><a href=\"http:\/\/patchworkinspirations.fr\/wp-content\/uploads\/2017\/11\/IMG_0337.jpg\"><img loading=\"lazy\" decoding=\"async\" class=\"size-medium wp-image-2796 aligncenter\" src=\"http:\/\/patchworkinspirations.fr\/wp-content\/uploads\/2017\/11\/IMG_0337-300x225.jpg\" alt=\"\" width=\"300\" height=\"225\" srcset=\"https:\/\/patchworkinspirations.fr\/wp-content\/uploads\/2017\/11\/IMG_0337-300x225.jpg 300w, https:\/\/patchworkinspirations.fr\/wp-content\/uploads\/2017\/11\/IMG_0337-768x576.jpg 768w, https:\/\/patchworkinspirations.fr\/wp-content\/uploads\/2017\/11\/IMG_0337-1024x768.jpg 1024w, https:\/\/patchworkinspirations.fr\/wp-content\/uploads\/2017\/11\/IMG_0337-400x300.jpg 400w, https:\/\/patchworkinspirations.fr\/wp-content\/uploads\/2017\/11\/IMG_0337.jpg 1200w\" sizes=\"auto, (max-width: 300px) 100vw, 300px\" \/><\/a><br \/>\n<a href=\"http:\/\/patchworkinspirations.fr\/wp-content\/uploads\/2017\/11\/IMG_0338.jpg\"><img loading=\"lazy\" decoding=\"async\" class=\"size-medium wp-image-2797 aligncenter\" src=\"http:\/\/patchworkinspirations.fr\/wp-content\/uploads\/2017\/11\/IMG_0338-300x225.jpg\" alt=\"\" width=\"300\" height=\"225\" srcset=\"https:\/\/patchworkinspirations.fr\/wp-content\/uploads\/2017\/11\/IMG_0338-300x225.jpg 300w, https:\/\/patchworkinspirations.fr\/wp-content\/uploads\/2017\/11\/IMG_0338-768x576.jpg 768w, https:\/\/patchworkinspirations.fr\/wp-content\/uploads\/2017\/11\/IMG_0338-1024x768.jpg 1024w, https:\/\/patchworkinspirations.fr\/wp-content\/uploads\/2017\/11\/IMG_0338-400x300.jpg 400w, https:\/\/patchworkinspirations.fr\/wp-content\/uploads\/2017\/11\/IMG_0338.jpg 1200w\" sizes=\"auto, (max-width: 300px) 100vw, 300px\" \/><\/a><\/p>\n<p>Celui-ci mesure 86 cm de c\u00f4t\u00e9 (34&Prime;). Je suis heureuse de l&rsquo;avoir termin\u00e9 car il reste l&rsquo;un de mes pr\u00e9f\u00e9r\u00e9s de par ses couleurs chaudes&#8230;<\/p>\n<p>Vous vous rappelez le challenge Gwen Marston ?<br \/>\nNous devions improviser notre propre quilt en suivant les directives de cinq quilteuses am\u00e9ricaines &#8230;<\/p>\n<p><a href=\"http:\/\/patchworkinspirations.fr\/wp-content\/uploads\/2017\/11\/IMG_0340.jpg\"><img loading=\"lazy\" decoding=\"async\" class=\"size-medium wp-image-2799 aligncenter\" src=\"http:\/\/patchworkinspirations.fr\/wp-content\/uploads\/2017\/11\/IMG_0340-300x225.jpg\" alt=\"\" width=\"300\" height=\"225\" srcset=\"https:\/\/patchworkinspirations.fr\/wp-content\/uploads\/2017\/11\/IMG_0340-300x225.jpg 300w, https:\/\/patchworkinspirations.fr\/wp-content\/uploads\/2017\/11\/IMG_0340-768x576.jpg 768w, https:\/\/patchworkinspirations.fr\/wp-content\/uploads\/2017\/11\/IMG_0340-1024x768.jpg 1024w, https:\/\/patchworkinspirations.fr\/wp-content\/uploads\/2017\/11\/IMG_0340-400x300.jpg 400w, https:\/\/patchworkinspirations.fr\/wp-content\/uploads\/2017\/11\/IMG_0340.jpg 1200w\" sizes=\"auto, (max-width: 300px) 100vw, 300px\" \/><\/a><\/p>\n<p><a href=\"http:\/\/patchworkinspirations.fr\/wp-content\/uploads\/2017\/11\/IMG_0339.jpg\"><img loading=\"lazy\" decoding=\"async\" class=\"size-medium wp-image-2798 aligncenter\" src=\"http:\/\/patchworkinspirations.fr\/wp-content\/uploads\/2017\/11\/IMG_0339-300x225.jpg\" alt=\"\" width=\"300\" height=\"225\" srcset=\"https:\/\/patchworkinspirations.fr\/wp-content\/uploads\/2017\/11\/IMG_0339-300x225.jpg 300w, https:\/\/patchworkinspirations.fr\/wp-content\/uploads\/2017\/11\/IMG_0339-768x576.jpg 768w, https:\/\/patchworkinspirations.fr\/wp-content\/uploads\/2017\/11\/IMG_0339-1024x768.jpg 1024w, https:\/\/patchworkinspirations.fr\/wp-content\/uploads\/2017\/11\/IMG_0339-400x300.jpg 400w, https:\/\/patchworkinspirations.fr\/wp-content\/uploads\/2017\/11\/IMG_0339.jpg 1200w\" sizes=\"auto, (max-width: 300px) 100vw, 300px\" \/><\/a><\/p>\n<p>Heureuse de l&rsquo;avoir termin\u00e9 celui-ci aussi&#8230; Il mesure 121 cm de c\u00f4t\u00e9s (47 1\/2&Prime;).<\/p>\n<p>J&rsquo;ai achet\u00e9 ce livre et je vous dirai mon ressenti apr\u00e8s l&rsquo;avoir lu mais c&rsquo;est, apparemment, un livre qui fait r\u00e9fl\u00e9chir sur la condition f\u00e9minine.<br \/>\n<a href=\"http:\/\/patchworkinspirations.fr\/wp-content\/uploads\/2017\/11\/IMG_0341.jpg\"><img loading=\"lazy\" decoding=\"async\" class=\"size-medium wp-image-2800 aligncenter\" src=\"http:\/\/patchworkinspirations.fr\/wp-content\/uploads\/2017\/11\/IMG_0341-300x225.jpg\" alt=\"\" width=\"300\" height=\"225\" srcset=\"https:\/\/patchworkinspirations.fr\/wp-content\/uploads\/2017\/11\/IMG_0341-300x225.jpg 300w, https:\/\/patchworkinspirations.fr\/wp-content\/uploads\/2017\/11\/IMG_0341-768x576.jpg 768w, https:\/\/patchworkinspirations.fr\/wp-content\/uploads\/2017\/11\/IMG_0341-1024x768.jpg 1024w, https:\/\/patchworkinspirations.fr\/wp-content\/uploads\/2017\/11\/IMG_0341-400x300.jpg 400w, https:\/\/patchworkinspirations.fr\/wp-content\/uploads\/2017\/11\/IMG_0341.jpg 1200w\" sizes=\"auto, (max-width: 300px) 100vw, 300px\" \/><\/a><\/p>\n<p>Un bloc de DJ en plus dans mon panier !<br \/>\n<a href=\"http:\/\/patchworkinspirations.fr\/wp-content\/uploads\/2017\/11\/IMG_0342.jpg\"><img loading=\"lazy\" decoding=\"async\" class=\"size-medium wp-image-2801 aligncenter\" src=\"http:\/\/patchworkinspirations.fr\/wp-content\/uploads\/2017\/11\/IMG_0342-300x225.jpg\" alt=\"\" width=\"300\" height=\"225\" srcset=\"https:\/\/patchworkinspirations.fr\/wp-content\/uploads\/2017\/11\/IMG_0342-300x225.jpg 300w, https:\/\/patchworkinspirations.fr\/wp-content\/uploads\/2017\/11\/IMG_0342-768x576.jpg 768w, https:\/\/patchworkinspirations.fr\/wp-content\/uploads\/2017\/11\/IMG_0342-1024x768.jpg 1024w, https:\/\/patchworkinspirations.fr\/wp-content\/uploads\/2017\/11\/IMG_0342-400x300.jpg 400w, https:\/\/patchworkinspirations.fr\/wp-content\/uploads\/2017\/11\/IMG_0342.jpg 1200w\" sizes=\"auto, (max-width: 300px) 100vw, 300px\" \/><\/a><\/p>\n<p>Les inscriptions sont toujours ouvertes pour participer au QAL de janvier ! N&rsquo;h\u00e9sitez pas \u00e0 me contacter ! Ce QAL vous permet de cr\u00e9er votre propre quilt, dans le style que vous aimez, et avec vos tissus pr\u00e9f\u00e9r\u00e9s !<br \/>\nMerci beaucoup \u00e0 toutes les personnes qui se sont inscrites spontan\u00e9ment sur le blog et FB ! Je ferai un post d\u00e9but d\u00e9cembre pour vous pr\u00e9senter les tr\u00e8s beaux lots offerts par Quiltmania, Modern Patchwork et Aurifil ! Un grand merci \u00e0 eux !<\/p>\n<p>Je vous remercie de vos visites.<br \/>\nHappy Quilting !<br \/>\nC\u00e9cile<\/p>\n","protected":false},"excerpt":{"rendered":"<p>Bonjour, Cette ann\u00e9e je me suis attel\u00e9e \u00e0 la dure t\u00e2che de terminer certains de mes encours et surtout, de les quilter. J&rsquo;ai quand m\u00eame en attente encore cinq tops qui ne demandent qu&rsquo;\u00e0 \u00eatre expos\u00e9s&#8230; hum ! Mais je &hellip; <a href=\"https:\/\/patchworkinspirations.fr\/?p=2802\">Continuer la lecture <span class=\"meta-nav\">&rarr;<\/span><\/a><\/p>\n","protected":false},"author":1,"featured_media":0,"comment_status":"open","ping_status":"open","sticky":false,"template":"","format":"standard","meta":{"footnotes":""},"categories":[1],"tags":[],"class_list":["post-2802","post","type-post","status-publish","format-standard","hentry","category-non-classe"],"_links":{"self":[{"href":"https:\/\/patchworkinspirations.fr\/index.php?rest_route=\/wp\/v2\/posts\/2802","targetHints":{"allow":["GET"]}}],"collection":[{"href":"https:\/\/patchworkinspirations.fr\/index.php?rest_route=\/wp\/v2\/posts"}],"about":[{"href":"https:\/\/patchworkinspirations.fr\/index.php?rest_route=\/wp\/v2\/types\/post"}],"author":[{"embeddable":true,"href":"https:\/\/patchworkinspirations.fr\/index.php?rest_route=\/wp\/v2\/users\/1"}],"replies":[{"embeddable":true,"href":"https:\/\/patchworkinspirations.fr\/index.php?rest_route=%2Fwp%2Fv2%2Fcomments&post=2802"}],"version-history":[{"count":2,"href":"https:\/\/patchworkinspirations.fr\/index.php?rest_route=\/wp\/v2\/posts\/2802\/revisions"}],"predecessor-version":[{"id":2804,"href":"https:\/\/patchworkinspirations.fr\/index.php?rest_route=\/wp\/v2\/posts\/2802\/revisions\/2804"}],"wp:attachment":[{"href":"https:\/\/patchworkinspirations.fr\/index.php?rest_route=%2Fwp%2Fv2%2Fmedia&parent=2802"}],"wp:term":[{"taxonomy":"category","embeddable":true,"href":"https:\/\/patchworkinspirations.fr\/index.php?rest_route=%2Fwp%2Fv2%2Fcategories&post=2802"},{"taxonomy":"post_tag","embeddable":true,"href":"https:\/\/patchworkinspirations.fr\/index.php?rest_route=%2Fwp%2Fv2%2Ftags&post=2802"}],"curies":[{"name":"wp","href":"https:\/\/api.w.org\/{rel}","templated":true}]}}