{"id":2778,"date":"2017-11-03T09:26:44","date_gmt":"2017-11-03T08:26:44","guid":{"rendered":"http:\/\/patchworkinspirations.fr\/?p=2778"},"modified":"2017-11-04T11:01:52","modified_gmt":"2017-11-04T10:01:52","slug":"sew-a-long","status":"publish","type":"post","link":"https:\/\/patchworkinspirations.fr\/?p=2778","title":{"rendered":"Sew-a-long !"},"content":{"rendered":"<div class=\"fcbkbttn_buttons_block\" id=\"fcbkbttn_left\"><div class=\"fcbkbttn_button\">\n\t\t\t\t\t<a href=\"https:\/\/www.facebook.com\/http:\/\/facebook.com\/patchworkinspirations\" target=\"_blank\">\n\t\t\t\t\t\t<img decoding=\"async\" src=\"https:\/\/patchworkinspirations.fr\/wp-content\/plugins\/facebook-button-plugin\/images\/standard-facebook-ico.png\" alt=\"Fb-Button\" \/>\n\t\t\t\t\t<\/a>\n\t\t\t\t<\/div><div class=\"fcbkbttn_like \"><fb:like href=\"https:\/\/patchworkinspirations.fr\/?p=2778\" action=\"like\" colorscheme=\"light\" layout=\"button_count\"  size=\"small\"><\/fb:like><\/div><div class=\"fb-share-button  \" data-href=\"https:\/\/patchworkinspirations.fr\/?p=2778\" data-type=\"button_count\" data-size=\"small\"><\/div><\/div><p>Bonjour,<\/p>\n<p>Etes-vous pr\u00eates pour un nouveau SAL en janvier ?<\/p>\n<p>Cela fait \u00e0 pr\u00e9sent deux ans que B\u00e9atrice du blog <a href=\"http:\/\/uneaiguilledansunebottedefoin.blogspot.fr\/\">uneaiguilledansunebottedefoin.blogspot.fr\/<\/a> et moi-m\u00eame organisons un Sew-a-Long et cette troisi\u00e8me \u00e9dition reposera encore sur votre cr\u00e9ativit\u00e9 car nous allons vous demander de travailler un bloc.<br \/>\nCet \u00e9t\u00e9, avec B\u00e9a, nous avons grandement cogit\u00e9 et sommes tomb\u00e9es d&rsquo;accord pour vous faire travailler le &#8230;.panier !<\/p>\n<p>L&rsquo;avantage avec le panier, c&rsquo;est qu&rsquo;il existe pi\u00e9c\u00e9 et appliqu\u00e9 !<\/p>\n<p>J&rsquo;ai r\u00e9alis\u00e9 en janvier 2015 ce quilt, pour vous donner une id\u00e9e.<a href=\"http:\/\/patchworkinspirations.fr\/wp-content\/uploads\/2015\/01\/P1060888.jpg\"><img loading=\"lazy\" decoding=\"async\" class=\"size-medium wp-image-1094 aligncenter\" src=\"http:\/\/patchworkinspirations.fr\/wp-content\/uploads\/2015\/01\/P1060888-225x300.jpg\" alt=\"\" width=\"225\" height=\"300\" srcset=\"https:\/\/patchworkinspirations.fr\/wp-content\/uploads\/2015\/01\/P1060888-225x300.jpg 225w, https:\/\/patchworkinspirations.fr\/wp-content\/uploads\/2015\/01\/P1060888-768x1024.jpg 768w, https:\/\/patchworkinspirations.fr\/wp-content\/uploads\/2015\/01\/P1060888.jpg 900w\" sizes=\"auto, (max-width: 225px) 100vw, 225px\" \/><\/a><br \/>\nMais ce quilt n&rsquo;est qu&rsquo;un exemple ! Je laisse \u00e0 votre esprit cr\u00e9atif le soin d&rsquo;imaginer votre propre quilt !<\/p>\n<p>Les r\u00e8gles ne changent pas et sont simples :<br \/>\n&#8211; nous vous demandons un minimum de 16 blocs sur 2 mois. C&rsquo;est-\u00e0-dire que vous pouvez en faire 2 par semaine.<br \/>\nSi vous d\u00e9sirez en faire plus, ce n&rsquo;est pas un probl\u00e8me ! Bien au contraire ! \ud83d\ude42<br \/>\n&#8211; Nous ferons les blocs sur les mois de Janvier et F\u00e9vrier, l&rsquo;assemblage des blocs et le quilting aura lieu en Mars et d\u00e9but Avril, vous pourrez montrer votre quilt termin\u00e9. Un tirage au sort aura lieu pour d\u00e9signer les gagnantes.<br \/>\nEn fonction de vos avanc\u00e9es, je verrai \u00e0 vous laisser un mois suppl\u00e9mentaire pour le quilting !<br \/>\n&#8211; le style vous appartient : vous pouvez employer des tissus modernes, traditionnels, japonais&#8230;.<br \/>\n&#8211; nous vous demandons pour celles qui ont un compte Facebook, de mettre vos photos sur le groupe cr\u00e9e \u00e0 cet effet. Et sur votre blog si vous en poss\u00e9dez<br \/>\nun.<br \/>\n&#8211; pour celles qui n&rsquo;ont pas de compte FB ou de blog, envoyez moi une photo je le mettrai avec plaisir sur mon blog.<\/p>\n<p>Je vous demande cela car B\u00e9a ne pourra pas participer cette ann\u00e9e au SAL mais rassurez-vous, elle suivra avec bienveillance vos avanc\u00e9es ! \ud83d\ude09<br \/>\nDonc n&rsquo;h\u00e9sitez pas \u00e0 me contacter pour diverses questions.<\/p>\n<p>Comme chaque ann\u00e9e, des cadeaux seront mis en place et je peux d&rsquo;ors et d\u00e9j\u00e0 vous dire que <a href=\"http:\/\/patchworkinspirations.fr\/wp-content\/uploads\/2017\/11\/logo-modern-patchwork-carre.jpg\"><img loading=\"lazy\" decoding=\"async\" class=\"size-medium wp-image-2791 aligncenter\" src=\"http:\/\/patchworkinspirations.fr\/wp-content\/uploads\/2017\/11\/logo-modern-patchwork-carre-300x300.jpg\" alt=\"\" width=\"300\" height=\"300\" srcset=\"https:\/\/patchworkinspirations.fr\/wp-content\/uploads\/2017\/11\/logo-modern-patchwork-carre-300x300.jpg 300w, https:\/\/patchworkinspirations.fr\/wp-content\/uploads\/2017\/11\/logo-modern-patchwork-carre-150x150.jpg 150w, https:\/\/patchworkinspirations.fr\/wp-content\/uploads\/2017\/11\/logo-modern-patchwork-carre-768x768.jpg 768w, https:\/\/patchworkinspirations.fr\/wp-content\/uploads\/2017\/11\/logo-modern-patchwork-carre-1024x1024.jpg 1024w, https:\/\/patchworkinspirations.fr\/wp-content\/uploads\/2017\/11\/logo-modern-patchwork-carre-250x250.jpg 250w, https:\/\/patchworkinspirations.fr\/wp-content\/uploads\/2017\/11\/logo-modern-patchwork-carre.jpg 1200w\" sizes=\"auto, (max-width: 300px) 100vw, 300px\" \/><\/a><a href=\"http:\/\/www.modernpatchwork.fr\/\">www.modernpatchwork.fr\/<\/a> et<a href=\"http:\/\/patchworkinspirations.fr\/wp-content\/uploads\/2017\/11\/logo-quiltmania.jpg\"><img loading=\"lazy\" decoding=\"async\" class=\"size-medium wp-image-2792 aligncenter\" src=\"http:\/\/patchworkinspirations.fr\/wp-content\/uploads\/2017\/11\/logo-quiltmania-300x69.jpg\" alt=\"\" width=\"300\" height=\"69\" \/><\/a> <a href=\"http:\/\/www.quiltmania.fr\/\">www.quiltmania.fr\/<\/a> et <a href=\"http:\/\/patchworkinspirations.fr\/wp-content\/uploads\/2017\/11\/AURIfil-logo.jpg\"><img loading=\"lazy\" decoding=\"async\" class=\"size-medium wp-image-2790 aligncenter\" src=\"http:\/\/patchworkinspirations.fr\/wp-content\/uploads\/2017\/11\/AURIfil-logo-300x117.jpg\" alt=\"\" width=\"300\" height=\"117\" srcset=\"https:\/\/patchworkinspirations.fr\/wp-content\/uploads\/2017\/11\/AURIfil-logo-300x117.jpg 300w, https:\/\/patchworkinspirations.fr\/wp-content\/uploads\/2017\/11\/AURIfil-logo.jpg 350w\" sizes=\"auto, (max-width: 300px) 100vw, 300px\" \/><\/a><a href=\"http:\/\/www.aurifil.com\/\">www.aurifil.com\/<\/a> seront de la partie et nous les en remercions tr\u00e8s chaleureusement !<\/p>\n<p>Je vous laisse jusqu&rsquo;au 15 d\u00e9cembre pour vous inscrire (n&rsquo;oubliez pas de me dire dans quelle cat\u00e9gorie vous vous situez ! moderne ou tradi) et le top d\u00e9part sera donn\u00e9 le 1er janvier 2018.<br \/>\nA vos tissus !<\/p>\n<p>Je vous remercie pour vos visites<br \/>\nHappy Quilting !<br \/>\nC\u00e9cile<\/p>\n","protected":false},"excerpt":{"rendered":"<p>Bonjour, Etes-vous pr\u00eates pour un nouveau SAL en janvier ? Cela fait \u00e0 pr\u00e9sent deux ans que B\u00e9atrice du blog uneaiguilledansunebottedefoin.blogspot.fr\/ et moi-m\u00eame organisons un Sew-a-Long et cette troisi\u00e8me \u00e9dition reposera encore sur votre cr\u00e9ativit\u00e9 car nous allons vous demander &hellip; <a href=\"https:\/\/patchworkinspirations.fr\/?p=2778\">Continuer la lecture <span class=\"meta-nav\">&rarr;<\/span><\/a><\/p>\n","protected":false},"author":1,"featured_media":0,"comment_status":"open","ping_status":"open","sticky":false,"template":"","format":"standard","meta":{"footnotes":""},"categories":[1],"tags":[],"class_list":["post-2778","post","type-post","status-publish","format-standard","hentry","category-non-classe"],"_links":{"self":[{"href":"https:\/\/patchworkinspirations.fr\/index.php?rest_route=\/wp\/v2\/posts\/2778","targetHints":{"allow":["GET"]}}],"collection":[{"href":"https:\/\/patchworkinspirations.fr\/index.php?rest_route=\/wp\/v2\/posts"}],"about":[{"href":"https:\/\/patchworkinspirations.fr\/index.php?rest_route=\/wp\/v2\/types\/post"}],"author":[{"embeddable":true,"href":"https:\/\/patchworkinspirations.fr\/index.php?rest_route=\/wp\/v2\/users\/1"}],"replies":[{"embeddable":true,"href":"https:\/\/patchworkinspirations.fr\/index.php?rest_route=%2Fwp%2Fv2%2Fcomments&post=2778"}],"version-history":[{"count":12,"href":"https:\/\/patchworkinspirations.fr\/index.php?rest_route=\/wp\/v2\/posts\/2778\/revisions"}],"predecessor-version":[{"id":2793,"href":"https:\/\/patchworkinspirations.fr\/index.php?rest_route=\/wp\/v2\/posts\/2778\/revisions\/2793"}],"wp:attachment":[{"href":"https:\/\/patchworkinspirations.fr\/index.php?rest_route=%2Fwp%2Fv2%2Fmedia&parent=2778"}],"wp:term":[{"taxonomy":"category","embeddable":true,"href":"https:\/\/patchworkinspirations.fr\/index.php?rest_route=%2Fwp%2Fv2%2Fcategories&post=2778"},{"taxonomy":"post_tag","embeddable":true,"href":"https:\/\/patchworkinspirations.fr\/index.php?rest_route=%2Fwp%2Fv2%2Ftags&post=2778"}],"curies":[{"name":"wp","href":"https:\/\/api.w.org\/{rel}","templated":true}]}}