{"id":2732,"date":"2017-10-12T12:37:07","date_gmt":"2017-10-12T11:37:07","guid":{"rendered":"http:\/\/patchworkinspirations.fr\/?p=2732"},"modified":"2017-10-26T16:25:17","modified_gmt":"2017-10-26T15:25:17","slug":"palmateer-point","status":"publish","type":"post","link":"https:\/\/patchworkinspirations.fr\/?p=2732","title":{"rendered":"Palmateer Point !"},"content":{"rendered":"<div class=\"fcbkbttn_buttons_block\" id=\"fcbkbttn_left\"><div class=\"fcbkbttn_button\">\n\t\t\t\t\t<a href=\"https:\/\/www.facebook.com\/http:\/\/facebook.com\/patchworkinspirations\" target=\"_blank\">\n\t\t\t\t\t\t<img decoding=\"async\" src=\"https:\/\/patchworkinspirations.fr\/wp-content\/plugins\/facebook-button-plugin\/images\/standard-facebook-ico.png\" alt=\"Fb-Button\" \/>\n\t\t\t\t\t<\/a>\n\t\t\t\t<\/div><div class=\"fcbkbttn_like \"><fb:like href=\"https:\/\/patchworkinspirations.fr\/?p=2732\" action=\"like\" colorscheme=\"light\" layout=\"button_count\"  size=\"small\"><\/fb:like><\/div><div class=\"fb-share-button  \" data-href=\"https:\/\/patchworkinspirations.fr\/?p=2732\" data-type=\"button_count\" data-size=\"small\"><\/div><\/div><p>Bonjour,<\/p>\n<p>Comme chaque ann\u00e9e, je m&rsquo;inscris \u00e0 des Sew-a-Long pour mon plus grand plaisir !<br \/>\nCela fait 4 ans \u00e0 pr\u00e9sent que je m&rsquo;inscris \u00e0 ce challenge et voici, pour rappel, mes quilts d\u00e9j\u00e0 r\u00e9alis\u00e9s.<\/p>\n<p><a href=\"http:\/\/patchworkinspirations.fr\/wp-content\/uploads\/2014\/12\/P1060766.jpg\"><img loading=\"lazy\" decoding=\"async\" class=\"size-medium wp-image-994 aligncenter\" src=\"http:\/\/patchworkinspirations.fr\/wp-content\/uploads\/2014\/12\/P1060766-300x225.jpg\" alt=\"\" width=\"300\" height=\"225\" srcset=\"https:\/\/patchworkinspirations.fr\/wp-content\/uploads\/2014\/12\/P1060766-300x225.jpg 300w, https:\/\/patchworkinspirations.fr\/wp-content\/uploads\/2014\/12\/P1060766-1024x768.jpg 1024w, https:\/\/patchworkinspirations.fr\/wp-content\/uploads\/2014\/12\/P1060766-400x300.jpg 400w, https:\/\/patchworkinspirations.fr\/wp-content\/uploads\/2014\/12\/P1060766.jpg 1200w\" sizes=\"auto, (max-width: 300px) 100vw, 300px\" \/><\/a><br \/>\n<a href=\"http:\/\/patchworkinspirations.fr\/wp-content\/uploads\/2015\/10\/P1070843.jpg\"><img loading=\"lazy\" decoding=\"async\" class=\"size-medium wp-image-1651 aligncenter\" src=\"http:\/\/patchworkinspirations.fr\/wp-content\/uploads\/2015\/10\/P1070843-300x225.jpg\" alt=\"\" width=\"300\" height=\"225\" srcset=\"https:\/\/patchworkinspirations.fr\/wp-content\/uploads\/2015\/10\/P1070843-300x225.jpg 300w, https:\/\/patchworkinspirations.fr\/wp-content\/uploads\/2015\/10\/P1070843-1024x768.jpg 1024w, https:\/\/patchworkinspirations.fr\/wp-content\/uploads\/2015\/10\/P1070843-400x300.jpg 400w, https:\/\/patchworkinspirations.fr\/wp-content\/uploads\/2015\/10\/P1070843.jpg 1200w\" sizes=\"auto, (max-width: 300px) 100vw, 300px\" \/><\/a><br \/>\n<a href=\"http:\/\/patchworkinspirations.fr\/wp-content\/uploads\/2016\/11\/IMG_0030.jpg\"><img loading=\"lazy\" decoding=\"async\" class=\"size-medium wp-image-2433 aligncenter\" src=\"http:\/\/patchworkinspirations.fr\/wp-content\/uploads\/2016\/11\/IMG_0030-300x225.jpg\" alt=\"\" width=\"300\" height=\"225\" srcset=\"https:\/\/patchworkinspirations.fr\/wp-content\/uploads\/2016\/11\/IMG_0030-300x225.jpg 300w, https:\/\/patchworkinspirations.fr\/wp-content\/uploads\/2016\/11\/IMG_0030-768x576.jpg 768w, https:\/\/patchworkinspirations.fr\/wp-content\/uploads\/2016\/11\/IMG_0030-1024x768.jpg 1024w, https:\/\/patchworkinspirations.fr\/wp-content\/uploads\/2016\/11\/IMG_0030-400x300.jpg 400w, https:\/\/patchworkinspirations.fr\/wp-content\/uploads\/2016\/11\/IMG_0030.jpg 1200w\" sizes=\"auto, (max-width: 300px) 100vw, 300px\" \/><\/a><\/p>\n<p>Lori du blog <a href=\"http:\/\/humblequilts.blogspot.fr\/\">humblequilts.blogspot.fr\/<\/a> a eu cette ann\u00e9e, l&rsquo;id\u00e9e de nous faire travailler avec nos bouts de tissus et d&rsquo;en faire un mix.<br \/>\nIl y a deux ans d\u00e9j\u00e0, nous nous \u00e9tions rencontr\u00e9es \u00e0 Paris et elle m&rsquo;avait tr\u00e8s gentiment donn\u00e9 une multitude de morceaux &#8230; J&rsquo;ai donc d\u00e9cid\u00e9 de les utiliser \u00e9tant donn\u00e9 que c&rsquo;est elle qui nous offrait la marche \u00e0 suivre pour ce SAL.<\/p>\n<p>Il fallait assembler des bouts de 2&Prime; et en bonne fran\u00e7aise, ne me demandez pas pourquoi, j&rsquo;ai rajout\u00e9 une marge de couture&#8230;.hum ! Ca commen\u00e7ait bien !<br \/>\n<a href=\"http:\/\/patchworkinspirations.fr\/wp-content\/uploads\/2017\/10\/IMG_0318.jpg\"><img loading=\"lazy\" decoding=\"async\" class=\"size-medium wp-image-2727 aligncenter\" src=\"http:\/\/patchworkinspirations.fr\/wp-content\/uploads\/2017\/10\/IMG_0318-300x225.jpg\" alt=\"\" width=\"300\" height=\"225\" srcset=\"https:\/\/patchworkinspirations.fr\/wp-content\/uploads\/2017\/10\/IMG_0318-300x225.jpg 300w, https:\/\/patchworkinspirations.fr\/wp-content\/uploads\/2017\/10\/IMG_0318-768x576.jpg 768w, https:\/\/patchworkinspirations.fr\/wp-content\/uploads\/2017\/10\/IMG_0318-1024x768.jpg 1024w, https:\/\/patchworkinspirations.fr\/wp-content\/uploads\/2017\/10\/IMG_0318-400x300.jpg 400w, https:\/\/patchworkinspirations.fr\/wp-content\/uploads\/2017\/10\/IMG_0318.jpg 1200w\" sizes=\"auto, (max-width: 300px) 100vw, 300px\" \/><\/a><\/p>\n<p>Donc j&rsquo;ai tout d\u00e9fait et tout recousu&#8230;(je vous fait gr\u00e2ce de mes commentaires !! \ud83d\ude09<br \/>\nBref, mon top \u00e9tait quand m\u00eame plus r\u00e9ussi ainsi !<br \/>\n<a href=\"http:\/\/patchworkinspirations.fr\/wp-content\/uploads\/2017\/10\/IMG_0321-1.jpg\"><img loading=\"lazy\" decoding=\"async\" class=\"size-medium wp-image-2728 aligncenter\" src=\"http:\/\/patchworkinspirations.fr\/wp-content\/uploads\/2017\/10\/IMG_0321-1-300x225.jpg\" alt=\"\" width=\"300\" height=\"225\" srcset=\"https:\/\/patchworkinspirations.fr\/wp-content\/uploads\/2017\/10\/IMG_0321-1-300x225.jpg 300w, https:\/\/patchworkinspirations.fr\/wp-content\/uploads\/2017\/10\/IMG_0321-1-768x576.jpg 768w, https:\/\/patchworkinspirations.fr\/wp-content\/uploads\/2017\/10\/IMG_0321-1-1024x768.jpg 1024w, https:\/\/patchworkinspirations.fr\/wp-content\/uploads\/2017\/10\/IMG_0321-1-400x300.jpg 400w, https:\/\/patchworkinspirations.fr\/wp-content\/uploads\/2017\/10\/IMG_0321-1.jpg 1200w\" sizes=\"auto, (max-width: 300px) 100vw, 300px\" \/><\/a><\/p>\n<p>Comme rien ne se perd chez moi (surtout en mati\u00e8re de patchwork !), j&rsquo;ai conserv\u00e9 les d\u00e9buts rat\u00e9s et j&rsquo;en ai fait le dos de mon quilt.<br \/>\n<a href=\"http:\/\/patchworkinspirations.fr\/wp-content\/uploads\/2017\/10\/IMG_0322.jpg\"><img loading=\"lazy\" decoding=\"async\" class=\"size-medium wp-image-2734 aligncenter\" src=\"http:\/\/patchworkinspirations.fr\/wp-content\/uploads\/2017\/10\/IMG_0322-300x225.jpg\" alt=\"\" width=\"300\" height=\"225\" srcset=\"https:\/\/patchworkinspirations.fr\/wp-content\/uploads\/2017\/10\/IMG_0322-300x225.jpg 300w, https:\/\/patchworkinspirations.fr\/wp-content\/uploads\/2017\/10\/IMG_0322-768x576.jpg 768w, https:\/\/patchworkinspirations.fr\/wp-content\/uploads\/2017\/10\/IMG_0322-1024x768.jpg 1024w, https:\/\/patchworkinspirations.fr\/wp-content\/uploads\/2017\/10\/IMG_0322-400x300.jpg 400w, https:\/\/patchworkinspirations.fr\/wp-content\/uploads\/2017\/10\/IMG_0322.jpg 1200w\" sizes=\"auto, (max-width: 300px) 100vw, 300px\" \/><\/a><\/p>\n<p>Je l&rsquo;ai quilt\u00e9 simplement en machine<br \/>\n<a href=\"http:\/\/patchworkinspirations.fr\/wp-content\/uploads\/2017\/10\/IMG_0332.jpg\"><img loading=\"lazy\" decoding=\"async\" class=\"size-medium wp-image-2731 aligncenter\" src=\"http:\/\/patchworkinspirations.fr\/wp-content\/uploads\/2017\/10\/IMG_0332-300x225.jpg\" alt=\"\" width=\"300\" height=\"225\" srcset=\"https:\/\/patchworkinspirations.fr\/wp-content\/uploads\/2017\/10\/IMG_0332-300x225.jpg 300w, https:\/\/patchworkinspirations.fr\/wp-content\/uploads\/2017\/10\/IMG_0332-768x576.jpg 768w, https:\/\/patchworkinspirations.fr\/wp-content\/uploads\/2017\/10\/IMG_0332-1024x768.jpg 1024w, https:\/\/patchworkinspirations.fr\/wp-content\/uploads\/2017\/10\/IMG_0332-400x300.jpg 400w, https:\/\/patchworkinspirations.fr\/wp-content\/uploads\/2017\/10\/IMG_0332.jpg 1200w\" sizes=\"auto, (max-width: 300px) 100vw, 300px\" \/><\/a><\/p>\n<p><a href=\"http:\/\/patchworkinspirations.fr\/wp-content\/uploads\/2017\/10\/IMG_0329.jpg\"><img loading=\"lazy\" decoding=\"async\" class=\"size-medium wp-image-2730 aligncenter\" src=\"http:\/\/patchworkinspirations.fr\/wp-content\/uploads\/2017\/10\/IMG_0329-300x225.jpg\" alt=\"\" width=\"300\" height=\"225\" srcset=\"https:\/\/patchworkinspirations.fr\/wp-content\/uploads\/2017\/10\/IMG_0329-300x225.jpg 300w, https:\/\/patchworkinspirations.fr\/wp-content\/uploads\/2017\/10\/IMG_0329-768x576.jpg 768w, https:\/\/patchworkinspirations.fr\/wp-content\/uploads\/2017\/10\/IMG_0329-1024x768.jpg 1024w, https:\/\/patchworkinspirations.fr\/wp-content\/uploads\/2017\/10\/IMG_0329-400x300.jpg 400w, https:\/\/patchworkinspirations.fr\/wp-content\/uploads\/2017\/10\/IMG_0329.jpg 1200w\" sizes=\"auto, (max-width: 300px) 100vw, 300px\" \/><\/a><br \/>\nIl est vraiment tr\u00e8s scrappy !!<\/p>\n<p>Et voil\u00e0\u00e0\u00e0\u00e0\u00e0<br \/>\n<a href=\"http:\/\/patchworkinspirations.fr\/wp-content\/uploads\/2017\/10\/IMG_0327.jpg\"><img loading=\"lazy\" decoding=\"async\" class=\"size-medium wp-image-2729 aligncenter\" src=\"http:\/\/patchworkinspirations.fr\/wp-content\/uploads\/2017\/10\/IMG_0327-300x225.jpg\" alt=\"\" width=\"300\" height=\"225\" srcset=\"https:\/\/patchworkinspirations.fr\/wp-content\/uploads\/2017\/10\/IMG_0327-300x225.jpg 300w, https:\/\/patchworkinspirations.fr\/wp-content\/uploads\/2017\/10\/IMG_0327-768x576.jpg 768w, https:\/\/patchworkinspirations.fr\/wp-content\/uploads\/2017\/10\/IMG_0327-1024x768.jpg 1024w, https:\/\/patchworkinspirations.fr\/wp-content\/uploads\/2017\/10\/IMG_0327-400x300.jpg 400w, https:\/\/patchworkinspirations.fr\/wp-content\/uploads\/2017\/10\/IMG_0327.jpg 1200w\" sizes=\"auto, (max-width: 300px) 100vw, 300px\" \/><\/a><\/p>\n<p>Il mesure 21&Prime; de c\u00f4t\u00e9 (54 cm)<\/p>\n<p>Merci Lori pour avoir organis\u00e9 ce SAL. N&rsquo;h\u00e9sitez pas \u00e0 aller voir sur son blog, une Linky Party a \u00e9t\u00e9 mise en place.<\/p>\n<p>Je vous remercie de vos visites.<br \/>\nHappy Quilting !<br \/>\nC\u00e9cile<\/p>\n","protected":false},"excerpt":{"rendered":"<p>Bonjour, Comme chaque ann\u00e9e, je m&rsquo;inscris \u00e0 des Sew-a-Long pour mon plus grand plaisir ! Cela fait 4 ans \u00e0 pr\u00e9sent que je m&rsquo;inscris \u00e0 ce challenge et voici, pour rappel, mes quilts d\u00e9j\u00e0 r\u00e9alis\u00e9s. Lori du blog humblequilts.blogspot.fr\/ a &hellip; <a href=\"https:\/\/patchworkinspirations.fr\/?p=2732\">Continuer la lecture <span class=\"meta-nav\">&rarr;<\/span><\/a><\/p>\n","protected":false},"author":1,"featured_media":0,"comment_status":"open","ping_status":"open","sticky":false,"template":"","format":"standard","meta":{"footnotes":""},"categories":[1],"tags":[],"class_list":["post-2732","post","type-post","status-publish","format-standard","hentry","category-non-classe"],"_links":{"self":[{"href":"https:\/\/patchworkinspirations.fr\/index.php?rest_route=\/wp\/v2\/posts\/2732","targetHints":{"allow":["GET"]}}],"collection":[{"href":"https:\/\/patchworkinspirations.fr\/index.php?rest_route=\/wp\/v2\/posts"}],"about":[{"href":"https:\/\/patchworkinspirations.fr\/index.php?rest_route=\/wp\/v2\/types\/post"}],"author":[{"embeddable":true,"href":"https:\/\/patchworkinspirations.fr\/index.php?rest_route=\/wp\/v2\/users\/1"}],"replies":[{"embeddable":true,"href":"https:\/\/patchworkinspirations.fr\/index.php?rest_route=%2Fwp%2Fv2%2Fcomments&post=2732"}],"version-history":[{"count":5,"href":"https:\/\/patchworkinspirations.fr\/index.php?rest_route=\/wp\/v2\/posts\/2732\/revisions"}],"predecessor-version":[{"id":2776,"href":"https:\/\/patchworkinspirations.fr\/index.php?rest_route=\/wp\/v2\/posts\/2732\/revisions\/2776"}],"wp:attachment":[{"href":"https:\/\/patchworkinspirations.fr\/index.php?rest_route=%2Fwp%2Fv2%2Fmedia&parent=2732"}],"wp:term":[{"taxonomy":"category","embeddable":true,"href":"https:\/\/patchworkinspirations.fr\/index.php?rest_route=%2Fwp%2Fv2%2Fcategories&post=2732"},{"taxonomy":"post_tag","embeddable":true,"href":"https:\/\/patchworkinspirations.fr\/index.php?rest_route=%2Fwp%2Fv2%2Ftags&post=2732"}],"curies":[{"name":"wp","href":"https:\/\/api.w.org\/{rel}","templated":true}]}}