{"id":2664,"date":"2017-08-15T12:09:41","date_gmt":"2017-08-15T11:09:41","guid":{"rendered":"http:\/\/patchworkinspirations.fr\/?p=2664"},"modified":"2017-08-15T12:09:41","modified_gmt":"2017-08-15T11:09:41","slug":"les-vacances-sont-terminees-2","status":"publish","type":"post","link":"https:\/\/patchworkinspirations.fr\/?p=2664","title":{"rendered":"Les vacances sont termin\u00e9es !"},"content":{"rendered":"<div class=\"fcbkbttn_buttons_block\" id=\"fcbkbttn_left\"><div class=\"fcbkbttn_button\">\n\t\t\t\t\t<a href=\"https:\/\/www.facebook.com\/http:\/\/facebook.com\/patchworkinspirations\" target=\"_blank\">\n\t\t\t\t\t\t<img decoding=\"async\" src=\"https:\/\/patchworkinspirations.fr\/wp-content\/plugins\/facebook-button-plugin\/images\/standard-facebook-ico.png\" alt=\"Fb-Button\" \/>\n\t\t\t\t\t<\/a>\n\t\t\t\t<\/div><div class=\"fcbkbttn_like \"><fb:like href=\"https:\/\/patchworkinspirations.fr\/?p=2664\" action=\"like\" colorscheme=\"light\" layout=\"button_count\"  size=\"small\"><\/fb:like><\/div><div class=\"fb-share-button  \" data-href=\"https:\/\/patchworkinspirations.fr\/?p=2664\" data-type=\"button_count\" data-size=\"small\"><\/div><\/div><p>Bonjour,<\/p>\n<p>Et oui&#8230; il faut une fin \u00e0 tout et nous sommes rentr\u00e9s dimanche en fin d\u2019apr\u00e8s-midi&#8230;<br \/>\nJ&rsquo;ai la grande chance de pouvoir profiter \u00e0 la fois de Brian\u00e7on dans les Hautes-Alpes et de Salon-de-Provence dans les Bouches-du-Rh\u00f4ne.<br \/>\nDe ce fait, \u00e0 nous l&rsquo;air pur et le beau temps pour trois semaines ! Trois semaines pendant lesquelles j&rsquo;ai fait peu d&rsquo;internet car pas mal de probl\u00e8mes de connexion cette ann\u00e9e et comment dire&#8230;c&rsquo;\u00e9tait \u00e0 la fois reposant, d\u00e9stressant &#8230;et frustrant !<\/p>\n<p>Qu&rsquo;ai-je fait durant ces vacances ? j&rsquo;ai quilt\u00e9 et j&rsquo;ai lu (en quinze jours un livre de 1525 pages !).<\/p>\n<p>Voil\u00e0 mon quilting qui avance&#8230;. Je l&rsquo;ai montr\u00e9 \u00e0 H\u00e9l\u00e8ne et B\u00e9n\u00e9dicte \u00e0 Brian\u00e7on qui se reconna\u00eetront ! Coucou les filles ! Merci pour cette tr\u00e8s bonne apr\u00e8s-midi pass\u00e9e en votre compagnie ! \ud83d\ude42<br \/>\n<a href=\"http:\/\/patchworkinspirations.fr\/wp-content\/uploads\/2017\/08\/IMG_0287.jpg\"><img loading=\"lazy\" decoding=\"async\" class=\"size-medium wp-image-2670 aligncenter\" src=\"http:\/\/patchworkinspirations.fr\/wp-content\/uploads\/2017\/08\/IMG_0287-300x225.jpg\" alt=\"\" width=\"300\" height=\"225\" srcset=\"https:\/\/patchworkinspirations.fr\/wp-content\/uploads\/2017\/08\/IMG_0287-300x225.jpg 300w, https:\/\/patchworkinspirations.fr\/wp-content\/uploads\/2017\/08\/IMG_0287-768x576.jpg 768w, https:\/\/patchworkinspirations.fr\/wp-content\/uploads\/2017\/08\/IMG_0287-1024x768.jpg 1024w, https:\/\/patchworkinspirations.fr\/wp-content\/uploads\/2017\/08\/IMG_0287-400x300.jpg 400w, https:\/\/patchworkinspirations.fr\/wp-content\/uploads\/2017\/08\/IMG_0287.jpg 1200w\" sizes=\"auto, (max-width: 300px) 100vw, 300px\" \/><\/a><br \/>\nIl me reste deux lignes de losanges \u00e0 quilter et apr\u00e8s, j&rsquo;attaque la bordure ext\u00e9rieure !<\/p>\n<p>Voici le gros \u00ab\u00a0pav\u00e9\u00a0\u00bb que j&rsquo;ai lu et j&rsquo;ai attaqu\u00e9 le livre 7 !<br \/>\n<a href=\"http:\/\/patchworkinspirations.fr\/wp-content\/uploads\/2017\/08\/IMG_0286.jpg\"><img loading=\"lazy\" decoding=\"async\" class=\"size-medium wp-image-2669 aligncenter\" src=\"http:\/\/patchworkinspirations.fr\/wp-content\/uploads\/2017\/08\/IMG_0286-300x225.jpg\" alt=\"\" width=\"300\" height=\"225\" srcset=\"https:\/\/patchworkinspirations.fr\/wp-content\/uploads\/2017\/08\/IMG_0286-300x225.jpg 300w, https:\/\/patchworkinspirations.fr\/wp-content\/uploads\/2017\/08\/IMG_0286-768x576.jpg 768w, https:\/\/patchworkinspirations.fr\/wp-content\/uploads\/2017\/08\/IMG_0286-1024x768.jpg 1024w, https:\/\/patchworkinspirations.fr\/wp-content\/uploads\/2017\/08\/IMG_0286-400x300.jpg 400w, https:\/\/patchworkinspirations.fr\/wp-content\/uploads\/2017\/08\/IMG_0286.jpg 1200w\" sizes=\"auto, (max-width: 300px) 100vw, 300px\" \/><\/a><\/p>\n<p>Les enfants ont randonn\u00e9 et ont profit\u00e9 au maximum de ces lieux magiques ! Voici une photo prise apr\u00e8s Plampinet dans la vall\u00e9e de la Clar\u00e9e.<br \/>\n<a href=\"http:\/\/patchworkinspirations.fr\/wp-content\/uploads\/2017\/08\/20526146_320655318384698_2034128596844510156_n.jpg\"><img loading=\"lazy\" decoding=\"async\" class=\"size-medium wp-image-2667 aligncenter\" src=\"http:\/\/patchworkinspirations.fr\/wp-content\/uploads\/2017\/08\/20526146_320655318384698_2034128596844510156_n-300x300.jpg\" alt=\"\" width=\"300\" height=\"300\" srcset=\"https:\/\/patchworkinspirations.fr\/wp-content\/uploads\/2017\/08\/20526146_320655318384698_2034128596844510156_n-300x300.jpg 300w, https:\/\/patchworkinspirations.fr\/wp-content\/uploads\/2017\/08\/20526146_320655318384698_2034128596844510156_n-150x150.jpg 150w, https:\/\/patchworkinspirations.fr\/wp-content\/uploads\/2017\/08\/20526146_320655318384698_2034128596844510156_n-768x768.jpg 768w, https:\/\/patchworkinspirations.fr\/wp-content\/uploads\/2017\/08\/20526146_320655318384698_2034128596844510156_n-250x250.jpg 250w, https:\/\/patchworkinspirations.fr\/wp-content\/uploads\/2017\/08\/20526146_320655318384698_2034128596844510156_n.jpg 960w\" sizes=\"auto, (max-width: 300px) 100vw, 300px\" \/><\/a><\/p>\n<p>Tous mes anc\u00eatres du c\u00f4t\u00e9 de mon p\u00e8re sont originaires de cette r\u00e9gion. J&rsquo;ai d&rsquo;ailleurs commenc\u00e9 un arbre g\u00e9n\u00e9alogique depuis plus de 20 ans et pour l&rsquo;instant je suis coinc\u00e9e aux alentours de 1630. Il faudra que je retourne consulter mes \u00ab\u00a0grimoires\u00a0\u00bb aux archives de Gap ! Car j&rsquo;ai pas mal d&rsquo;homonymes et je pense avoir fait quelques erreurs&#8230;.<\/p>\n<p>Nous avons la chance de pouvoir emmener avec nous nos \u00ab\u00a0chats-minous\u00a0\u00bb ! Ils sont adorables et tr\u00e8s sinc\u00e8rement je pense qu&rsquo;ils comprennent qu&rsquo;on ne les abandonnent pas !<br \/>\n<a href=\"http:\/\/patchworkinspirations.fr\/wp-content\/uploads\/2017\/08\/20452040_318781121905451_5059612018049671568_o.jpg\"><img loading=\"lazy\" decoding=\"async\" class=\"size-medium wp-image-2666 aligncenter\" src=\"http:\/\/patchworkinspirations.fr\/wp-content\/uploads\/2017\/08\/20452040_318781121905451_5059612018049671568_o-300x180.jpg\" alt=\"\" width=\"300\" height=\"180\" srcset=\"https:\/\/patchworkinspirations.fr\/wp-content\/uploads\/2017\/08\/20452040_318781121905451_5059612018049671568_o-300x180.jpg 300w, https:\/\/patchworkinspirations.fr\/wp-content\/uploads\/2017\/08\/20452040_318781121905451_5059612018049671568_o-768x461.jpg 768w, https:\/\/patchworkinspirations.fr\/wp-content\/uploads\/2017\/08\/20452040_318781121905451_5059612018049671568_o-1024x614.jpg 1024w, https:\/\/patchworkinspirations.fr\/wp-content\/uploads\/2017\/08\/20452040_318781121905451_5059612018049671568_o-500x300.jpg 500w, https:\/\/patchworkinspirations.fr\/wp-content\/uploads\/2017\/08\/20452040_318781121905451_5059612018049671568_o.jpg 1440w\" sizes=\"auto, (max-width: 300px) 100vw, 300px\" \/><\/a><br \/>\nLes voici dans leur caisse de transport respective ! Ils ne sont pas rancuniers car le voyage dure en moyenne 8h00 !<\/p>\n<p>Les quinze prochains jours seront consacr\u00e9s \u00e0 la pr\u00e9paration de la rentr\u00e9e scolaire. Nos gar\u00e7ons s&rsquo;envoleront vers de nouvelles aventures estudiantines !<br \/>\n<a href=\"http:\/\/patchworkinspirations.fr\/wp-content\/uploads\/2017\/08\/IMG_0288.jpg\"><img loading=\"lazy\" decoding=\"async\" class=\"size-medium wp-image-2671 aligncenter\" src=\"http:\/\/patchworkinspirations.fr\/wp-content\/uploads\/2017\/08\/IMG_0288-300x225.jpg\" alt=\"\" width=\"300\" height=\"225\" srcset=\"https:\/\/patchworkinspirations.fr\/wp-content\/uploads\/2017\/08\/IMG_0288-300x225.jpg 300w, https:\/\/patchworkinspirations.fr\/wp-content\/uploads\/2017\/08\/IMG_0288-768x576.jpg 768w, https:\/\/patchworkinspirations.fr\/wp-content\/uploads\/2017\/08\/IMG_0288-1024x768.jpg 1024w, https:\/\/patchworkinspirations.fr\/wp-content\/uploads\/2017\/08\/IMG_0288-400x300.jpg 400w, https:\/\/patchworkinspirations.fr\/wp-content\/uploads\/2017\/08\/IMG_0288.jpg 1200w\" sizes=\"auto, (max-width: 300px) 100vw, 300px\" \/><\/a><\/p>\n<p>J&rsquo;ai \u00e9t\u00e9 tr\u00e8s gentiment invit\u00e9e \u00e0 faire partie d&rsquo;un groupe de quilteuses \u00e0 quelques kilom\u00e8tres de chez moi et nous commencerons le 8 septembre ! Chic ! Je vais pouvoir enfin papoter tissus et fils \u00e0 loisir avec des personnes ayant la m\u00eame passion !<br \/>\nEt bien \u00e9videmment je vous raconterai tout \u00e7a \ud83d\ude09<\/p>\n<p>Je vous remercie pour vos visites.<br \/>\nHappy Quilting !<br \/>\nC\u00e9cile<\/p>\n","protected":false},"excerpt":{"rendered":"<p>Bonjour, Et oui&#8230; il faut une fin \u00e0 tout et nous sommes rentr\u00e9s dimanche en fin d\u2019apr\u00e8s-midi&#8230; J&rsquo;ai la grande chance de pouvoir profiter \u00e0 la fois de Brian\u00e7on dans les Hautes-Alpes et de Salon-de-Provence dans les Bouches-du-Rh\u00f4ne. De ce &hellip; <a href=\"https:\/\/patchworkinspirations.fr\/?p=2664\">Continuer la lecture <span class=\"meta-nav\">&rarr;<\/span><\/a><\/p>\n","protected":false},"author":1,"featured_media":0,"comment_status":"open","ping_status":"open","sticky":false,"template":"","format":"standard","meta":{"footnotes":""},"categories":[1],"tags":[],"class_list":["post-2664","post","type-post","status-publish","format-standard","hentry","category-non-classe"],"_links":{"self":[{"href":"https:\/\/patchworkinspirations.fr\/index.php?rest_route=\/wp\/v2\/posts\/2664","targetHints":{"allow":["GET"]}}],"collection":[{"href":"https:\/\/patchworkinspirations.fr\/index.php?rest_route=\/wp\/v2\/posts"}],"about":[{"href":"https:\/\/patchworkinspirations.fr\/index.php?rest_route=\/wp\/v2\/types\/post"}],"author":[{"embeddable":true,"href":"https:\/\/patchworkinspirations.fr\/index.php?rest_route=\/wp\/v2\/users\/1"}],"replies":[{"embeddable":true,"href":"https:\/\/patchworkinspirations.fr\/index.php?rest_route=%2Fwp%2Fv2%2Fcomments&post=2664"}],"version-history":[{"count":3,"href":"https:\/\/patchworkinspirations.fr\/index.php?rest_route=\/wp\/v2\/posts\/2664\/revisions"}],"predecessor-version":[{"id":2673,"href":"https:\/\/patchworkinspirations.fr\/index.php?rest_route=\/wp\/v2\/posts\/2664\/revisions\/2673"}],"wp:attachment":[{"href":"https:\/\/patchworkinspirations.fr\/index.php?rest_route=%2Fwp%2Fv2%2Fmedia&parent=2664"}],"wp:term":[{"taxonomy":"category","embeddable":true,"href":"https:\/\/patchworkinspirations.fr\/index.php?rest_route=%2Fwp%2Fv2%2Fcategories&post=2664"},{"taxonomy":"post_tag","embeddable":true,"href":"https:\/\/patchworkinspirations.fr\/index.php?rest_route=%2Fwp%2Fv2%2Ftags&post=2664"}],"curies":[{"name":"wp","href":"https:\/\/api.w.org\/{rel}","templated":true}]}}