{"id":232,"date":"2013-12-18T08:20:56","date_gmt":"2013-12-18T07:20:56","guid":{"rendered":"http:\/\/patchworkinspirations.fr\/?p=232"},"modified":"2013-12-18T08:20:56","modified_gmt":"2013-12-18T07:20:56","slug":"ho-ho-ho","status":"publish","type":"post","link":"https:\/\/patchworkinspirations.fr\/?p=232","title":{"rendered":"Ho ! Ho ! Ho !"},"content":{"rendered":"<div class=\"fcbkbttn_buttons_block\" id=\"fcbkbttn_left\"><div class=\"fcbkbttn_button\">\n\t\t\t\t\t<a href=\"https:\/\/www.facebook.com\/http:\/\/facebook.com\/patchworkinspirations\" target=\"_blank\">\n\t\t\t\t\t\t<img decoding=\"async\" src=\"https:\/\/patchworkinspirations.fr\/wp-content\/plugins\/facebook-button-plugin\/images\/standard-facebook-ico.png\" alt=\"Fb-Button\" \/>\n\t\t\t\t\t<\/a>\n\t\t\t\t<\/div><div class=\"fcbkbttn_like \"><fb:like href=\"https:\/\/patchworkinspirations.fr\/?p=232\" action=\"like\" colorscheme=\"light\" layout=\"button_count\"  size=\"small\"><\/fb:like><\/div><div class=\"fb-share-button  \" data-href=\"https:\/\/patchworkinspirations.fr\/?p=232\" data-type=\"button_count\" data-size=\"small\"><\/div><\/div><p>Bonjour !<\/p>\n<p>Ce post est un peu sp\u00e9cial car c&rsquo;est le dernier de l&rsquo;ann\u00e9e 2013 ! <\/p>\n<p><a href=\"http:\/\/patchworkinspirations.fr\/wp-content\/uploads\/2013\/12\/P1060087.jpg\"><img loading=\"lazy\" decoding=\"async\" src=\"http:\/\/patchworkinspirations.fr\/wp-content\/uploads\/2013\/12\/P1060087-300x225.jpg\" alt=\"P1060087\" width=\"300\" height=\"225\" class=\"alignnone size-medium wp-image-228\" srcset=\"https:\/\/patchworkinspirations.fr\/wp-content\/uploads\/2013\/12\/P1060087-300x225.jpg 300w, https:\/\/patchworkinspirations.fr\/wp-content\/uploads\/2013\/12\/P1060087-1024x768.jpg 1024w, https:\/\/patchworkinspirations.fr\/wp-content\/uploads\/2013\/12\/P1060087-400x300.jpg 400w, https:\/\/patchworkinspirations.fr\/wp-content\/uploads\/2013\/12\/P1060087.jpg 1200w\" sizes=\"auto, (max-width: 300px) 100vw, 300px\" \/><\/a><\/p>\n<p>Il y a dix ans, jour pour jour, j&rsquo;inaugurais mon premier quilt &#8230;.Et oui, j&rsquo;ai commenc\u00e9 le patchwork en septembre 2003 en Haute-Sa\u00f4ne, et plus pr\u00e9cis\u00e9ment \u00e0 Luxeuil-les-Bains. Nous \u00e9tions un petit groupe de douze inscrites et seulement deux d\u00e9butantes &#8230;<br \/>\nLes plus jeunes avaient environ 30 ans et cela allait crescendo, jusqu&rsquo;\u00e0 notre doyenne, une incroyable dame dont je dirais qu&rsquo;elle avait l&rsquo;\u00e2ge de la sagesse, mais dont le souvenir m&rsquo;est encore tr\u00e8s vivace. Je me souviens d&rsquo;elle car au travers de ses travaux, elle nous a appris bien des choses.<br \/>\nElle \u00e9tait \u00e0 elle seule une mine incroyable de savoir-faire et sa maison devait certainement regorger de quilts en tout genre !<br \/>\nJe dois vous pr\u00e9ciser que Mich\u00e8le J. avait \u00e0 son actif deux Dear Jane quilt\u00e9s (oui Mesdames, vous avez bien lu !) et je me souviens m\u00eame qu&rsquo;elle nous avait pr\u00e9cis\u00e9 qu&rsquo;elle avait mis trois mois pour en matelasser un seul.<br \/>\nVous m&rsquo;imaginez devant ce public&#8230;.. \ud83d\ude42<br \/>\nJ&rsquo;esp\u00e8re de tout c\u0153ur que Mich\u00e8le continue de faire de beaux quilts, dans la Haute-Sa\u00f4ne ! <\/p>\n<p>Mon professeur qui s&rsquo;appelait Martine (vous pouvez cliquer dans ma blog list Atelier Maninoumalou) nous a mis au point le fameux sampler de No\u00ebl pour les d\u00e9butantes !<br \/>\nAvant de vous montrer la photo, je dois vous pr\u00e9ciser qu&rsquo;\u00e0 l&rsquo;\u00e9poque, j&rsquo;ignorais m\u00eame qu&rsquo;il existait des tissus propres au patch !<br \/>\nUne vraie n\u00e9ophyte !!! \ud83d\ude42<\/p>\n<p><a href=\"http:\/\/patchworkinspirations.fr\/wp-content\/uploads\/2013\/12\/P1060107.jpg\"><img loading=\"lazy\" decoding=\"async\" src=\"http:\/\/patchworkinspirations.fr\/wp-content\/uploads\/2013\/12\/P1060107-300x225.jpg\" alt=\"P1060107\" width=\"300\" height=\"225\" class=\"alignnone size-medium wp-image-231\" srcset=\"https:\/\/patchworkinspirations.fr\/wp-content\/uploads\/2013\/12\/P1060107-300x225.jpg 300w, https:\/\/patchworkinspirations.fr\/wp-content\/uploads\/2013\/12\/P1060107-1024x768.jpg 1024w, https:\/\/patchworkinspirations.fr\/wp-content\/uploads\/2013\/12\/P1060107-400x300.jpg 400w, https:\/\/patchworkinspirations.fr\/wp-content\/uploads\/2013\/12\/P1060107.jpg 1200w\" sizes=\"auto, (max-width: 300px) 100vw, 300px\" \/><\/a><\/p>\n<p>Voil\u00e0 mon premier sampler r\u00e9alis\u00e9 \u00e0 partir de tissus quelconques !! LOL !!<br \/>\nJ&rsquo;avais quand m\u00eame mis un point d&rsquo;honneur \u00e0 coudre du lamin\u00e9 pour \u00eatre en accord avec les f\u00eates de fin d&rsquo;ann\u00e9e !!<br \/>\nVous pouvez aller voir chez Martine, car sans se concerter, elle a aussi mis en ligne son sampler qu&rsquo;elle a r\u00e9alis\u00e9 avec nous, nous apprenant ainsi \u00e0 faire nos premi\u00e8res \u00e9toiles.<\/p>\n<p>Voil\u00e0 mes d\u00e9buts mais je vous montrerai dans d&rsquo;autres posts que j&rsquo;ai vite appris \u00e0 faire chauffer ma carte bleue en rep\u00e9rant les bons magasins de tissus &#8230; \ud83d\ude42<\/p>\n<p>Quelques ann\u00e9es plus tard, gr\u00e2ce \u00e0 Internet et apr\u00e8s trois d\u00e9m\u00e9nagements, j&rsquo;\u00e9tais toujours en contact avec mon professeur et quelques amies.<br \/>\nNous avons d\u00e9cid\u00e9 de suivre le Bom de No\u00ebl de Nathalie Trois, une brodeuse talentueuse connue pour sa sp\u00e9cialit\u00e9 du Hardanger !<\/p>\n<p><a href=\"http:\/\/patchworkinspirations.fr\/wp-content\/uploads\/2013\/12\/P1060086.jpg\"><img loading=\"lazy\" decoding=\"async\" src=\"http:\/\/patchworkinspirations.fr\/wp-content\/uploads\/2013\/12\/P1060086-225x300.jpg\" alt=\"P1060086\" width=\"225\" height=\"300\" class=\"alignnone size-medium wp-image-227\" srcset=\"https:\/\/patchworkinspirations.fr\/wp-content\/uploads\/2013\/12\/P1060086-225x300.jpg 225w, https:\/\/patchworkinspirations.fr\/wp-content\/uploads\/2013\/12\/P1060086-768x1024.jpg 768w, https:\/\/patchworkinspirations.fr\/wp-content\/uploads\/2013\/12\/P1060086.jpg 900w\" sizes=\"auto, (max-width: 225px) 100vw, 225px\" \/><\/a><\/p>\n<p>J&rsquo;ai rajout\u00e9 du fil et des perles dor\u00e9s mais on a un peu de mal \u00e0 les voir sur la photo&#8230;<\/p>\n<p>Enfin, derni\u00e8rement et sp\u00e9cialement pour ce No\u00ebl, j&rsquo;ai litt\u00e9ralement flash\u00e9 sur ce quilt tr\u00e8s country issu du Primitive Quilts and Projects d&rsquo;hiver 2012.<\/p>\n<p><a href=\"http:\/\/patchworkinspirations.fr\/wp-content\/uploads\/2013\/12\/P1060088.jpg\"><img loading=\"lazy\" decoding=\"async\" src=\"http:\/\/patchworkinspirations.fr\/wp-content\/uploads\/2013\/12\/P1060088-225x300.jpg\" alt=\"P1060088\" width=\"225\" height=\"300\" class=\"alignnone size-medium wp-image-229\" srcset=\"https:\/\/patchworkinspirations.fr\/wp-content\/uploads\/2013\/12\/P1060088-225x300.jpg 225w, https:\/\/patchworkinspirations.fr\/wp-content\/uploads\/2013\/12\/P1060088-768x1024.jpg 768w, https:\/\/patchworkinspirations.fr\/wp-content\/uploads\/2013\/12\/P1060088.jpg 900w\" sizes=\"auto, (max-width: 225px) 100vw, 225px\" \/><\/a><\/p>\n<p>Sa cr\u00e9atrice est Cheri Payne (clic sur Quilts by Cheri) et il mesure 18&Prime; x 30&Prime; ce qui fait approximativement 45 x 76 cm.<br \/>\nJe me suis amus\u00e9e \u00e0 mettre ce tissu au dos.<\/p>\n<p><a href=\"http:\/\/patchworkinspirations.fr\/wp-content\/uploads\/2013\/12\/P1060084.jpg\"><img loading=\"lazy\" decoding=\"async\" src=\"http:\/\/patchworkinspirations.fr\/wp-content\/uploads\/2013\/12\/P1060084-300x225.jpg\" alt=\"P1060084\" width=\"300\" height=\"225\" class=\"alignnone size-medium wp-image-226\" srcset=\"https:\/\/patchworkinspirations.fr\/wp-content\/uploads\/2013\/12\/P1060084-300x225.jpg 300w, https:\/\/patchworkinspirations.fr\/wp-content\/uploads\/2013\/12\/P1060084-1024x768.jpg 1024w, https:\/\/patchworkinspirations.fr\/wp-content\/uploads\/2013\/12\/P1060084-400x300.jpg 400w, https:\/\/patchworkinspirations.fr\/wp-content\/uploads\/2013\/12\/P1060084.jpg 1200w\" sizes=\"auto, (max-width: 300px) 100vw, 300px\" \/><\/a><\/p>\n<p><a href=\"http:\/\/patchworkinspirations.fr\/wp-content\/uploads\/2013\/12\/P1060091.jpg\"><img loading=\"lazy\" decoding=\"async\" src=\"http:\/\/patchworkinspirations.fr\/wp-content\/uploads\/2013\/12\/P1060091-300x225.jpg\" alt=\"P1060091\" width=\"300\" height=\"225\" class=\"alignnone size-medium wp-image-230\" srcset=\"https:\/\/patchworkinspirations.fr\/wp-content\/uploads\/2013\/12\/P1060091-300x225.jpg 300w, https:\/\/patchworkinspirations.fr\/wp-content\/uploads\/2013\/12\/P1060091-1024x768.jpg 1024w, https:\/\/patchworkinspirations.fr\/wp-content\/uploads\/2013\/12\/P1060091-400x300.jpg 400w, https:\/\/patchworkinspirations.fr\/wp-content\/uploads\/2013\/12\/P1060091.jpg 1200w\" sizes=\"auto, (max-width: 300px) 100vw, 300px\" \/><\/a><\/p>\n<p>J&rsquo;esp\u00e8re que vous passerez de bonnes f\u00eates aupr\u00e8s de vos familles.<\/p>\n<p><a href=\"http:\/\/patchworkinspirations.fr\/wp-content\/uploads\/2013\/12\/P1060111.jpg\"><img loading=\"lazy\" decoding=\"async\" src=\"http:\/\/patchworkinspirations.fr\/wp-content\/uploads\/2013\/12\/P1060111-300x225.jpg\" alt=\"P1060111\" width=\"300\" height=\"225\" class=\"alignnone size-medium wp-image-241\" srcset=\"https:\/\/patchworkinspirations.fr\/wp-content\/uploads\/2013\/12\/P1060111-300x225.jpg 300w, https:\/\/patchworkinspirations.fr\/wp-content\/uploads\/2013\/12\/P1060111-1024x768.jpg 1024w, https:\/\/patchworkinspirations.fr\/wp-content\/uploads\/2013\/12\/P1060111-400x300.jpg 400w, https:\/\/patchworkinspirations.fr\/wp-content\/uploads\/2013\/12\/P1060111.jpg 1200w\" sizes=\"auto, (max-width: 300px) 100vw, 300px\" \/><\/a><br \/>\nJe vous souhaite \u00e0 toutes et \u00e0 tous un Joyeux No\u00ebl&#8230;<\/p>\n<p>Je vous remercie pour votre visite.<br \/>\nA l&rsquo;ann\u00e9e prochaine !<br \/>\nC\u00e9cile<\/p>\n","protected":false},"excerpt":{"rendered":"<p>Bonjour ! Ce post est un peu sp\u00e9cial car c&rsquo;est le dernier de l&rsquo;ann\u00e9e 2013 ! Il y a dix ans, jour pour jour, j&rsquo;inaugurais mon premier quilt &#8230;.Et oui, j&rsquo;ai commenc\u00e9 le patchwork en septembre 2003 en Haute-Sa\u00f4ne, et &hellip; <a href=\"https:\/\/patchworkinspirations.fr\/?p=232\">Continuer la lecture <span class=\"meta-nav\">&rarr;<\/span><\/a><\/p>\n","protected":false},"author":1,"featured_media":0,"comment_status":"open","ping_status":"open","sticky":false,"template":"","format":"standard","meta":{"footnotes":""},"categories":[1],"tags":[],"class_list":["post-232","post","type-post","status-publish","format-standard","hentry","category-non-classe"],"_links":{"self":[{"href":"https:\/\/patchworkinspirations.fr\/index.php?rest_route=\/wp\/v2\/posts\/232","targetHints":{"allow":["GET"]}}],"collection":[{"href":"https:\/\/patchworkinspirations.fr\/index.php?rest_route=\/wp\/v2\/posts"}],"about":[{"href":"https:\/\/patchworkinspirations.fr\/index.php?rest_route=\/wp\/v2\/types\/post"}],"author":[{"embeddable":true,"href":"https:\/\/patchworkinspirations.fr\/index.php?rest_route=\/wp\/v2\/users\/1"}],"replies":[{"embeddable":true,"href":"https:\/\/patchworkinspirations.fr\/index.php?rest_route=%2Fwp%2Fv2%2Fcomments&post=232"}],"version-history":[{"count":12,"href":"https:\/\/patchworkinspirations.fr\/index.php?rest_route=\/wp\/v2\/posts\/232\/revisions"}],"predecessor-version":[{"id":247,"href":"https:\/\/patchworkinspirations.fr\/index.php?rest_route=\/wp\/v2\/posts\/232\/revisions\/247"}],"wp:attachment":[{"href":"https:\/\/patchworkinspirations.fr\/index.php?rest_route=%2Fwp%2Fv2%2Fmedia&parent=232"}],"wp:term":[{"taxonomy":"category","embeddable":true,"href":"https:\/\/patchworkinspirations.fr\/index.php?rest_route=%2Fwp%2Fv2%2Fcategories&post=232"},{"taxonomy":"post_tag","embeddable":true,"href":"https:\/\/patchworkinspirations.fr\/index.php?rest_route=%2Fwp%2Fv2%2Ftags&post=232"}],"curies":[{"name":"wp","href":"https:\/\/api.w.org\/{rel}","templated":true}]}}