{"id":2258,"date":"2016-08-18T09:17:57","date_gmt":"2016-08-18T08:17:57","guid":{"rendered":"http:\/\/patchworkinspirations.fr\/?p=2258"},"modified":"2016-10-01T13:54:05","modified_gmt":"2016-10-01T12:54:05","slug":"le-projet-70273","status":"publish","type":"post","link":"https:\/\/patchworkinspirations.fr\/?p=2258","title":{"rendered":"Le projet 70273"},"content":{"rendered":"<div class=\"fcbkbttn_buttons_block\" id=\"fcbkbttn_left\"><div class=\"fcbkbttn_button\">\n\t\t\t\t\t<a href=\"https:\/\/www.facebook.com\/http:\/\/facebook.com\/patchworkinspirations\" target=\"_blank\">\n\t\t\t\t\t\t<img decoding=\"async\" src=\"https:\/\/patchworkinspirations.fr\/wp-content\/plugins\/facebook-button-plugin\/images\/standard-facebook-ico.png\" alt=\"Fb-Button\" \/>\n\t\t\t\t\t<\/a>\n\t\t\t\t<\/div><div class=\"fcbkbttn_like \"><fb:like href=\"https:\/\/patchworkinspirations.fr\/?p=2258\" action=\"like\" colorscheme=\"light\" layout=\"button_count\"  size=\"small\"><\/fb:like><\/div><div class=\"fb-share-button  \" data-href=\"https:\/\/patchworkinspirations.fr\/?p=2258\" data-type=\"button_count\" data-size=\"small\"><\/div><\/div><p><a href=\"http:\/\/patchworkinspirations.fr\/wp-content\/uploads\/2016\/08\/instagram_info_card.jpg\"><img loading=\"lazy\" decoding=\"async\" class=\"size-medium wp-image-2256 aligncenter\" src=\"http:\/\/patchworkinspirations.fr\/wp-content\/uploads\/2016\/08\/instagram_info_card-300x300.jpg\" alt=\"instagram_info_card\" width=\"300\" height=\"300\" srcset=\"https:\/\/patchworkinspirations.fr\/wp-content\/uploads\/2016\/08\/instagram_info_card-300x300.jpg 300w, https:\/\/patchworkinspirations.fr\/wp-content\/uploads\/2016\/08\/instagram_info_card-150x150.jpg 150w, https:\/\/patchworkinspirations.fr\/wp-content\/uploads\/2016\/08\/instagram_info_card-768x768.jpg 768w, https:\/\/patchworkinspirations.fr\/wp-content\/uploads\/2016\/08\/instagram_info_card-250x250.jpg 250w, https:\/\/patchworkinspirations.fr\/wp-content\/uploads\/2016\/08\/instagram_info_card.jpg 1000w\" sizes=\"auto, (max-width: 300px) 100vw, 300px\" \/><\/a><\/p>\n<p>En France, je me fais le relais de plusieurs quilteuses am\u00e9ricaines qui participent \u00e0 ce projet, accompagnant Jeanne Hewell-Chambers, <a href=\"http:\/\/thebarefootheart.com\/\">thebarefootheart.com\/<\/a> qui a d\u00e9cid\u00e9 de faire un quilt compos\u00e9 de 70273 blocs. En fait et au total, 900 quilts seront realis\u00e9s !<\/p>\n<p>Entre janvier 1940 et ao\u00fbt 1941, 70273 hommes, femmes et enfants handicap\u00e9s physiquement et mentalement ont \u00e9t\u00e9 assassin\u00e9s par les nazis.<br \/>\nLes m\u00e9decins d\u00e9cidaient tr\u00e9s rapidement, sans regarder et examiner les personnes et leur triste sort \u00e9tait r\u00e9gl\u00e9 en une minute avec une croix rouge marqu\u00e9e au bas de leur dossier.<br \/>\nLes personnes handicap\u00e9es disparaissaient dans les deux heures suivantes. Quelle honte&#8230;.<\/p>\n<p>C&rsquo;est un projet fou que Jeanne est en train de r\u00e9aliser mais quel beau projet&#8230;.Un bloc par personne pour qu&rsquo;on ne les oublie pas.<\/p>\n<p><a href=\"http:\/\/patchworkinspirations.fr\/wp-content\/uploads\/2016\/08\/P1080239.jpg\"><img loading=\"lazy\" decoding=\"async\" class=\"size-medium wp-image-2257 aligncenter\" src=\"http:\/\/patchworkinspirations.fr\/wp-content\/uploads\/2016\/08\/P1080239-300x225.jpg\" alt=\"P1080239\" width=\"300\" height=\"225\" srcset=\"https:\/\/patchworkinspirations.fr\/wp-content\/uploads\/2016\/08\/P1080239-300x225.jpg 300w, https:\/\/patchworkinspirations.fr\/wp-content\/uploads\/2016\/08\/P1080239-768x576.jpg 768w, https:\/\/patchworkinspirations.fr\/wp-content\/uploads\/2016\/08\/P1080239-1024x768.jpg 1024w, https:\/\/patchworkinspirations.fr\/wp-content\/uploads\/2016\/08\/P1080239-400x300.jpg 400w, https:\/\/patchworkinspirations.fr\/wp-content\/uploads\/2016\/08\/P1080239.jpg 1200w\" sizes=\"auto, (max-width: 300px) 100vw, 300px\" \/><\/a><\/p>\n<p>Cela a d\u00fb me prendre 15 minutes pour faire ce bloc mais ce n&rsquo;est pas grand chose face \u00e0 ce tragique \u00e9pisode de l&rsquo;histoire.<br \/>\nLes blocs peuvent avoir 3 tailles :<br \/>\n&#8211; 9,5&Prime; x 12,5&Prime; (24 x 31,5 cm)<br \/>\n&#8211; 6,5&Prime; x 9,5&Prime; (16,5 x 24 cm)<br \/>\n&#8211; 3,5&Prime; x 6,5&Prime; (9 x 16,5 cm)<\/p>\n<p>Attention ! Les marges de couture<em> sont incluses<\/em> dans les dimensions donn\u00e9es !<br \/>\nDe plus, allez sur le blog de Katell, <a href=\"http:\/\/quilteuseforever.wordpress.com\/\">quilteuseforever.wordpress.com\/<\/a> un PDF est \u00e0 imprimer et \u00e0 joindre \u00e0 vos blocs. Rien de compliqu\u00e9 mais Jeanne tient absolument \u00e0 rendre hommage \u00e0 tous les participants et \u00e0 garder une trace de leur participation. Le PDF est en anglais mais une traduction a \u00e9t\u00e9 faite.<\/p>\n<p>Si comme moi, vous connaissez des personnes handicap\u00e9es, vous serez certainement touch\u00e9 par ce projet. Vous pouvez envoyer vos blocs \u00e0  cette adresse :<\/p>\n<p>Jeanne Hewell-Chambers<br \/>\nPOB 994\/Cashiers, NC 28717<br \/>\nUSA<\/p>\n<p>Je vous remercie pour votre attention.<br \/>\nC\u00e9cile<\/p>\n<p>Petit rajout : il existe un groupe Facebook pour ce projet ! The 70273 Project Facebook Page.<br \/>\nJe n&rsquo;ai pas de compte mais peut-\u00eatre devrais-je songer \u00e0 faire quelque chose&#8230;<\/p>\n","protected":false},"excerpt":{"rendered":"<p>En France, je me fais le relais de plusieurs quilteuses am\u00e9ricaines qui participent \u00e0 ce projet, accompagnant Jeanne Hewell-Chambers, thebarefootheart.com\/ qui a d\u00e9cid\u00e9 de faire un quilt compos\u00e9 de 70273 blocs. En fait et au total, 900 quilts seront realis\u00e9s &hellip; <a href=\"https:\/\/patchworkinspirations.fr\/?p=2258\">Continuer la lecture <span class=\"meta-nav\">&rarr;<\/span><\/a><\/p>\n","protected":false},"author":1,"featured_media":0,"comment_status":"open","ping_status":"open","sticky":false,"template":"","format":"standard","meta":{"footnotes":""},"categories":[1],"tags":[],"class_list":["post-2258","post","type-post","status-publish","format-standard","hentry","category-non-classe"],"_links":{"self":[{"href":"https:\/\/patchworkinspirations.fr\/index.php?rest_route=\/wp\/v2\/posts\/2258","targetHints":{"allow":["GET"]}}],"collection":[{"href":"https:\/\/patchworkinspirations.fr\/index.php?rest_route=\/wp\/v2\/posts"}],"about":[{"href":"https:\/\/patchworkinspirations.fr\/index.php?rest_route=\/wp\/v2\/types\/post"}],"author":[{"embeddable":true,"href":"https:\/\/patchworkinspirations.fr\/index.php?rest_route=\/wp\/v2\/users\/1"}],"replies":[{"embeddable":true,"href":"https:\/\/patchworkinspirations.fr\/index.php?rest_route=%2Fwp%2Fv2%2Fcomments&post=2258"}],"version-history":[{"count":10,"href":"https:\/\/patchworkinspirations.fr\/index.php?rest_route=\/wp\/v2\/posts\/2258\/revisions"}],"predecessor-version":[{"id":2261,"href":"https:\/\/patchworkinspirations.fr\/index.php?rest_route=\/wp\/v2\/posts\/2258\/revisions\/2261"}],"wp:attachment":[{"href":"https:\/\/patchworkinspirations.fr\/index.php?rest_route=%2Fwp%2Fv2%2Fmedia&parent=2258"}],"wp:term":[{"taxonomy":"category","embeddable":true,"href":"https:\/\/patchworkinspirations.fr\/index.php?rest_route=%2Fwp%2Fv2%2Fcategories&post=2258"},{"taxonomy":"post_tag","embeddable":true,"href":"https:\/\/patchworkinspirations.fr\/index.php?rest_route=%2Fwp%2Fv2%2Ftags&post=2258"}],"curies":[{"name":"wp","href":"https:\/\/api.w.org\/{rel}","templated":true}]}}