{"id":2218,"date":"2016-07-14T15:50:57","date_gmt":"2016-07-14T14:50:57","guid":{"rendered":"http:\/\/patchworkinspirations.fr\/?p=2218"},"modified":"2016-07-14T15:50:57","modified_gmt":"2016-07-14T14:50:57","slug":"one-lovely-blog-award","status":"publish","type":"post","link":"https:\/\/patchworkinspirations.fr\/?p=2218","title":{"rendered":"One lovely blog award !!"},"content":{"rendered":"<div class=\"fcbkbttn_buttons_block\" id=\"fcbkbttn_left\"><div class=\"fcbkbttn_button\">\n\t\t\t\t\t<a href=\"https:\/\/www.facebook.com\/http:\/\/facebook.com\/patchworkinspirations\" target=\"_blank\">\n\t\t\t\t\t\t<img decoding=\"async\" src=\"https:\/\/patchworkinspirations.fr\/wp-content\/plugins\/facebook-button-plugin\/images\/standard-facebook-ico.png\" alt=\"Fb-Button\" \/>\n\t\t\t\t\t<\/a>\n\t\t\t\t<\/div><div class=\"fcbkbttn_like \"><fb:like href=\"https:\/\/patchworkinspirations.fr\/?p=2218\" action=\"like\" colorscheme=\"light\" layout=\"button_count\"  size=\"small\"><\/fb:like><\/div><div class=\"fb-share-button  \" data-href=\"https:\/\/patchworkinspirations.fr\/?p=2218\" data-type=\"button_count\" data-size=\"small\"><\/div><\/div><p><a href=\"http:\/\/patchworkinspirations.fr\/wp-content\/uploads\/2016\/07\/one-lovely-blog.png\"><img loading=\"lazy\" decoding=\"async\" class=\"size-medium wp-image-2220 aligncenter\" src=\"http:\/\/patchworkinspirations.fr\/wp-content\/uploads\/2016\/07\/one-lovely-blog-300x172.png\" alt=\"one-lovely-blog\" width=\"300\" height=\"172\" srcset=\"https:\/\/patchworkinspirations.fr\/wp-content\/uploads\/2016\/07\/one-lovely-blog-300x172.png 300w, https:\/\/patchworkinspirations.fr\/wp-content\/uploads\/2016\/07\/one-lovely-blog-500x287.png 500w, https:\/\/patchworkinspirations.fr\/wp-content\/uploads\/2016\/07\/one-lovely-blog.png 616w\" sizes=\"auto, (max-width: 300px) 100vw, 300px\" \/><\/a><\/p>\n<p>Il y a quelques jours de cela, j&rsquo;ai re\u00e7u une tr\u00e8s agr\u00e9able surprise de la part de Katy du blog <a href=\"http:\/\/katyquilts.net\/\">katyquilts.net\/<\/a><br \/>\nKaty et moi nous \u00ab\u00a0papotons\u00a0\u00bb souvent patchwork sur le net et appr\u00e9cions mutuellement nos blogs ! Elle est une sp\u00e9cialiste du quilting machine et poss\u00e8de d&rsquo;ailleurs une Avant\u00e9 qu&rsquo;elle manie avec dext\u00e9rit\u00e9 et pr\u00e9cision ! De plus elle a v\u00e9cu trois ann\u00e9es pr\u00e9s de Paris, \u00e0 Chatou tr\u00e9s exactement, alors regarder un peu mon blog, c&rsquo;est aussi pour elle se souvenir de ces ann\u00e9es-l\u00e0.<\/p>\n<p>Merci beaucoup Katy d&rsquo;avoir si gentiment pens\u00e9 \u00e0 moi :).<\/p>\n<p>Liste des r\u00e8gles :<br \/>\n&#8211; Remercier la personne.<br \/>\n&#8211; Ecrire la liste des r\u00e8gles.<br \/>\n&#8211; Mettre la photo de l&rsquo;Award.<br \/>\n&#8211; Ecrire 7 faits nous concernant.<br \/>\n&#8211; Nominer 15 bloggers et leur \u00e9crire que vous les avez nomin\u00e9.<br \/>\nOuf !<\/p>\n<p>Ce n&rsquo;est pas \u00e9vident de parler de soi-m\u00eame mais je vais essayer de jouer le jeu.<\/p>\n<p>1\/ Cela fera 13 ans en septembre que j&rsquo;ai appris le patchwork. Je suis de style traditionnel mais j&rsquo;aime aussi admirer les quilts modernes. Par contre, l&rsquo;art textile ne m&rsquo;attire pas du tout car je pense que je ne le comprends pas.<br \/>\n<a href=\"http:\/\/patchworkinspirations.fr\/wp-content\/uploads\/2016\/07\/P1080232.jpg\"><img loading=\"lazy\" decoding=\"async\" class=\"size-medium wp-image-2227 aligncenter\" src=\"http:\/\/patchworkinspirations.fr\/wp-content\/uploads\/2016\/07\/P1080232-300x225.jpg\" alt=\"P1080232\" width=\"300\" height=\"225\" srcset=\"https:\/\/patchworkinspirations.fr\/wp-content\/uploads\/2016\/07\/P1080232-300x225.jpg 300w, https:\/\/patchworkinspirations.fr\/wp-content\/uploads\/2016\/07\/P1080232-768x576.jpg 768w, https:\/\/patchworkinspirations.fr\/wp-content\/uploads\/2016\/07\/P1080232-1024x768.jpg 1024w, https:\/\/patchworkinspirations.fr\/wp-content\/uploads\/2016\/07\/P1080232-400x300.jpg 400w, https:\/\/patchworkinspirations.fr\/wp-content\/uploads\/2016\/07\/P1080232.jpg 1200w\" sizes=\"auto, (max-width: 300px) 100vw, 300px\" \/><\/a><\/p>\n<p>2\/ Mes quilts pr\u00e9f\u00e9r\u00e9s sont ceux de l&rsquo;Angleterre des 18 et 19\u00e8me si\u00e8cles, et mon r\u00eave serait de visiter le Victoria and Albert Museum \u00e0 Londres.<br \/>\n<a href=\"http:\/\/patchworkinspirations.fr\/wp-content\/uploads\/2016\/07\/P1080228.jpg\"><img loading=\"lazy\" decoding=\"async\" class=\"size-medium wp-image-2225 aligncenter\" src=\"http:\/\/patchworkinspirations.fr\/wp-content\/uploads\/2016\/07\/P1080228-300x225.jpg\" alt=\"P1080228\" width=\"300\" height=\"225\" srcset=\"https:\/\/patchworkinspirations.fr\/wp-content\/uploads\/2016\/07\/P1080228-300x225.jpg 300w, https:\/\/patchworkinspirations.fr\/wp-content\/uploads\/2016\/07\/P1080228-768x576.jpg 768w, https:\/\/patchworkinspirations.fr\/wp-content\/uploads\/2016\/07\/P1080228-1024x768.jpg 1024w, https:\/\/patchworkinspirations.fr\/wp-content\/uploads\/2016\/07\/P1080228-400x300.jpg 400w, https:\/\/patchworkinspirations.fr\/wp-content\/uploads\/2016\/07\/P1080228.jpg 1200w\" sizes=\"auto, (max-width: 300px) 100vw, 300px\" \/><\/a><\/p>\n<p>3\/ Ma couleur pr\u00e9f\u00e9r\u00e9e reste sans nul doute le marron car elle se marie avec TOUTES les autres couleurs (sauf le violet, mais cela ne me g\u00e8ne gu\u00e8re vu que je n&rsquo;en ai jamais utilis\u00e9 \ud83d\ude09<\/p>\n<p>4\/ Je d\u00e9teste \u00eatre chang\u00e9e brutalement dans mes habitudes ! Je crois que je suis plut\u00f4t casani\u00e8re et bien chez moi mais rassurez-vous, je me soigne ! Par exemple, je vais dans les salons de patchwork&#8230; et si vous me croisez, n&rsquo;h\u00e9sitez pas \u00e0 lever les bras bien haut en les agitant car j&rsquo;ai la f\u00e2cheuse manie de ne voir personne quand il y a foule !! C&rsquo;est vrai !<\/p>\n<p>5\/ La lecture fait partie de ma vie depuis toujours ! J&rsquo;aime les livres d&rsquo;histoire mais aussi la litt\u00e9rature anglaise du 19\u00e8me si\u00e8cle.<\/p>\n<p>6\/ J&rsquo;adore les animaux et surtout les chats. Voici Abby qui a 2 ans et qui est toute mignonne lorsqu&rsquo;elle ne fait pas de b\u00eatises !<br \/>\n<a href=\"http:\/\/patchworkinspirations.fr\/wp-content\/uploads\/2016\/07\/P1080229.jpg\"><img loading=\"lazy\" decoding=\"async\" class=\"size-medium wp-image-2226 aligncenter\" src=\"http:\/\/patchworkinspirations.fr\/wp-content\/uploads\/2016\/07\/P1080229-300x225.jpg\" alt=\"P1080229\" width=\"300\" height=\"225\" srcset=\"https:\/\/patchworkinspirations.fr\/wp-content\/uploads\/2016\/07\/P1080229-300x225.jpg 300w, https:\/\/patchworkinspirations.fr\/wp-content\/uploads\/2016\/07\/P1080229-768x576.jpg 768w, https:\/\/patchworkinspirations.fr\/wp-content\/uploads\/2016\/07\/P1080229-1024x768.jpg 1024w, https:\/\/patchworkinspirations.fr\/wp-content\/uploads\/2016\/07\/P1080229-400x300.jpg 400w, https:\/\/patchworkinspirations.fr\/wp-content\/uploads\/2016\/07\/P1080229.jpg 1200w\" sizes=\"auto, (max-width: 300px) 100vw, 300px\" \/><\/a><\/p>\n<p>7\/ Ce que j&rsquo;aime le moins dans le patchwork ? Faire et coudre la bande de biais. Il annonce joyeusement la fin du quilt je sais, mais je trouve cela assez r\u00e9barbatif .. Ce que j&rsquo;aime le plus ? Les \u00e9changes entre diff\u00e9rents pays !<br \/>\n<a href=\"http:\/\/patchworkinspirations.fr\/wp-content\/uploads\/2016\/04\/P1080067.jpg\"><img loading=\"lazy\" decoding=\"async\" class=\"size-medium wp-image-2026 aligncenter\" src=\"http:\/\/patchworkinspirations.fr\/wp-content\/uploads\/2016\/04\/P1080067-300x225.jpg\" alt=\"P1080067\" width=\"300\" height=\"225\" srcset=\"https:\/\/patchworkinspirations.fr\/wp-content\/uploads\/2016\/04\/P1080067-300x225.jpg 300w, https:\/\/patchworkinspirations.fr\/wp-content\/uploads\/2016\/04\/P1080067-768x576.jpg 768w, https:\/\/patchworkinspirations.fr\/wp-content\/uploads\/2016\/04\/P1080067-1024x768.jpg 1024w, https:\/\/patchworkinspirations.fr\/wp-content\/uploads\/2016\/04\/P1080067-400x300.jpg 400w, https:\/\/patchworkinspirations.fr\/wp-content\/uploads\/2016\/04\/P1080067.jpg 1200w\" sizes=\"auto, (max-width: 300px) 100vw, 300px\" \/><\/a><br \/>\nAvec Lori du blog \u00ab\u00a0Humble Quilts\u00a0\u00bb<br \/>\n<a href=\"http:\/\/patchworkinspirations.fr\/wp-content\/uploads\/2016\/04\/P1080086.jpg\"><img loading=\"lazy\" decoding=\"async\" class=\"size-medium wp-image-2005 aligncenter\" src=\"http:\/\/patchworkinspirations.fr\/wp-content\/uploads\/2016\/04\/P1080086-300x225.jpg\" alt=\"P1080086\" width=\"300\" height=\"225\" srcset=\"https:\/\/patchworkinspirations.fr\/wp-content\/uploads\/2016\/04\/P1080086-300x225.jpg 300w, https:\/\/patchworkinspirations.fr\/wp-content\/uploads\/2016\/04\/P1080086-768x576.jpg 768w, https:\/\/patchworkinspirations.fr\/wp-content\/uploads\/2016\/04\/P1080086-1024x768.jpg 1024w, https:\/\/patchworkinspirations.fr\/wp-content\/uploads\/2016\/04\/P1080086-400x300.jpg 400w, https:\/\/patchworkinspirations.fr\/wp-content\/uploads\/2016\/04\/P1080086.jpg 1200w\" sizes=\"auto, (max-width: 300px) 100vw, 300px\" \/><\/a><br \/>\nAvec Barb du blog \u00ab\u00a0Fun with Barb\u00a0\u00bb<\/p>\n<p>A pr\u00e9sent, je ne citerai qu&rsquo;une dizaine de blogs car c&rsquo;est hyper compliqu\u00e9 de faire un choix ! Et j&rsquo;en lis beaucoup !!<br \/>\nJ&rsquo;ai choisi 5 blogs fran\u00e7ais et 5 blogs \u00e9trangers.<\/p>\n<p>Les nomin\u00e9s sont sans ordre particuliers :<br \/>\n1\/ Le blog de V\u00e9ro <a href=\"http:\/\/atelierlamasure.canalblog.com\/\">atelierlamasure.canalblog.com\/<\/a><br \/>\n2\/ Le blog de Corinne <a href=\"http:\/\/ateliercocopatch.canalblog.com\/\">ateliercocopatch.canalblog.com\/<\/a><br \/>\n3\/ le blog de Sophie <a href=\"http:\/\/lunalovequilts.blogspot.fr\/\">lunalovequilts.blogspot.fr\/<\/a><br \/>\n4\/ Le blog de Barbara <a href=\"http:\/\/barbaradschaffer.blogspot.fr\/\">barbaradschaffer.blogspot.fr\/<\/a><br \/>\n5\/ Le blog de Wendy <a href=\"http:\/\/theconstantquilter.blogspot.fr\/\">theconstantquilter.blogspot.fr\/<\/a><br \/>\n6\/ Le blog de Kevin <a href=\"http:\/\/kevinthequilter.blogspot.fr\/\">kevinthequilter.blogspot.fr\/<\/a><br \/>\n7\/ Le blog de Diane <a href=\"http:\/\/www.butterflythreadsquilting.com\/\">www.butterflythreadsquilting.com\/<\/a><br \/>\n8\/ Le blog de B\u00e9atrice <a href=\"http:\/\/uneaiguilledansunebottedefoin.blogspot.fr\/\">uneaiguilledansunebottedefoin.blogspot.fr\/<\/a><br \/>\n9\/ Le blog des conteuses <a href=\"http:\/\/pointscontes.wordpress.com\/\">pointscontes.wordpress.com\/<\/a><br \/>\n10\/ Le blog de Debbie <a href=\"http:\/\/andsew4th.blogspot.fr\/\">andsew4th.blogspot.fr\/<\/a><\/p>\n<p>Bonnes vacances \u00e0 toutes et \u00e0 tous !<br \/>\nC\u00e9cile<\/p>\n","protected":false},"excerpt":{"rendered":"<p>Il y a quelques jours de cela, j&rsquo;ai re\u00e7u une tr\u00e8s agr\u00e9able surprise de la part de Katy du blog katyquilts.net\/ Katy et moi nous \u00ab\u00a0papotons\u00a0\u00bb souvent patchwork sur le net et appr\u00e9cions mutuellement nos blogs ! Elle est une &hellip; <a href=\"https:\/\/patchworkinspirations.fr\/?p=2218\">Continuer la lecture <span class=\"meta-nav\">&rarr;<\/span><\/a><\/p>\n","protected":false},"author":1,"featured_media":0,"comment_status":"open","ping_status":"open","sticky":false,"template":"","format":"standard","meta":{"footnotes":""},"categories":[1],"tags":[],"class_list":["post-2218","post","type-post","status-publish","format-standard","hentry","category-non-classe"],"_links":{"self":[{"href":"https:\/\/patchworkinspirations.fr\/index.php?rest_route=\/wp\/v2\/posts\/2218","targetHints":{"allow":["GET"]}}],"collection":[{"href":"https:\/\/patchworkinspirations.fr\/index.php?rest_route=\/wp\/v2\/posts"}],"about":[{"href":"https:\/\/patchworkinspirations.fr\/index.php?rest_route=\/wp\/v2\/types\/post"}],"author":[{"embeddable":true,"href":"https:\/\/patchworkinspirations.fr\/index.php?rest_route=\/wp\/v2\/users\/1"}],"replies":[{"embeddable":true,"href":"https:\/\/patchworkinspirations.fr\/index.php?rest_route=%2Fwp%2Fv2%2Fcomments&post=2218"}],"version-history":[{"count":10,"href":"https:\/\/patchworkinspirations.fr\/index.php?rest_route=\/wp\/v2\/posts\/2218\/revisions"}],"predecessor-version":[{"id":2249,"href":"https:\/\/patchworkinspirations.fr\/index.php?rest_route=\/wp\/v2\/posts\/2218\/revisions\/2249"}],"wp:attachment":[{"href":"https:\/\/patchworkinspirations.fr\/index.php?rest_route=%2Fwp%2Fv2%2Fmedia&parent=2218"}],"wp:term":[{"taxonomy":"category","embeddable":true,"href":"https:\/\/patchworkinspirations.fr\/index.php?rest_route=%2Fwp%2Fv2%2Fcategories&post=2218"},{"taxonomy":"post_tag","embeddable":true,"href":"https:\/\/patchworkinspirations.fr\/index.php?rest_route=%2Fwp%2Fv2%2Ftags&post=2218"}],"curies":[{"name":"wp","href":"https:\/\/api.w.org\/{rel}","templated":true}]}}