{"id":2202,"date":"2016-07-01T09:28:47","date_gmt":"2016-07-01T08:28:47","guid":{"rendered":"http:\/\/patchworkinspirations.fr\/?p=2202"},"modified":"2016-07-01T09:28:47","modified_gmt":"2016-07-01T08:28:47","slug":"juillet-est-deja-la","status":"publish","type":"post","link":"https:\/\/patchworkinspirations.fr\/?p=2202","title":{"rendered":"Juillet est d\u00e9j\u00e0 l\u00e0&#8230;."},"content":{"rendered":"<div class=\"fcbkbttn_buttons_block\" id=\"fcbkbttn_left\"><div class=\"fcbkbttn_button\">\n\t\t\t\t\t<a href=\"https:\/\/www.facebook.com\/http:\/\/facebook.com\/patchworkinspirations\" target=\"_blank\">\n\t\t\t\t\t\t<img decoding=\"async\" src=\"https:\/\/patchworkinspirations.fr\/wp-content\/plugins\/facebook-button-plugin\/images\/standard-facebook-ico.png\" alt=\"Fb-Button\" \/>\n\t\t\t\t\t<\/a>\n\t\t\t\t<\/div><div class=\"fcbkbttn_like \"><fb:like href=\"https:\/\/patchworkinspirations.fr\/?p=2202\" action=\"like\" colorscheme=\"light\" layout=\"button_count\"  size=\"small\"><\/fb:like><\/div><div class=\"fb-share-button  \" data-href=\"https:\/\/patchworkinspirations.fr\/?p=2202\" data-type=\"button_count\" data-size=\"small\"><\/div><\/div><p>Bonjour \u00e0 toutes et \u00e0 tous !<\/p>\n<p>Pour la plupart d&rsquo;entre vous, les enfants ont termin\u00e9 leur ann\u00e9e scolaire et s\u2019appr\u00eatent \u00e0 profiter de leurs vacances !<br \/>\nPour nous, c&rsquo;est l&rsquo;heure de notre rendez-vous mensuel avec ce formidable challenge orchestr\u00e9 par :<\/p>\n<p><a href=\"http:\/\/humblequilts.blogspot.fr\/\">humblequilts.blogspot.fr\/<\/a><br \/>\n<a href=\"http:\/\/wabisabiquilts.blogspot.fr\/\">wabisabiquilts.blogspot.fr\/<\/a><br \/>\n<a href=\"http:\/\/wwwbiglakequilter.blogspot.fr\/\">wwwbiglakequilter.blogspot.fr\/<\/a><br \/>\n<a href=\"http:\/\/katyquilts.net\/\">katyquilts.net\/<\/a><br \/>\n<a href=\"http:\/\/theconstantquilter.blogspot.fr\/\">theconstantquilter.blogspot.fr\/<\/a><\/p>\n<p><a href=\"http:\/\/patchworkinspirations.fr\/wp-content\/uploads\/2016\/06\/final-large.jpg\"><img loading=\"lazy\" decoding=\"async\" class=\"size-full wp-image-2190 aligncenter\" src=\"http:\/\/patchworkinspirations.fr\/wp-content\/uploads\/2016\/06\/final-large.jpg\" alt=\"final large\" width=\"175\" height=\"222\" \/><\/a><\/p>\n<p>Mais avant de rentrer dans le vif du sujet, , je tiens \u00e0 remercier toutes les fran\u00e7aises qui se sont jointes \u00e0 nous pour ce challenge ! Nous sommes, je pense, une grosse quinzaine (voire plus !) \u00e0 le faire et je trouve cela absolument g\u00e9nial.<br \/>\nPour celles qui n&rsquo;auraient pas de blog, vous pouvez envoyer une photo de votre bloc \u00e0 celle qui organise la linky party et qui ainsi l&rsquo;ajoutera aux autres photos.<\/p>\n<p>Cynthia nous avait propos\u00e9 un th\u00e8me, celui de l&rsquo;enfance et nous devions nous d\u00e9brouiller avec cela pour cr\u00e9er notre premi\u00e8re bordure !<br \/>\nVoil\u00e0 la mienne :<\/p>\n<p><a href=\"http:\/\/patchworkinspirations.fr\/wp-content\/uploads\/2016\/06\/P1080220.jpg\"><img loading=\"lazy\" decoding=\"async\" class=\"size-medium wp-image-2200 aligncenter\" src=\"http:\/\/patchworkinspirations.fr\/wp-content\/uploads\/2016\/06\/P1080220-300x225.jpg\" alt=\"P1080220\" width=\"300\" height=\"225\" srcset=\"https:\/\/patchworkinspirations.fr\/wp-content\/uploads\/2016\/06\/P1080220-300x225.jpg 300w, https:\/\/patchworkinspirations.fr\/wp-content\/uploads\/2016\/06\/P1080220-768x576.jpg 768w, https:\/\/patchworkinspirations.fr\/wp-content\/uploads\/2016\/06\/P1080220-1024x768.jpg 1024w, https:\/\/patchworkinspirations.fr\/wp-content\/uploads\/2016\/06\/P1080220-400x300.jpg 400w, https:\/\/patchworkinspirations.fr\/wp-content\/uploads\/2016\/06\/P1080220.jpg 1200w\" sizes=\"auto, (max-width: 300px) 100vw, 300px\" \/><\/a><\/p>\n<p>Je suis n\u00e9e en Provence et j&rsquo;y suis rest\u00e9e jusqu&rsquo;\u00e0 l&rsquo;\u00e2ge de 23 ans.<br \/>\nD&rsquo;o\u00f9 le tissu proven\u00e7al rouge.<br \/>\nJe partageais mon temps entre ma ville natale, Salon, pr\u00e9s d&rsquo;Aix en Provence et Brian\u00e7on dans les Hautes-Alpes, r\u00e9gion originaire de mes grands-parents et de toutes les g\u00e9n\u00e9rations pr\u00e9c\u00e9dentes.<br \/>\nD&rsquo;o\u00f9 les triangles jaunes en tissu proven\u00e7al rappelant les montagnes.<br \/>\nAux angles, j&rsquo;ai utilis\u00e9 un tissu jaune et bleu (toujours proven\u00e7al) aux couleurs du drapeau de Salon de Provence et j&rsquo;ai aussi voulu imiter les rayons de soleil, en cousant ces bandes \u00e0 main lev\u00e9e.<\/p>\n<p>C&rsquo;est une premi\u00e8re bordure assez simple mais qui met en valeur le m\u00e9daillon central.<\/p>\n<p>Dans un autre registre, vous savez combien je suis fan de Barbara Brackman.<br \/>\nJe fais, bien s\u00fbr, partie de ces quilteuses qui font son Westering Women tous les mois, mais je r\u00e9alise aussi, et toujours avec Monique (de Maransart en Belgique) chaque semaine les blocs Hexathons qu&rsquo;elle propose.<br \/>\nVoil\u00e0 ceux de Monique, toujours aussi parfaits !<\/p>\n<p><a href=\"http:\/\/patchworkinspirations.fr\/wp-content\/uploads\/2016\/06\/6-premiers-blocs-2.jpg\"><img loading=\"lazy\" decoding=\"async\" class=\"size-medium wp-image-2199 aligncenter\" src=\"http:\/\/patchworkinspirations.fr\/wp-content\/uploads\/2016\/06\/6-premiers-blocs-2-300x225.jpg\" alt=\"6 premiers blocs (2)\" width=\"300\" height=\"225\" srcset=\"https:\/\/patchworkinspirations.fr\/wp-content\/uploads\/2016\/06\/6-premiers-blocs-2-300x225.jpg 300w, https:\/\/patchworkinspirations.fr\/wp-content\/uploads\/2016\/06\/6-premiers-blocs-2-768x576.jpg 768w, https:\/\/patchworkinspirations.fr\/wp-content\/uploads\/2016\/06\/6-premiers-blocs-2-1024x768.jpg 1024w, https:\/\/patchworkinspirations.fr\/wp-content\/uploads\/2016\/06\/6-premiers-blocs-2-400x300.jpg 400w, https:\/\/patchworkinspirations.fr\/wp-content\/uploads\/2016\/06\/6-premiers-blocs-2.jpg 1200w\" sizes=\"auto, (max-width: 300px) 100vw, 300px\" \/><\/a><\/p>\n<p>Et les miens<\/p>\n<p><a href=\"http:\/\/patchworkinspirations.fr\/wp-content\/uploads\/2016\/06\/P1080221.jpg\"><img loading=\"lazy\" decoding=\"async\" class=\"size-medium wp-image-2201 aligncenter\" src=\"http:\/\/patchworkinspirations.fr\/wp-content\/uploads\/2016\/06\/P1080221-300x225.jpg\" alt=\"P1080221\" width=\"300\" height=\"225\" srcset=\"https:\/\/patchworkinspirations.fr\/wp-content\/uploads\/2016\/06\/P1080221-300x225.jpg 300w, https:\/\/patchworkinspirations.fr\/wp-content\/uploads\/2016\/06\/P1080221-768x576.jpg 768w, https:\/\/patchworkinspirations.fr\/wp-content\/uploads\/2016\/06\/P1080221-1024x768.jpg 1024w, https:\/\/patchworkinspirations.fr\/wp-content\/uploads\/2016\/06\/P1080221-400x300.jpg 400w, https:\/\/patchworkinspirations.fr\/wp-content\/uploads\/2016\/06\/P1080221.jpg 1200w\" sizes=\"auto, (max-width: 300px) 100vw, 300px\" \/><\/a><\/p>\n<p>Vous me direz, il en manque un ! Oui, je sais je suis en retaaard !!! Et \u00e7a ne va pas s&rsquo;arranger avec les vacances qui arrivent !! \ud83d\ude09<\/p>\n<p>Je vous remercie pour vos visites.<br \/>\nHappy Quilting !<br \/>\nC\u00e9cile<\/p>\n","protected":false},"excerpt":{"rendered":"<p>Bonjour \u00e0 toutes et \u00e0 tous ! Pour la plupart d&rsquo;entre vous, les enfants ont termin\u00e9 leur ann\u00e9e scolaire et s\u2019appr\u00eatent \u00e0 profiter de leurs vacances ! Pour nous, c&rsquo;est l&rsquo;heure de notre rendez-vous mensuel avec ce formidable challenge orchestr\u00e9 &hellip; <a href=\"https:\/\/patchworkinspirations.fr\/?p=2202\">Continuer la lecture <span class=\"meta-nav\">&rarr;<\/span><\/a><\/p>\n","protected":false},"author":1,"featured_media":0,"comment_status":"open","ping_status":"open","sticky":false,"template":"","format":"standard","meta":{"footnotes":""},"categories":[1],"tags":[],"class_list":["post-2202","post","type-post","status-publish","format-standard","hentry","category-non-classe"],"_links":{"self":[{"href":"https:\/\/patchworkinspirations.fr\/index.php?rest_route=\/wp\/v2\/posts\/2202","targetHints":{"allow":["GET"]}}],"collection":[{"href":"https:\/\/patchworkinspirations.fr\/index.php?rest_route=\/wp\/v2\/posts"}],"about":[{"href":"https:\/\/patchworkinspirations.fr\/index.php?rest_route=\/wp\/v2\/types\/post"}],"author":[{"embeddable":true,"href":"https:\/\/patchworkinspirations.fr\/index.php?rest_route=\/wp\/v2\/users\/1"}],"replies":[{"embeddable":true,"href":"https:\/\/patchworkinspirations.fr\/index.php?rest_route=%2Fwp%2Fv2%2Fcomments&post=2202"}],"version-history":[{"count":10,"href":"https:\/\/patchworkinspirations.fr\/index.php?rest_route=\/wp\/v2\/posts\/2202\/revisions"}],"predecessor-version":[{"id":2217,"href":"https:\/\/patchworkinspirations.fr\/index.php?rest_route=\/wp\/v2\/posts\/2202\/revisions\/2217"}],"wp:attachment":[{"href":"https:\/\/patchworkinspirations.fr\/index.php?rest_route=%2Fwp%2Fv2%2Fmedia&parent=2202"}],"wp:term":[{"taxonomy":"category","embeddable":true,"href":"https:\/\/patchworkinspirations.fr\/index.php?rest_route=%2Fwp%2Fv2%2Fcategories&post=2202"},{"taxonomy":"post_tag","embeddable":true,"href":"https:\/\/patchworkinspirations.fr\/index.php?rest_route=%2Fwp%2Fv2%2Ftags&post=2202"}],"curies":[{"name":"wp","href":"https:\/\/api.w.org\/{rel}","templated":true}]}}