{"id":164,"date":"2013-11-19T13:19:57","date_gmt":"2013-11-19T12:19:57","guid":{"rendered":"http:\/\/patchworkinspirations.fr\/?p=164"},"modified":"2013-11-19T13:19:57","modified_gmt":"2013-11-19T12:19:57","slug":"so-zen","status":"publish","type":"post","link":"https:\/\/patchworkinspirations.fr\/?p=164","title":{"rendered":"So Zen&#8230;.."},"content":{"rendered":"<div class=\"fcbkbttn_buttons_block\" id=\"fcbkbttn_left\"><div class=\"fcbkbttn_button\">\n\t\t\t\t\t<a href=\"https:\/\/www.facebook.com\/http:\/\/facebook.com\/patchworkinspirations\" target=\"_blank\">\n\t\t\t\t\t\t<img decoding=\"async\" src=\"https:\/\/patchworkinspirations.fr\/wp-content\/plugins\/facebook-button-plugin\/images\/standard-facebook-ico.png\" alt=\"Fb-Button\" \/>\n\t\t\t\t\t<\/a>\n\t\t\t\t<\/div><div class=\"fcbkbttn_like \"><fb:like href=\"https:\/\/patchworkinspirations.fr\/?p=164\" action=\"like\" colorscheme=\"light\" layout=\"button_count\"  size=\"small\"><\/fb:like><\/div><div class=\"fb-share-button  \" data-href=\"https:\/\/patchworkinspirations.fr\/?p=164\" data-type=\"button_count\" data-size=\"small\"><\/div><\/div><p>Bonjour !<\/p>\n<p>Aujourd&rsquo;hui, je vous propose de nous projeter dans l&rsquo;univers du Japon. <\/p>\n<p>Lors d&rsquo;un salon de \u00ab\u00a0L&rsquo;Aiguille en F\u00eate\u00a0\u00bb \u00e0 Paris que toute quilteuse avertie connait ;), je suis tomb\u00e9e devant un kit trop mignon de Reiko Kato&#8230;.Comme \u00e0 l&rsquo;\u00e9poque, je n&rsquo;avais aucun tissus japonais, je me suis dit que de commencer avec un Kit, me permettrait de voir si ce style allait me plaire.<\/p>\n<p>Voici le mini que j&rsquo;ai r\u00e9alis\u00e9 :<\/p>\n<p><a href=\"http:\/\/patchworkinspirations.fr\/wp-content\/uploads\/2013\/11\/P1060063.jpg\"><img loading=\"lazy\" decoding=\"async\" src=\"http:\/\/patchworkinspirations.fr\/wp-content\/uploads\/2013\/11\/P1060063-300x225.jpg\" alt=\"P1060063\" width=\"300\" height=\"225\" class=\"alignnone size-medium wp-image-165\" srcset=\"https:\/\/patchworkinspirations.fr\/wp-content\/uploads\/2013\/11\/P1060063-300x225.jpg 300w, https:\/\/patchworkinspirations.fr\/wp-content\/uploads\/2013\/11\/P1060063-1024x768.jpg 1024w, https:\/\/patchworkinspirations.fr\/wp-content\/uploads\/2013\/11\/P1060063-400x300.jpg 400w, https:\/\/patchworkinspirations.fr\/wp-content\/uploads\/2013\/11\/P1060063.jpg 1200w\" sizes=\"auto, (max-width: 300px) 100vw, 300px\" \/><\/a><\/p>\n<p>Il mesure 53 par 23 cm.<\/p>\n<p>Vous l&rsquo;avez compris, \u00e7a m&rsquo;a plu et je me suis vraiment amus\u00e9e \u00e0 le faire !!!<\/p>\n<p><a href=\"http:\/\/patchworkinspirations.fr\/wp-content\/uploads\/2013\/11\/P1060071.jpg\"><img loading=\"lazy\" decoding=\"async\" src=\"http:\/\/patchworkinspirations.fr\/wp-content\/uploads\/2013\/11\/P1060071-300x225.jpg\" alt=\"P1060071\" width=\"300\" height=\"225\" class=\"alignnone size-medium wp-image-173\" srcset=\"https:\/\/patchworkinspirations.fr\/wp-content\/uploads\/2013\/11\/P1060071-300x225.jpg 300w, https:\/\/patchworkinspirations.fr\/wp-content\/uploads\/2013\/11\/P1060071-1024x768.jpg 1024w, https:\/\/patchworkinspirations.fr\/wp-content\/uploads\/2013\/11\/P1060071-400x300.jpg 400w, https:\/\/patchworkinspirations.fr\/wp-content\/uploads\/2013\/11\/P1060071.jpg 1200w\" sizes=\"auto, (max-width: 300px) 100vw, 300px\" \/><\/a><\/p>\n<p>Enti\u00e8rement appliqu\u00e9 et quilt\u00e9 \u00e0 la main.<\/p>\n<p>L&rsquo;ann\u00e9e d&rsquo;apr\u00e8s, je retournais avec une amie \u00e0 ce salon dans le but d&rsquo;acheter d&rsquo;autres tissus pour faire un quilt traditionnel que nous avions s\u00e9lectionn\u00e9 dans un magasine.<br \/>\nNous l&rsquo;avons vu \u00ab\u00a0en vrai\u00a0\u00bb, et fortement d\u00e9\u00e7ues, nous voil\u00e0 parties \u00e0 la recherche d&rsquo;une autre id\u00e9e&#8230;.<\/p>\n<p>Le stand Quiltmania nous tendait les bras et nous faisait de l&rsquo;\u0153il avec son quilt expos\u00e9 \u00ab\u00a0Lunes d&rsquo;Hiver\u00a0\u00bb.<br \/>\nCela a \u00e9t\u00e9 un projet fou car nous ne connaissions pas les m\u00e9trages n\u00e9cessaires, vu que le magasine \u00e9tait d\u00e9j\u00e0 sorti quelques mois auparavant !! Et oui&#8230;.<br \/>\nNous avons f\u00e9brilement choisi et achet\u00e9 nos tissus (cela nous a occup\u00e9 une bonne partie de la journ\u00e9e ! Hein Laurence tu te souviens ?) Mais je vous promets, ce n&rsquo;est que du bonheur ! \ud83d\ude42<br \/>\nDeux mois plus tard, r\u00e9alisant qu&rsquo;il allait me manquer quelques fats, j&rsquo;ai m\u00eame demand\u00e9 \u00e0 Pascale Pi\u00e8te alias \u00ab\u00a0Jubama\u00a0\u00bb qui se rendait au salon de Nantes, d&rsquo;avoir la gentillesse de m&rsquo;en acheter quelques uns !<br \/>\nJe r\u00e9alise combien l&rsquo;entraide et la confiance entre quilteuses peut \u00eatre pr\u00e9cieuse dans ces cas-l\u00e0 !!<br \/>\nPascale, sur ce coup, tu m&rsquo;as bien aid\u00e9e !! \ud83d\ude09<br \/>\nLa suite vous l&rsquo;imaginez&#8230;.Je vous montre tout d&rsquo;abord celui de Laurence avec qui j&rsquo;ai fait ce quilt. Chaque semaine et pendant une journ\u00e9e, l&rsquo;ambiance \u00e9tait studieuse !! Mais aussi que de fous rire et de bonne humeur !!<\/p>\n<p><a href=\"http:\/\/patchworkinspirations.fr\/wp-content\/uploads\/2013\/11\/2011-10-23-09.03.37.jpg\"><img loading=\"lazy\" decoding=\"async\" src=\"http:\/\/patchworkinspirations.fr\/wp-content\/uploads\/2013\/11\/2011-10-23-09.03.37-300x225.jpg\" alt=\"SAMSUNG\" width=\"300\" height=\"225\" class=\"alignnone size-medium wp-image-181\" srcset=\"https:\/\/patchworkinspirations.fr\/wp-content\/uploads\/2013\/11\/2011-10-23-09.03.37-300x225.jpg 300w, https:\/\/patchworkinspirations.fr\/wp-content\/uploads\/2013\/11\/2011-10-23-09.03.37-1024x768.jpg 1024w, https:\/\/patchworkinspirations.fr\/wp-content\/uploads\/2013\/11\/2011-10-23-09.03.37-400x300.jpg 400w, https:\/\/patchworkinspirations.fr\/wp-content\/uploads\/2013\/11\/2011-10-23-09.03.37.jpg 1200w\" sizes=\"auto, (max-width: 300px) 100vw, 300px\" \/><\/a><\/p>\n<p>Laurence est tr\u00e8s contemporaine dans le choix de ses tissus !<br \/>\nEt elle est plus courageuse que moi pour oser faire des assemblages de tons qui me para\u00eetraient , \u00e0 moi, plus qu&rsquo;improbables !!<br \/>\nDes gris et verts flashy, tr\u00e8s en vogue aujourd&rsquo;hui ! Bravo Laurence !<\/p>\n<p>Voici le mien plus classique : <\/p>\n<p><a href=\"http:\/\/patchworkinspirations.fr\/wp-content\/uploads\/2013\/11\/P1060065.jpg\"><img loading=\"lazy\" decoding=\"async\" src=\"http:\/\/patchworkinspirations.fr\/wp-content\/uploads\/2013\/11\/P1060065-300x225.jpg\" alt=\"P1060065\" width=\"300\" height=\"225\" class=\"alignnone size-medium wp-image-167\" srcset=\"https:\/\/patchworkinspirations.fr\/wp-content\/uploads\/2013\/11\/P1060065-300x225.jpg 300w, https:\/\/patchworkinspirations.fr\/wp-content\/uploads\/2013\/11\/P1060065-1024x768.jpg 1024w, https:\/\/patchworkinspirations.fr\/wp-content\/uploads\/2013\/11\/P1060065-400x300.jpg 400w, https:\/\/patchworkinspirations.fr\/wp-content\/uploads\/2013\/11\/P1060065.jpg 1200w\" sizes=\"auto, (max-width: 300px) 100vw, 300px\" \/><\/a><br \/>\nMod\u00e8le issu du Quiltmania n\u00b081, Janvier\/F\u00e9vrier 2011.<\/p>\n<p>Au passage, je vous pr\u00e9sente Monsieur Fizzy, qui comme tous les chats, se pr\u00e9cipite sur le patch que l&rsquo;on veut prendre en photo !! \ud83d\ude42<\/p>\n<p><a href=\"http:\/\/patchworkinspirations.fr\/wp-content\/uploads\/2013\/11\/P1060066.jpg\"><img loading=\"lazy\" decoding=\"async\" src=\"http:\/\/patchworkinspirations.fr\/wp-content\/uploads\/2013\/11\/P1060066-300x225.jpg\" alt=\"P1060066\" width=\"300\" height=\"225\" class=\"alignnone size-medium wp-image-168\" srcset=\"https:\/\/patchworkinspirations.fr\/wp-content\/uploads\/2013\/11\/P1060066-300x225.jpg 300w, https:\/\/patchworkinspirations.fr\/wp-content\/uploads\/2013\/11\/P1060066-1024x768.jpg 1024w, https:\/\/patchworkinspirations.fr\/wp-content\/uploads\/2013\/11\/P1060066-400x300.jpg 400w, https:\/\/patchworkinspirations.fr\/wp-content\/uploads\/2013\/11\/P1060066.jpg 1200w\" sizes=\"auto, (max-width: 300px) 100vw, 300px\" \/><\/a><\/p>\n<p>Le quilt a \u00e9t\u00e9 enti\u00e8rement r\u00e9alis\u00e9 et quilt\u00e9 \u00e0 la main. Voici quelques d\u00e9tails du quilting, r\u00e9alis\u00e9 au fil noir. <\/p>\n<p><a href=\"http:\/\/patchworkinspirations.fr\/wp-content\/uploads\/2013\/11\/P1060067.jpg\"><img loading=\"lazy\" decoding=\"async\" src=\"http:\/\/patchworkinspirations.fr\/wp-content\/uploads\/2013\/11\/P1060067-300x225.jpg\" alt=\"P1060067\" width=\"300\" height=\"225\" class=\"alignnone size-medium wp-image-169\" srcset=\"https:\/\/patchworkinspirations.fr\/wp-content\/uploads\/2013\/11\/P1060067-300x225.jpg 300w, https:\/\/patchworkinspirations.fr\/wp-content\/uploads\/2013\/11\/P1060067-1024x768.jpg 1024w, https:\/\/patchworkinspirations.fr\/wp-content\/uploads\/2013\/11\/P1060067-400x300.jpg 400w, https:\/\/patchworkinspirations.fr\/wp-content\/uploads\/2013\/11\/P1060067.jpg 1200w\" sizes=\"auto, (max-width: 300px) 100vw, 300px\" \/><\/a><\/p>\n<p>Nous avons mis 6 mois pour le faire, sans compter le matelassage. Vous remarquerez que par rapport \u00e0 l&rsquo;original, j&rsquo;ai choisi des tissus japonais plus \u00ab\u00a0chauds\u00a0\u00bb.<\/p>\n<p><a href=\"http:\/\/patchworkinspirations.fr\/wp-content\/uploads\/2013\/11\/P1060069.jpg\"><img loading=\"lazy\" decoding=\"async\" src=\"http:\/\/patchworkinspirations.fr\/wp-content\/uploads\/2013\/11\/P1060069-300x225.jpg\" alt=\"P1060069\" width=\"300\" height=\"225\" class=\"alignnone size-medium wp-image-172\" srcset=\"https:\/\/patchworkinspirations.fr\/wp-content\/uploads\/2013\/11\/P1060069-300x225.jpg 300w, https:\/\/patchworkinspirations.fr\/wp-content\/uploads\/2013\/11\/P1060069-1024x768.jpg 1024w, https:\/\/patchworkinspirations.fr\/wp-content\/uploads\/2013\/11\/P1060069-400x300.jpg 400w, https:\/\/patchworkinspirations.fr\/wp-content\/uploads\/2013\/11\/P1060069.jpg 1200w\" sizes=\"auto, (max-width: 300px) 100vw, 300px\" \/><\/a><\/p>\n<p><a href=\"http:\/\/patchworkinspirations.fr\/wp-content\/uploads\/2013\/11\/P1060064.jpg\"><img loading=\"lazy\" decoding=\"async\" src=\"http:\/\/patchworkinspirations.fr\/wp-content\/uploads\/2013\/11\/P1060064-300x225.jpg\" alt=\"P1060064\" width=\"300\" height=\"225\" class=\"alignnone size-medium wp-image-166\" srcset=\"https:\/\/patchworkinspirations.fr\/wp-content\/uploads\/2013\/11\/P1060064-300x225.jpg 300w, https:\/\/patchworkinspirations.fr\/wp-content\/uploads\/2013\/11\/P1060064-1024x768.jpg 1024w, https:\/\/patchworkinspirations.fr\/wp-content\/uploads\/2013\/11\/P1060064-400x300.jpg 400w, https:\/\/patchworkinspirations.fr\/wp-content\/uploads\/2013\/11\/P1060064.jpg 1200w\" sizes=\"auto, (max-width: 300px) 100vw, 300px\" \/><\/a><\/p>\n<p>Il mesure 140 par 140 cm.<br \/>\nIl tr\u00f4ne \u00e0 pr\u00e9sent en bonne place dans notre cage d&rsquo;escaliers.<\/p>\n<p>Je vous remercie pour votre visite.<br \/>\nHappy Quilting !<br \/>\nC\u00e9cile<\/p>\n","protected":false},"excerpt":{"rendered":"<p>Bonjour ! Aujourd&rsquo;hui, je vous propose de nous projeter dans l&rsquo;univers du Japon. Lors d&rsquo;un salon de \u00ab\u00a0L&rsquo;Aiguille en F\u00eate\u00a0\u00bb \u00e0 Paris que toute quilteuse avertie connait ;), je suis tomb\u00e9e devant un kit trop mignon de Reiko Kato&#8230;.Comme \u00e0 &hellip; <a href=\"https:\/\/patchworkinspirations.fr\/?p=164\">Continuer la lecture <span class=\"meta-nav\">&rarr;<\/span><\/a><\/p>\n","protected":false},"author":1,"featured_media":0,"comment_status":"open","ping_status":"open","sticky":false,"template":"","format":"standard","meta":{"footnotes":""},"categories":[1],"tags":[],"class_list":["post-164","post","type-post","status-publish","format-standard","hentry","category-non-classe"],"_links":{"self":[{"href":"https:\/\/patchworkinspirations.fr\/index.php?rest_route=\/wp\/v2\/posts\/164","targetHints":{"allow":["GET"]}}],"collection":[{"href":"https:\/\/patchworkinspirations.fr\/index.php?rest_route=\/wp\/v2\/posts"}],"about":[{"href":"https:\/\/patchworkinspirations.fr\/index.php?rest_route=\/wp\/v2\/types\/post"}],"author":[{"embeddable":true,"href":"https:\/\/patchworkinspirations.fr\/index.php?rest_route=\/wp\/v2\/users\/1"}],"replies":[{"embeddable":true,"href":"https:\/\/patchworkinspirations.fr\/index.php?rest_route=%2Fwp%2Fv2%2Fcomments&post=164"}],"version-history":[{"count":19,"href":"https:\/\/patchworkinspirations.fr\/index.php?rest_route=\/wp\/v2\/posts\/164\/revisions"}],"predecessor-version":[{"id":191,"href":"https:\/\/patchworkinspirations.fr\/index.php?rest_route=\/wp\/v2\/posts\/164\/revisions\/191"}],"wp:attachment":[{"href":"https:\/\/patchworkinspirations.fr\/index.php?rest_route=%2Fwp%2Fv2%2Fmedia&parent=164"}],"wp:term":[{"taxonomy":"category","embeddable":true,"href":"https:\/\/patchworkinspirations.fr\/index.php?rest_route=%2Fwp%2Fv2%2Fcategories&post=164"},{"taxonomy":"post_tag","embeddable":true,"href":"https:\/\/patchworkinspirations.fr\/index.php?rest_route=%2Fwp%2Fv2%2Ftags&post=164"}],"curies":[{"name":"wp","href":"https:\/\/api.w.org\/{rel}","templated":true}]}}